{"id":4724,"date":"2025-12-07T09:36:12","date_gmt":"2025-12-07T08:36:12","guid":{"rendered":"https:\/\/teodorabcn.com\/?p=4724"},"modified":"2025-12-22T09:36:12","modified_gmt":"2025-12-22T08:36:12","slug":"muro-vegetal-estetica-y-frescura-en-vertical","status":"publish","type":"post","link":"https:\/\/teodorabcn.com\/ca\/muro-vegetal-estetica-y-frescura-en-vertical\/","title":{"rendered":"Mur vegetal: est\u00e8tica i frescura en vertical"},"content":{"rendered":"<p><span style=\"font-weight: 400;\">El disseny urb\u00e0 contemporani busca combinar <\/span><b>funcionalitat, connexi\u00f3 amb l'entorn i benestar visual.<\/b><span style=\"font-weight: 400;\"> Les fa\u00e7anes, jardins i terrasses es transformen en escenaris vius que aporten color i textura als espais arquitect\u00f2nics. Aquesta evoluci\u00f3 cap a una arquitectura m\u00e9s verda t\u00e9 un protagonista clar: <\/span><b>el mur vegetal.<\/b><\/p>\n<p><span style=\"font-weight: 400;\">M\u00e9s que una tend\u00e8ncia, es tracta d'una manera<\/span><b> d'integrar la natura <\/b><span style=\"font-weight: 400;\">en el disseny, aportar frescor, equilibri i sostenibilitat.<\/span><\/p>\n<p><span style=\"font-weight: 400;\">A <\/span><a href=\"https:\/\/teodorabcn.com\/ca\/\"><b>Teodora<\/b><\/a><span style=\"font-weight: 400;\">, amb \u00e0mplia traject\u00f2ria en <\/span><b>disseny i creaci\u00f3 d'espais exteriors<\/b><span style=\"font-weight: 400;\">, treballem amb solucions que milloren l'harmonia, el confort i la connexi\u00f3 amb la natura. A continuaci\u00f3, et comptem tots els secrets sobre el <\/span><b>mur verd<\/b><span style=\"font-weight: 400;\">.\u00a0<\/span><\/p>\n<h2><b>\u00bfQue \u00e9s un mur vegetal?<\/b><\/h2>\n<p><span style=\"font-weight: 400;\">\u00c9s una <\/span><b>estructura vertical que integra plantes vives sostingudes<\/b><span style=\"font-weight: 400;\"> per un sistema t\u00e8cnic que inclou suport, substrat o mitj\u00e0 de cultiu, reg i drenatge. La seva missi\u00f3 \u00e9s crear una <\/span><b>superf\u00edcie verda cont\u00ednua, estable i saludable<\/b><span style=\"font-weight: 400;\">, ja sigui interior o exterior.<\/span><\/p>\n<h3><b>Materials i sistemes m\u00e9s utilitzats<\/b><\/h3>\n<h4><b>Sistemes de suport<\/b><\/h4>\n<ul>\n<li style=\"font-weight: 400;\" aria-level=\"1\"><b>Panells modulars<\/b><span style=\"font-weight: 400;\"> de polipropil\u00e8 o alumini: faciliten el muntatge per trams, permeten el relleu de peces i agiliten reparacions.<\/span><\/li>\n<li style=\"font-weight: 400;\" aria-level=\"1\"><b>Sistemes de feltre t\u00e8cnic<\/b><span style=\"font-weight: 400;\"> (hidrop\u00f2nics): capes superposades que sostenen l'arrel i distribueixen l'aigua per capil\u00b7laritat.<\/span><\/li>\n<li style=\"font-weight: 400;\" aria-level=\"1\"><b>Jardineres apilades<\/b><span style=\"font-weight: 400;\"> (m\u00f2duls contenidors): allotgen substrat lleuger i permeten replantacions senzilles.<\/span><\/li>\n<\/ul>\n<h4><b>Mitjans de cultiu<\/b><\/h4>\n<ul>\n<li style=\"font-weight: 400;\" aria-level=\"1\"><b>Hidroponia<\/b><span style=\"font-weight: 400;\"> (sense terra): arrels en contacte amb feltres o escumes t\u00e8cniques; gran control d'aigua i nutrients.<\/span><\/li>\n<li style=\"font-weight: 400;\" aria-level=\"1\"><b>Substrats lleugers<\/b><span style=\"font-weight: 400;\">: barreja de fibra de coco, perlita i torba rossa, entre d'altres. Asseguren ventilaci\u00f3 i retenci\u00f3 h\u00eddrica.<\/span><\/li>\n<\/ul>\n<h4><b>Reg i drenatge<\/b><\/h4>\n<ul>\n<li style=\"font-weight: 400;\" aria-level=\"1\"><b>Degoteig integrat<\/b><span style=\"font-weight: 400;\"> amb goters autocompensants i l\u00ednia de fertirrigaci\u00f3 (aportaci\u00f3 de nutrients).<\/span><\/li>\n<\/ul>\n<p><img fetchpriority=\"high\" decoding=\"async\" class=\"alignnone wp-image-4725\" src=\"https:\/\/teodorabcn.com\/wp-content\/uploads\/2025\/12\/image1-300x169.png\" alt=\"\" width=\"694\" height=\"391\" srcset=\"https:\/\/teodorabcn.com\/wp-content\/uploads\/2025\/12\/image1-300x169.png 300w, https:\/\/teodorabcn.com\/wp-content\/uploads\/2025\/12\/image1-1024x576.png 1024w, https:\/\/teodorabcn.com\/wp-content\/uploads\/2025\/12\/image1-768x432.png 768w, https:\/\/teodorabcn.com\/wp-content\/uploads\/2025\/12\/image1-1536x864.png 1536w, https:\/\/teodorabcn.com\/wp-content\/uploads\/2025\/12\/image1-18x10.png 18w, https:\/\/teodorabcn.com\/wp-content\/uploads\/2025\/12\/image1-600x338.png 600w, https:\/\/teodorabcn.com\/wp-content\/uploads\/2025\/12\/image1.png 1920w\" sizes=\"(max-width: 694px) 100vw, 694px\" \/><\/p>\n<ul>\n<li style=\"font-weight: 400;\" aria-level=\"1\"><b>Sensors i automatitzaci\u00f3<\/b><span style=\"font-weight: 400;\">: programadors, v\u00e0lvules i, quan escau, sondes d'humitat.<\/span><\/li>\n<li style=\"font-weight: 400;\" aria-level=\"1\"><b>Safates o canaletes de recollida<\/b><span style=\"font-weight: 400;\">: condueixen l'excedent al desgu\u00e0s per evitar humitats als paraments.<\/span><\/li>\n<\/ul>\n<p><b>Quins beneficis porta col\u00b7locar un mur verd?<\/b><\/p>\n<p><span style=\"font-weight: 400;\">Un <\/span><b>mur verd<\/b><span style=\"font-weight: 400;\"> ben dissenyat aporta valor en tres plans: est\u00e8tic, ambiental i funcional i econ\u00f2mic.<\/span><\/p>\n<h3><b>Avantatges est\u00e8tics<\/b><\/h3>\n<ul>\n<li style=\"font-weight: 400;\" aria-level=\"1\"><span style=\"font-weight: 400;\">Aporta <\/span><b>frescor, color i textura<\/b><span style=\"font-weight: 400;\"> amb un llenguatge visual contemporani.<\/span><\/li>\n<li style=\"font-weight: 400;\" aria-level=\"1\"><span style=\"font-weight: 400;\">Encaixa a <\/span><b>fa\u00e7anes<\/b><span style=\"font-weight: 400;\">, <\/span><b>terrasses<\/b><span style=\"font-weight: 400;\"> i <\/span><b>jardins <\/b><span style=\"font-weight: 400;\">per crear fons verds d'alt impacte.<\/span><\/li>\n<li style=\"font-weight: 400;\" aria-level=\"1\"><span style=\"font-weight: 400;\">Permet composicions per capes, jocs de volums i floracions estacionals que donen vida a l\u2019arquitectura.<\/span><\/li>\n<\/ul>\n<h3><b>Avantatges ambientals<\/b><\/h3>\n<ul>\n<li style=\"font-weight: 400;\" aria-level=\"1\"><b>Millora la qualitat de l'aire<\/b><span style=\"font-weight: 400;\"> en copsar part\u00edcules en suspensi\u00f3 i generar oxigen.<\/span><\/li>\n<li style=\"font-weight: 400;\" aria-level=\"1\"><b>Redueix la calor<\/b><span style=\"font-weight: 400;\"> per evapotranspiraci\u00f3 i ombrejament i ajuda a mitigar l'efecte illa de calor a la ciutat.<\/span><\/li>\n<li style=\"font-weight: 400;\" aria-level=\"1\"><b>Atenua el soroll<\/b><span style=\"font-weight: 400;\"> en oferir superf\u00edcies absorbents.<\/span><\/li>\n<li style=\"font-weight: 400;\" aria-level=\"1\"><b>Fomenta la biodiversitat<\/b><span style=\"font-weight: 400;\">: atrau insectes pol\u00b7linitzadors i petits ocells, depenent d'esp\u00e8cies i ubicaci\u00f3.<\/span><\/li>\n<\/ul>\n<h3><b>Avantatges econ\u00f2mics i funcionals<\/b><\/h3>\n<ul>\n<li style=\"font-weight: 400;\" aria-level=\"1\"><b>A\u00efllament t\u00e8rmic i ac\u00fastic<\/b><span style=\"font-weight: 400;\"> complementari del tancament.<\/span><\/li>\n<li style=\"font-weight: 400;\" aria-level=\"1\"><b>Revaloraci\u00f3 de l\u2019immoble<\/b><span style=\"font-weight: 400;\">: un <\/span><b>mur verd<\/b><span style=\"font-weight: 400;\"> eleva la percepci\u00f3 de qualitat i cura del conjunt.<\/span><\/li>\n<li style=\"font-weight: 400;\" aria-level=\"1\"><b>Baix manteniment amb sistemes autom\u00e0tics<\/b><span style=\"font-weight: 400;\">: la tecnologia actual permet regs precisos, control d'abonament i revisions rutin\u00e0ries eficients.<\/span><\/li>\n<\/ul>\n<h4><a href=\"https:\/\/teodorabcn.com\/ca\/proyecto\/terraza-dalmases\/\"><b>Terrassa Dalmases<\/b><\/a><\/h4>\n<p><img decoding=\"async\" class=\"alignnone wp-image-4726\" src=\"https:\/\/teodorabcn.com\/wp-content\/uploads\/2025\/12\/image2-300x169.png\" alt=\"\" width=\"714\" height=\"402\" srcset=\"https:\/\/teodorabcn.com\/wp-content\/uploads\/2025\/12\/image2-300x169.png 300w, https:\/\/teodorabcn.com\/wp-content\/uploads\/2025\/12\/image2-1024x576.png 1024w, https:\/\/teodorabcn.com\/wp-content\/uploads\/2025\/12\/image2-768x432.png 768w, https:\/\/teodorabcn.com\/wp-content\/uploads\/2025\/12\/image2-1536x864.png 1536w, https:\/\/teodorabcn.com\/wp-content\/uploads\/2025\/12\/image2-18x10.png 18w, https:\/\/teodorabcn.com\/wp-content\/uploads\/2025\/12\/image2-600x338.png 600w, https:\/\/teodorabcn.com\/wp-content\/uploads\/2025\/12\/image2.png 1920w\" sizes=\"(max-width: 714px) 100vw, 714px\" \/><\/p>\n<p><span style=\"font-weight: 400;\">El <\/span><b>mur verd<\/b><span style=\"font-weight: 400;\"> d'aquest projecte actua com a columna vertebral del jard\u00ed, un tap\u00eds viu que recorre el per\u00edmetre i<\/span><b> suavitza els limits<\/b><span style=\"font-weight: 400;\"> amb la ciutat. Sobre la tanca enllistonada de fusta sint\u00e8tica es guien enfiladisses mediterr\u00e0nies que aporten <\/span><b>textura, ombra lleugera i una aroma agradable<\/b><span style=\"font-weight: 400;\"> al costat de la zona de menjador i la cuina exterior. La vegetaci\u00f3 perimetral dialoga amb els testos de fibra de ciment i la p\u00e8rgola de llistons, <\/span><b>integrant jard\u00ed, menjador i barbacoa <\/b><span style=\"font-weight: 400;\">en una composici\u00f3 coherent on el <\/span><b>mur verd<\/b><span style=\"font-weight: 400;\"> mur vegetal millora el confort ac\u00fastic i t\u00e8rmic, aporta privadesa i unifica el conjunt amb una imatge fresca i elegant.<\/span><\/p>\n<h2><b>Tipus de murs vegetals<\/b><\/h2>\n<p><span style=\"font-weight: 400;\">Podem diferenciar entre tres tipus:\u00a0<\/span><\/p>\n<h3><b>Naturals o vius<\/b><\/h3>\n<ul>\n<li style=\"font-weight: 400;\" aria-level=\"1\"><span style=\"font-weight: 400;\">Recomanats per a exteriors amb llum adequada o interiors amb il\u00b7luminaci\u00f3 t\u00e8cnica.<\/span><\/li>\n<li style=\"font-weight: 400;\" aria-level=\"1\"><span style=\"font-weight: 400;\">Inclou reg automatitzat i selecci\u00f3 d'esp\u00e8cies segons orientaci\u00f3 i clima.<\/span><\/li>\n<li style=\"font-weight: 400;\" aria-level=\"1\"><span style=\"font-weight: 400;\">Ofereixen la m\u00e0xima riquesa visual i beneficis bioclim\u00e0tics.<\/span><\/li>\n<\/ul>\n<h3><b>Artificials<\/b><\/h3>\n<ul>\n<li style=\"font-weight: 400;\" aria-level=\"1\"><span style=\"font-weight: 400;\">Ideals per a <\/span><b>interiors<\/b><span style=\"font-weight: 400;\"> amb poca llum o espais on la gesti\u00f3 d'aigua \u00e9s complexa.<\/span><\/li>\n<li style=\"font-weight: 400;\" aria-level=\"1\"><span style=\"font-weight: 400;\">Cura m\u00ednima: neteja espor\u00e0dica per retirar la pols.<\/span><\/li>\n<li style=\"font-weight: 400;\" aria-level=\"1\"><span style=\"font-weight: 400;\">Aporta uniformitat visual i resultats immediats.<\/span><\/li>\n<\/ul>\n<h3><b>Plantes liofilitzades<\/b><\/h3>\n<ul>\n<li style=\"font-weight: 400;\" aria-level=\"1\"><span style=\"font-weight: 400;\">Plantes naturals tractades per conservar-ne l'aspecte sense reg.<\/span><\/li>\n<li style=\"font-weight: 400;\" aria-level=\"1\"><span style=\"font-weight: 400;\">\u00das aconsellat a interiors representatius (recepcions, sales d'espera).<\/span><\/li>\n<li style=\"font-weight: 400;\" aria-level=\"1\"><span style=\"font-weight: 400;\">Mantenen la forma i el color durant llargs per\u00edodes amb manteniment molt senzill.<\/span><\/li>\n<\/ul>\n<h2><b>Quines plantes es poden posar en un mur verd?<\/b><\/h2>\n<p><span style=\"font-weight: 400;\">L'elecci\u00f3 dep\u00e8n de l'orientaci\u00f3, llum, vent, temperatura i estil. En climes mediterranis, conv\u00e9 combinar esp\u00e8cies <\/span><b>resistents<\/b><span style=\"font-weight: 400;\">, d' <\/span><b>arrel continguda<\/b><span style=\"font-weight: 400;\"> i <\/span><b>sota requeriment h\u00eddric<\/b><span style=\"font-weight: 400;\"> amb altres de fullatge decoratiu (a l'interior o zones arrecerades).<\/span><\/p>\n<h3><b>Per a exteriors assolellats (mediterrani)<\/b><\/h3>\n<ul>\n<li style=\"font-weight: 400;\" aria-level=\"1\"><b>Sedum<\/b><span style=\"font-weight: 400;\"> (diverses esp\u00e8cies): suculentes r\u00fastiques, perfectes per a capes altes i zones amb exposici\u00f3 intensa.<\/span><\/li>\n<li style=\"font-weight: 400;\" aria-level=\"1\"><b>Lavandula angustifolia<\/b><span style=\"font-weight: 400;\"> (lavanda): arom\u00e0tica, aporta color i aroma; bon comportament al sol.<\/span><\/li>\n<\/ul>\n<p><b>Rosmarinus officinalis prostratus<\/b><span style=\"font-weight: 400;\"> (romer rastrer): caiguda elegant i baix consum d'aigua.<\/span><\/p>\n<p><img decoding=\"async\" class=\"alignnone wp-image-4727\" src=\"https:\/\/teodorabcn.com\/wp-content\/uploads\/2025\/12\/image4-300x169.png\" alt=\"\" width=\"697\" height=\"393\" srcset=\"https:\/\/teodorabcn.com\/wp-content\/uploads\/2025\/12\/image4-300x169.png 300w, https:\/\/teodorabcn.com\/wp-content\/uploads\/2025\/12\/image4-1024x576.png 1024w, https:\/\/teodorabcn.com\/wp-content\/uploads\/2025\/12\/image4-768x432.png 768w, https:\/\/teodorabcn.com\/wp-content\/uploads\/2025\/12\/image4-1536x864.png 1536w, https:\/\/teodorabcn.com\/wp-content\/uploads\/2025\/12\/image4-18x10.png 18w, https:\/\/teodorabcn.com\/wp-content\/uploads\/2025\/12\/image4-600x338.png 600w, https:\/\/teodorabcn.com\/wp-content\/uploads\/2025\/12\/image4.png 1920w\" sizes=\"(max-width: 697px) 100vw, 697px\" \/><\/p>\n<ul>\n<li style=\"font-weight: 400;\" aria-level=\"1\"><b>Santolina chamaecyparissus<\/b><span style=\"font-weight: 400;\"> (santolina): fulla grisa, bon contrast crom\u00e0tic.<\/span><\/li>\n<li style=\"font-weight: 400;\" aria-level=\"1\"><span style=\"font-weight: 400;\"><b>Helichrysum italicum<\/b> (helichrysum): perfum agradable, fullatge platejat.<\/span><\/li>\n<\/ul>\n<p>&nbsp;<\/p>\n<p><img loading=\"lazy\" decoding=\"async\" class=\"alignnone wp-image-4728\" src=\"https:\/\/teodorabcn.com\/wp-content\/uploads\/2025\/12\/image6-300x169.png\" alt=\"\" width=\"698\" height=\"393\" srcset=\"https:\/\/teodorabcn.com\/wp-content\/uploads\/2025\/12\/image6-300x169.png 300w, https:\/\/teodorabcn.com\/wp-content\/uploads\/2025\/12\/image6-1024x576.png 1024w, https:\/\/teodorabcn.com\/wp-content\/uploads\/2025\/12\/image6-768x432.png 768w, https:\/\/teodorabcn.com\/wp-content\/uploads\/2025\/12\/image6-1536x864.png 1536w, https:\/\/teodorabcn.com\/wp-content\/uploads\/2025\/12\/image6-18x10.png 18w, https:\/\/teodorabcn.com\/wp-content\/uploads\/2025\/12\/image6-600x338.png 600w, https:\/\/teodorabcn.com\/wp-content\/uploads\/2025\/12\/image6.png 1920w\" sizes=\"(max-width: 698px) 100vw, 698px\" \/><\/p>\n<h3><b>Per a exteriors de semiombra<\/b><\/h3>\n<ul>\n<li style=\"font-weight: 400;\" aria-level=\"1\"><b>Hedera helix<\/b><span style=\"font-weight: 400;\"> (heura): persistent, cobridora, molt adaptable.<\/span><\/li>\n<li style=\"font-weight: 400;\" aria-level=\"1\"><b>Ficus pumila<\/b><span style=\"font-weight: 400;\">: enfiladora de fulla petita, genera tapissos densos.<\/span><\/li>\n<li style=\"font-weight: 400;\" aria-level=\"1\"><b>Falgueres<\/b><span style=\"font-weight: 400;\"> com <\/span><b>Asplenium<\/b><span style=\"font-weight: 400;\"> o <\/span><b>Nephrolepis<\/b><span style=\"font-weight: 400;\"> en zones protegides del vent.<\/span><\/li>\n<li style=\"font-weight: 400;\" aria-level=\"1\"><b>Liriope muscari<\/b><span style=\"font-weight: 400;\">: fulla lineal decorativa, molt resistent.<\/span><\/li>\n<\/ul>\n<h4><a href=\"https:\/\/teodorabcn.com\/ca\/proyecto\/terraza-major-de-sarria\/\"><b>Terrassa Major de Sarri\u00e0<\/b><\/a><\/h4>\n<p><img loading=\"lazy\" decoding=\"async\" class=\"alignnone wp-image-4729\" src=\"https:\/\/teodorabcn.com\/wp-content\/uploads\/2025\/12\/image5-300x169.png\" alt=\"\" width=\"698\" height=\"393\" srcset=\"https:\/\/teodorabcn.com\/wp-content\/uploads\/2025\/12\/image5-300x169.png 300w, https:\/\/teodorabcn.com\/wp-content\/uploads\/2025\/12\/image5-1024x576.png 1024w, https:\/\/teodorabcn.com\/wp-content\/uploads\/2025\/12\/image5-768x432.png 768w, https:\/\/teodorabcn.com\/wp-content\/uploads\/2025\/12\/image5-1536x864.png 1536w, https:\/\/teodorabcn.com\/wp-content\/uploads\/2025\/12\/image5-18x10.png 18w, https:\/\/teodorabcn.com\/wp-content\/uploads\/2025\/12\/image5-600x338.png 600w, https:\/\/teodorabcn.com\/wp-content\/uploads\/2025\/12\/image5.png 1920w\" sizes=\"(max-width: 698px) 100vw, 698px\" \/><\/p>\n<p><span style=\"font-weight: 400;\">Aquest <\/span><b>mur verd<\/b><span style=\"font-weight: 400;\"> es va decidir resoldre amb una <\/span><b>jardinera met\u00e0l\u00b7lica<\/b><span style=\"font-weight: 400;\"> correguda a dues altures que recorre tot el per\u00edmetre, combinant arbustos, enfiladisses i rastreres per crear una <\/span><b>franja verda densa i elegant<\/b><span style=\"font-weight: 400;\">. D'aquesta manera, es guanya privadesa, es suavitza el formig\u00f3 vist i s'enlla\u00e7a visualment l'habitatge amb el parc lim\u00edtrof, mentre la p\u00e8rgola de llistons i els llums de rotang reforcen una atmosfera c\u00e0lida sobre el menjador i el chill out. <\/span><b>La il\u00b7luminaci\u00f3 LED perimetral i els punts d'accent <\/b><span style=\"font-weight: 400;\">sobre la plantaci\u00f3 prolonguen la lectura del <\/span><b>mur verd<\/b><span style=\"font-weight: 400;\"> a la nit, amplien la sensaci\u00f3 d'amplitud i unifiquen el conjunt amb el paviment porcell\u00e0nic amb to ciment.<\/span><\/p>\n<h2><b>Qu\u00e8 cal per fer un mur verd?<\/b><\/h2>\n<p><span style=\"font-weight: 400;\">Un mur verd de llarga durada es basa en una <\/span><b>bona planificaci\u00f3: <\/b><span style=\"font-weight: 400;\">l'an\u00e0lisi del lloc, l'elecci\u00f3 de les esp\u00e8cies i un sistema hidr\u00e0ulic fiable. El disseny comen\u00e7a amb un <\/span><b>estudi <\/b><span style=\"font-weight: 400;\">de l'orientaci\u00f3, la llum disponible real i l'exposici\u00f3 al vent i a la humitat.\u00a0<\/span><\/p>\n<p><span style=\"font-weight: 400;\">A continuaci\u00f3, es defineix la <\/span><b>paleta bot\u00e0nica<\/b><span style=\"font-weight: 400;\"> segons la llum, l'aigua, la temperatura i l'estil, organitzant la composici\u00f3 en capes (plantes penjants a les vores, plantes estructurals a la zona central, plantes cobregrafs) i incorporant inter\u00e8s estacional a trav\u00e9s de la floraci\u00f3, els canvis de color i les aromes. A nivell de construcci\u00f3, es seleccionen <\/span><b>panells modulars o feltre hidrop\u00f2nic<\/b><span style=\"font-weight: 400;\"> en funci\u00f3 de l'accessibilitat i el pes, es calculen les c\u00e0rregues del muntatge i, si cal, s'aporta una barrera de vapor per evitar la condensaci\u00f3.<\/span><\/p>\n<p><span style=\"font-weight: 400;\">El <\/span><b>reg i el drenatge <\/b><span style=\"font-weight: 400;\">s\u00f3n fonamentals: es recomana un reg per degoteig autoequilibrant amb una l\u00ednia de fertilitzaci\u00f3 i v\u00e0lvules de retenci\u00f3. El sistema ha d'incloure <\/span><b>canalons i un punt segur per drenar<\/b><span style=\"font-weight: 400;\"> l'aigua sobrant, aix\u00ed com arquetes d'inspecci\u00f3 accessibles per comprovar les v\u00e0lvules i els filtres. \u00c9s aconsellable marcar les claus d'aigua i electricitat i considerar la il\u00b7luminaci\u00f3 arquitect\u00f2nica per real\u00e7ar el mur verd amb un baix consum d'energia.<\/span><\/p>\n<p><span style=\"font-weight: 400;\">El manteniment es basa en<\/span><b> la poda regular <\/b><span style=\"font-weight: 400;\">per mantenir el volum i estimular el rebrot, la neteja de fulles i l'eliminaci\u00f3 de material sec. Es fan inspeccions per detectar plagues o fongs a temps i aplicar tractaments selectius. Cada mes es revisa la programaci\u00f3 i el cabal, es netegen filtres i se'n comprova l'estanquitat, ajustant el reg segons l'estaci\u00f3. Amb el temps, es <\/span><b>substitueixen <\/b><span style=\"font-weight: 400;\">exemplars amb poc vigor per mantenir densitat i s'actualitzen esp\u00e8cies si canvien les condicions de llum.<\/span><\/p>\n<h2><b>Quant dura una paret verda?<\/b><\/h2>\n<p><span style=\"font-weight: 400;\">Un <\/span><b>paret verda viva<\/b><span style=\"font-weight: 400;\"> dissenyada i mantinguda correctament pot durar entre <\/span><b>10 i 20 anys<\/b><span style=\"font-weight: 400;\"> (o m\u00e9s). L'estructura i els panells solen durar <\/span><b>15 i 25 anys<\/b><span style=\"font-weight: 400;\">, mentre que el sistema de reg i drenatge requereix revisions ocasionals i algunes peces de recanvi. Les plantes tenen cicles diferents: \u00e9s normal renovar <\/span><b>un 5 i un 10 % anualmente<\/b><span style=\"font-weight: 400;\"> per mantenir la densitat i el vigor, especialment a les zones molt assolellades o exposades al vent.\u00a0<\/span><\/p>\n<h2><b>On el disseny es troba amb la natura<\/b><\/h2>\n<p><span style=\"font-weight: 400;\">Un <\/span><b>mur verd<\/b><span style=\"font-weight: 400;\"> \u00e9s una inversi\u00f3 en est\u00e8tica, salut mediambiental i valor de la propietat. Si busqueu un resultat durador, confieu el disseny a professionals que analitzaran el vostre espai, triaran la paleta bot\u00e0nica ideal i combinar\u00e0n la tecnologia de reg amb una execuci\u00f3 impecable. A <\/span><b>Teodora<\/b><span style=\"font-weight: 400;\"> us acompanyem en <\/span><b>projectes d'exterior a mida<\/b><span style=\"font-weight: 400;\">, des del concepte fins a la lliuraci\u00f3, per crear una <\/span><b>mur verd<\/b><span style=\"font-weight: 400;\"> que funcioni i de la qual pugueu gaudir des del primer dia.<\/span><\/p>\n<p><a href=\"https:\/\/teodorabcn.com\/ca\/contacto\/\"><b>Parlem-ne?<\/b><\/a><span style=\"font-weight: 400;\"> Contacta amb el nostre equip perqu\u00e8 puguem comen\u00e7ar a treballar junts i crear un<\/span><b> mur verd<\/b><span style=\"font-weight: 400;\"> que s'adapti perfectament al teu espai.\u00a0<\/span><\/p>","protected":false},"excerpt":{"rendered":"<p>El dise\u00f1o urbano contempor\u00e1neo busca combinar funcionalidad, conexi\u00f3n con el entorno y bienestar visual. Las fachadas, jardines y terrazas se transforman en escenarios vivos que aportan color y textura a los espacios arquitect\u00f3nicos. Esta evoluci\u00f3n hacia una arquitectura m\u00e1s verde tiene un protagonista claro: el muro vegetal. M\u00e1s que una tendencia, se trata de una [&hellip;]<\/p>","protected":false},"author":8,"featured_media":4730,"comment_status":"closed","ping_status":"closed","sticky":false,"template":"","format":"standard","meta":{"footnotes":""},"categories":[1],"tags":[],"class_list":["post-4724","post","type-post","status-publish","format-standard","has-post-thumbnail","hentry","category-sin-categorizar"],"yoast_head":"<!-- This site is optimized with the Yoast SEO plugin v26.6 - https:\/\/yoast.com\/wordpress\/plugins\/seo\/ -->\n<title>Muro vegetal: est\u00e9tica y frescura en vertical - Teodora<\/title>\n<meta name=\"description\" content=\"Transforma tu espacio con un muro vegetal: dise\u00f1o, frescura y sostenibilidad en fachadas, terrazas y jardines.\" \/>\n<meta name=\"robots\" content=\"index, follow, max-snippet:-1, max-image-preview:large, max-video-preview:-1\" \/>\n<link rel=\"canonical\" href=\"https:\/\/teodorabcn.com\/ca\/muro-vegetal-estetica-y-frescura-en-vertical\/\" \/>\n<meta property=\"og:locale\" content=\"ca_ES\" \/>\n<meta property=\"og:type\" content=\"article\" \/>\n<meta property=\"og:title\" content=\"Muro vegetal: est\u00e9tica y frescura en vertical - Teodora\" \/>\n<meta property=\"og:description\" content=\"Transforma tu espacio con un muro vegetal: dise\u00f1o, frescura y sostenibilidad en fachadas, terrazas y jardines.\" \/>\n<meta property=\"og:url\" content=\"https:\/\/teodorabcn.com\/ca\/muro-vegetal-estetica-y-frescura-en-vertical\/\" \/>\n<meta property=\"og:site_name\" content=\"Teodora\" \/>\n<meta property=\"article:publisher\" content=\"https:\/\/www.facebook.com\/profile.php?id=61550838347854\" \/>\n<meta property=\"article:published_time\" content=\"2025-12-07T08:36:12+00:00\" \/>\n<meta property=\"article:modified_time\" content=\"2025-12-22T08:36:12+00:00\" \/>\n<meta property=\"og:image\" content=\"https:\/\/teodorabcn.com\/wp-content\/uploads\/2025\/12\/image3-1024x576.png\" \/>\n\t<meta property=\"og:image:width\" content=\"1024\" \/>\n\t<meta property=\"og:image:height\" content=\"576\" \/>\n\t<meta property=\"og:image:type\" content=\"image\/png\" \/>\n<meta name=\"author\" content=\"Fanny\" \/>\n<meta name=\"twitter:card\" content=\"summary_large_image\" \/>\n<meta name=\"twitter:label1\" content=\"Escrit per\" \/>\n\t<meta name=\"twitter:data1\" content=\"Fanny\" \/>\n\t<meta name=\"twitter:label2\" content=\"Temps estimat de lectura\" \/>\n\t<meta name=\"twitter:data2\" content=\"8 minuts\" \/>\n<script type=\"application\/ld+json\" class=\"yoast-schema-graph\">{\"@context\":\"https:\/\/schema.org\",\"@graph\":[{\"@type\":\"Article\",\"@id\":\"https:\/\/teodorabcn.com\/muro-vegetal-estetica-y-frescura-en-vertical\/#article\",\"isPartOf\":{\"@id\":\"https:\/\/teodorabcn.com\/muro-vegetal-estetica-y-frescura-en-vertical\/\"},\"author\":{\"name\":\"Fanny\",\"@id\":\"https:\/\/teodorabcn.com\/#\/schema\/person\/51ee1cdbdf5319b306e7bd9a93f57629\"},\"headline\":\"Muro vegetal: est\u00e9tica y frescura en vertical\",\"datePublished\":\"2025-12-07T08:36:12+00:00\",\"dateModified\":\"2025-12-22T08:36:12+00:00\",\"mainEntityOfPage\":{\"@id\":\"https:\/\/teodorabcn.com\/muro-vegetal-estetica-y-frescura-en-vertical\/\"},\"wordCount\":1496,\"publisher\":{\"@id\":\"https:\/\/teodorabcn.com\/#organization\"},\"image\":{\"@id\":\"https:\/\/teodorabcn.com\/muro-vegetal-estetica-y-frescura-en-vertical\/#primaryimage\"},\"thumbnailUrl\":\"https:\/\/teodorabcn.com\/wp-content\/uploads\/2025\/12\/image3.png\",\"articleSection\":[\"Sin categorizar\"],\"inLanguage\":\"ca\"},{\"@type\":\"WebPage\",\"@id\":\"https:\/\/teodorabcn.com\/muro-vegetal-estetica-y-frescura-en-vertical\/\",\"url\":\"https:\/\/teodorabcn.com\/muro-vegetal-estetica-y-frescura-en-vertical\/\",\"name\":\"Muro vegetal: est\u00e9tica y frescura en vertical - Teodora\",\"isPartOf\":{\"@id\":\"https:\/\/teodorabcn.com\/#website\"},\"primaryImageOfPage\":{\"@id\":\"https:\/\/teodorabcn.com\/muro-vegetal-estetica-y-frescura-en-vertical\/#primaryimage\"},\"image\":{\"@id\":\"https:\/\/teodorabcn.com\/muro-vegetal-estetica-y-frescura-en-vertical\/#primaryimage\"},\"thumbnailUrl\":\"https:\/\/teodorabcn.com\/wp-content\/uploads\/2025\/12\/image3.png\",\"datePublished\":\"2025-12-07T08:36:12+00:00\",\"dateModified\":\"2025-12-22T08:36:12+00:00\",\"description\":\"Transforma tu espacio con un muro vegetal: dise\u00f1o, frescura y sostenibilidad en fachadas, terrazas y jardines.\",\"breadcrumb\":{\"@id\":\"https:\/\/teodorabcn.com\/muro-vegetal-estetica-y-frescura-en-vertical\/#breadcrumb\"},\"inLanguage\":\"ca\",\"potentialAction\":[{\"@type\":\"ReadAction\",\"target\":[\"https:\/\/teodorabcn.com\/muro-vegetal-estetica-y-frescura-en-vertical\/\"]}]},{\"@type\":\"ImageObject\",\"inLanguage\":\"ca\",\"@id\":\"https:\/\/teodorabcn.com\/muro-vegetal-estetica-y-frescura-en-vertical\/#primaryimage\",\"url\":\"https:\/\/teodorabcn.com\/wp-content\/uploads\/2025\/12\/image3.png\",\"contentUrl\":\"https:\/\/teodorabcn.com\/wp-content\/uploads\/2025\/12\/image3.png\",\"width\":1920,\"height\":1080},{\"@type\":\"BreadcrumbList\",\"@id\":\"https:\/\/teodorabcn.com\/muro-vegetal-estetica-y-frescura-en-vertical\/#breadcrumb\",\"itemListElement\":[{\"@type\":\"ListItem\",\"position\":1,\"name\":\"Portada\",\"item\":\"https:\/\/teodorabcn.com\/\"},{\"@type\":\"ListItem\",\"position\":2,\"name\":\"Muro vegetal: est\u00e9tica y frescura en vertical\"}]},{\"@type\":\"WebSite\",\"@id\":\"https:\/\/teodorabcn.com\/#website\",\"url\":\"https:\/\/teodorabcn.com\/\",\"name\":\"Teodora Exteriorismo\",\"description\":\"Creamos terrazas y jardines con car\u00e1cter.\",\"publisher\":{\"@id\":\"https:\/\/teodorabcn.com\/#organization\"},\"alternateName\":\"Teodora\",\"potentialAction\":[{\"@type\":\"SearchAction\",\"target\":{\"@type\":\"EntryPoint\",\"urlTemplate\":\"https:\/\/teodorabcn.com\/?s={search_term_string}\"},\"query-input\":{\"@type\":\"PropertyValueSpecification\",\"valueRequired\":true,\"valueName\":\"search_term_string\"}}],\"inLanguage\":\"ca\"},{\"@type\":\"Organization\",\"@id\":\"https:\/\/teodorabcn.com\/#organization\",\"name\":\"Teodora Exteriorismo\",\"alternateName\":\"Teodora\",\"url\":\"https:\/\/teodorabcn.com\/\",\"logo\":{\"@type\":\"ImageObject\",\"inLanguage\":\"ca\",\"@id\":\"https:\/\/teodorabcn.com\/#\/schema\/logo\/image\/\",\"url\":\"https:\/\/teodorabcn.com\/wp-content\/uploads\/2023\/10\/Teodora_logo-_EXT-Ok-ESP-e1706538305612.jpg\",\"contentUrl\":\"https:\/\/teodorabcn.com\/wp-content\/uploads\/2023\/10\/Teodora_logo-_EXT-Ok-ESP-e1706538305612.jpg\",\"width\":1540,\"height\":573,\"caption\":\"Teodora Exteriorismo\"},\"image\":{\"@id\":\"https:\/\/teodorabcn.com\/#\/schema\/logo\/image\/\"},\"sameAs\":[\"https:\/\/www.facebook.com\/profile.php?id=61550838347854\",\"https:\/\/www.instagram.com\/teodora.exteriorismo\/?hl=es\",\"https:\/\/www.pinterest.es\/teodora_exteriorismo\/\",\"https:\/\/www.linkedin.com\/company\/teodora-bcn-exteriorismo\/\"]},{\"@type\":\"Person\",\"@id\":\"https:\/\/teodorabcn.com\/#\/schema\/person\/51ee1cdbdf5319b306e7bd9a93f57629\",\"name\":\"Fanny\",\"image\":{\"@type\":\"ImageObject\",\"inLanguage\":\"ca\",\"@id\":\"https:\/\/teodorabcn.com\/#\/schema\/person\/image\/\",\"url\":\"https:\/\/secure.gravatar.com\/avatar\/db009b4608aefdd5a3592f6a3ea43b35edbf6cb312d1076236cc6e7b974f831a?s=96&d=mm&r=g\",\"contentUrl\":\"https:\/\/secure.gravatar.com\/avatar\/db009b4608aefdd5a3592f6a3ea43b35edbf6cb312d1076236cc6e7b974f831a?s=96&d=mm&r=g\",\"caption\":\"Fanny\"},\"url\":\"https:\/\/teodorabcn.com\/ca\/author\/fanny\/\"}]}<\/script>\n<!-- \/ Yoast SEO plugin. -->","yoast_head_json":{"title":"Muro vegetal: est\u00e9tica y frescura en vertical - Teodora","description":"Transforma tu espacio con un muro vegetal: dise\u00f1o, frescura y sostenibilidad en fachadas, terrazas y jardines.","robots":{"index":"index","follow":"follow","max-snippet":"max-snippet:-1","max-image-preview":"max-image-preview:large","max-video-preview":"max-video-preview:-1"},"canonical":"https:\/\/teodorabcn.com\/ca\/muro-vegetal-estetica-y-frescura-en-vertical\/","og_locale":"ca_ES","og_type":"article","og_title":"Muro vegetal: est\u00e9tica y frescura en vertical - Teodora","og_description":"Transforma tu espacio con un muro vegetal: dise\u00f1o, frescura y sostenibilidad en fachadas, terrazas y jardines.","og_url":"https:\/\/teodorabcn.com\/ca\/muro-vegetal-estetica-y-frescura-en-vertical\/","og_site_name":"Teodora","article_publisher":"https:\/\/www.facebook.com\/profile.php?id=61550838347854","article_published_time":"2025-12-07T08:36:12+00:00","article_modified_time":"2025-12-22T08:36:12+00:00","og_image":[{"width":1024,"height":576,"url":"https:\/\/teodorabcn.com\/wp-content\/uploads\/2025\/12\/image3-1024x576.png","type":"image\/png"}],"author":"Fanny","twitter_card":"summary_large_image","twitter_misc":{"Escrit per":"Fanny","Temps estimat de lectura":"8 minuts"},"schema":{"@context":"https:\/\/schema.org","@graph":[{"@type":"Article","@id":"https:\/\/teodorabcn.com\/muro-vegetal-estetica-y-frescura-en-vertical\/#article","isPartOf":{"@id":"https:\/\/teodorabcn.com\/muro-vegetal-estetica-y-frescura-en-vertical\/"},"author":{"name":"Fanny","@id":"https:\/\/teodorabcn.com\/#\/schema\/person\/51ee1cdbdf5319b306e7bd9a93f57629"},"headline":"Muro vegetal: est\u00e9tica y frescura en vertical","datePublished":"2025-12-07T08:36:12+00:00","dateModified":"2025-12-22T08:36:12+00:00","mainEntityOfPage":{"@id":"https:\/\/teodorabcn.com\/muro-vegetal-estetica-y-frescura-en-vertical\/"},"wordCount":1496,"publisher":{"@id":"https:\/\/teodorabcn.com\/#organization"},"image":{"@id":"https:\/\/teodorabcn.com\/muro-vegetal-estetica-y-frescura-en-vertical\/#primaryimage"},"thumbnailUrl":"https:\/\/teodorabcn.com\/wp-content\/uploads\/2025\/12\/image3.png","articleSection":["Sin categorizar"],"inLanguage":"ca"},{"@type":"WebPage","@id":"https:\/\/teodorabcn.com\/muro-vegetal-estetica-y-frescura-en-vertical\/","url":"https:\/\/teodorabcn.com\/muro-vegetal-estetica-y-frescura-en-vertical\/","name":"Muro vegetal: est\u00e9tica y frescura en vertical - Teodora","isPartOf":{"@id":"https:\/\/teodorabcn.com\/#website"},"primaryImageOfPage":{"@id":"https:\/\/teodorabcn.com\/muro-vegetal-estetica-y-frescura-en-vertical\/#primaryimage"},"image":{"@id":"https:\/\/teodorabcn.com\/muro-vegetal-estetica-y-frescura-en-vertical\/#primaryimage"},"thumbnailUrl":"https:\/\/teodorabcn.com\/wp-content\/uploads\/2025\/12\/image3.png","datePublished":"2025-12-07T08:36:12+00:00","dateModified":"2025-12-22T08:36:12+00:00","description":"Transforma tu espacio con un muro vegetal: dise\u00f1o, frescura y sostenibilidad en fachadas, terrazas y jardines.","breadcrumb":{"@id":"https:\/\/teodorabcn.com\/muro-vegetal-estetica-y-frescura-en-vertical\/#breadcrumb"},"inLanguage":"ca","potentialAction":[{"@type":"ReadAction","target":["https:\/\/teodorabcn.com\/muro-vegetal-estetica-y-frescura-en-vertical\/"]}]},{"@type":"ImageObject","inLanguage":"ca","@id":"https:\/\/teodorabcn.com\/muro-vegetal-estetica-y-frescura-en-vertical\/#primaryimage","url":"https:\/\/teodorabcn.com\/wp-content\/uploads\/2025\/12\/image3.png","contentUrl":"https:\/\/teodorabcn.com\/wp-content\/uploads\/2025\/12\/image3.png","width":1920,"height":1080},{"@type":"BreadcrumbList","@id":"https:\/\/teodorabcn.com\/muro-vegetal-estetica-y-frescura-en-vertical\/#breadcrumb","itemListElement":[{"@type":"ListItem","position":1,"name":"Portada","item":"https:\/\/teodorabcn.com\/"},{"@type":"ListItem","position":2,"name":"Muro vegetal: est\u00e9tica y frescura en vertical"}]},{"@type":"WebSite","@id":"https:\/\/teodorabcn.com\/#website","url":"https:\/\/teodorabcn.com\/","name":"Teodora Exteriorisme","description":"Creamos terrazas y jardines con car\u00e1cter.","publisher":{"@id":"https:\/\/teodorabcn.com\/#organization"},"alternateName":"Teodora","potentialAction":[{"@type":"SearchAction","target":{"@type":"EntryPoint","urlTemplate":"https:\/\/teodorabcn.com\/?s={search_term_string}"},"query-input":{"@type":"PropertyValueSpecification","valueRequired":true,"valueName":"search_term_string"}}],"inLanguage":"ca"},{"@type":"Organization","@id":"https:\/\/teodorabcn.com\/#organization","name":"Teodora Exteriorisme","alternateName":"Teodora","url":"https:\/\/teodorabcn.com\/","logo":{"@type":"ImageObject","inLanguage":"ca","@id":"https:\/\/teodorabcn.com\/#\/schema\/logo\/image\/","url":"https:\/\/teodorabcn.com\/wp-content\/uploads\/2023\/10\/Teodora_logo-_EXT-Ok-ESP-e1706538305612.jpg","contentUrl":"https:\/\/teodorabcn.com\/wp-content\/uploads\/2023\/10\/Teodora_logo-_EXT-Ok-ESP-e1706538305612.jpg","width":1540,"height":573,"caption":"Teodora Exteriorismo"},"image":{"@id":"https:\/\/teodorabcn.com\/#\/schema\/logo\/image\/"},"sameAs":["https:\/\/www.facebook.com\/profile.php?id=61550838347854","https:\/\/www.instagram.com\/teodora.exteriorismo\/?hl=es","https:\/\/www.pinterest.es\/teodora_exteriorismo\/","https:\/\/www.linkedin.com\/company\/teodora-bcn-exteriorismo\/"]},{"@type":"Person","@id":"https:\/\/teodorabcn.com\/#\/schema\/person\/51ee1cdbdf5319b306e7bd9a93f57629","name":"Fanny","image":{"@type":"ImageObject","inLanguage":"ca","@id":"https:\/\/teodorabcn.com\/#\/schema\/person\/image\/","url":"https:\/\/secure.gravatar.com\/avatar\/db009b4608aefdd5a3592f6a3ea43b35edbf6cb312d1076236cc6e7b974f831a?s=96&d=mm&r=g","contentUrl":"https:\/\/secure.gravatar.com\/avatar\/db009b4608aefdd5a3592f6a3ea43b35edbf6cb312d1076236cc6e7b974f831a?s=96&d=mm&r=g","caption":"Fanny"},"url":"https:\/\/teodorabcn.com\/ca\/author\/fanny\/"}]}},"_links":{"self":[{"href":"https:\/\/teodorabcn.com\/ca\/wp-json\/wp\/v2\/posts\/4724","targetHints":{"allow":["GET"]}}],"collection":[{"href":"https:\/\/teodorabcn.com\/ca\/wp-json\/wp\/v2\/posts"}],"about":[{"href":"https:\/\/teodorabcn.com\/ca\/wp-json\/wp\/v2\/types\/post"}],"author":[{"embeddable":true,"href":"https:\/\/teodorabcn.com\/ca\/wp-json\/wp\/v2\/users\/8"}],"replies":[{"embeddable":true,"href":"https:\/\/teodorabcn.com\/ca\/wp-json\/wp\/v2\/comments?post=4724"}],"version-history":[{"count":6,"href":"https:\/\/teodorabcn.com\/ca\/wp-json\/wp\/v2\/posts\/4724\/revisions"}],"predecessor-version":[{"id":4761,"href":"https:\/\/teodorabcn.com\/ca\/wp-json\/wp\/v2\/posts\/4724\/revisions\/4761"}],"wp:featuredmedia":[{"embeddable":true,"href":"https:\/\/teodorabcn.com\/ca\/wp-json\/wp\/v2\/media\/4730"}],"wp:attachment":[{"href":"https:\/\/teodorabcn.com\/ca\/wp-json\/wp\/v2\/media?parent=4724"}],"wp:term":[{"taxonomy":"category","embeddable":true,"href":"https:\/\/teodorabcn.com\/ca\/wp-json\/wp\/v2\/categories?post=4724"},{"taxonomy":"post_tag","embeddable":true,"href":"https:\/\/teodorabcn.com\/ca\/wp-json\/wp\/v2\/tags?post=4724"}],"curies":[{"name":"wp","href":"https:\/\/api.w.org\/{rel}","templated":true}]}}