{"id":4632,"date":"2025-10-20T09:04:18","date_gmt":"2025-10-20T07:04:18","guid":{"rendered":"https:\/\/teodorabcn.com\/?p=4632"},"modified":"2025-12-22T09:36:35","modified_gmt":"2025-12-22T08:36:35","slug":"descubre-los-tipos-de-cesped-y-transforma-tu-espacio-exterior","status":"publish","type":"post","link":"https:\/\/teodorabcn.com\/ca\/descubre-los-tipos-de-cesped-y-transforma-tu-espacio-exterior\/","title":{"rendered":"Descobreix els tipus de gespa i transforma el teu espai exterior"},"content":{"rendered":"<p><span style=\"font-weight: 400;\">Tenir un espai verd a casa suposa gaudir d\u00b4un rac\u00f3 propi per relaxar-se<\/span><i><span style=\"font-weight: 400;\">, <\/span><\/i><span style=\"font-weight: 400;\">compartir amb la fam\u00edlia o simplement desconnectar del ritme urb\u00e0. En el disseny<\/span><b> i la creaci\u00f3 d'espais exteriors, terrasses i jardins<\/b><span style=\"font-weight: 400;\">, cada elecci\u00f3 \u00e9s determinant per al resultat final. Entre totes, la selecci\u00f3 de la gespa \u00e9s una de les m\u00e9s influents. Per aix\u00f2, con\u00e8ixer els diferents <\/span><b>tipus de gespa<\/b><span style=\"font-weight: 400;\"> t'ajudar\u00e0 a escollir el que millor s'adapti a les condicions del teu projecte i a les necessitats dels qui el gaudiran.\u00a0<\/span><\/p>\n<p><span style=\"font-weight: 400;\">Per fer-ho, pots comptar amb l'ajuda de <\/span><b>Teodora<\/b><span style=\"font-weight: 400;\">: ens encarreguem de transformar el teu espai en un veritable <\/span><b>oasi verd<\/b><span style=\"font-weight: 400;\"> perqu\u00e8 puguis gaudir de cada moment a l'aire lliure. Avui, t'expliquem de manera detallada sobre les varietats de gespa m\u00e9s habituals, les caracter\u00edstiques i els factors clau d'elecci\u00f3.<\/span><\/p>\n<h2><b>Quins tipus de gespa hi ha?<\/b><\/h2>\n<p><span style=\"font-weight: 400;\">Hi ha m\u00faltiples varietats, cadascuna amb propietats quant a resist\u00e8ncia, consum d'aigua, manteniment o est\u00e8tica.\u00a0<\/span><\/p>\n<h3><b>Gespa d'alt manteniment<\/b><\/h3>\n<p><img fetchpriority=\"high\" decoding=\"async\" class=\"alignnone wp-image-4634\" src=\"https:\/\/teodorabcn.com\/wp-content\/uploads\/2025\/10\/image2-300x169.png\" alt=\"Tipos de cesped\" width=\"754\" height=\"425\" srcset=\"https:\/\/teodorabcn.com\/wp-content\/uploads\/2025\/10\/image2-300x169.png 300w, https:\/\/teodorabcn.com\/wp-content\/uploads\/2025\/10\/image2-1024x576.png 1024w, https:\/\/teodorabcn.com\/wp-content\/uploads\/2025\/10\/image2-768x432.png 768w, https:\/\/teodorabcn.com\/wp-content\/uploads\/2025\/10\/image2-1536x864.png 1536w, https:\/\/teodorabcn.com\/wp-content\/uploads\/2025\/10\/image2-18x10.png 18w, https:\/\/teodorabcn.com\/wp-content\/uploads\/2025\/10\/image2-600x338.png 600w, https:\/\/teodorabcn.com\/wp-content\/uploads\/2025\/10\/image2.png 1920w\" sizes=\"(max-width: 754px) 100vw, 754px\" \/><\/p>\n<p><span style=\"font-weight: 400;\">Entre les esp\u00e8cies m\u00e9s utilitzades es troben la <\/span><b>gespa anglesa<\/b><span style=\"font-weight: 400;\"> amb barreges de <\/span><b>ray grass, festuca fina i agrostis<\/b><span style=\"font-weight: 400;\">. El color intens i la textura el fan un dels tipus de gespa m\u00e9s escollits.<\/span><\/p>\n<p><span style=\"font-weight: 400;\">Tot i aix\u00f2, exigeix \u200b\u200buna <\/span><b>dedicaci\u00f3 constant<\/b><span style=\"font-weight: 400;\">: regs freq\u00fcents, talls regulars i abonats espec\u00edfics. Es recomana en projectes on la prioritat sigui l'est\u00e8tica i el disseny, com ara jardins de representaci\u00f3 o zones d'exposici\u00f3.<\/span><\/p>\n<h3><b>Gespa resistent<\/b><\/h3>\n<p><img decoding=\"async\" class=\"alignnone wp-image-4635\" src=\"https:\/\/teodorabcn.com\/wp-content\/uploads\/2025\/10\/image7-300x169.png\" alt=\"Tipos de cesped\" width=\"749\" height=\"422\" srcset=\"https:\/\/teodorabcn.com\/wp-content\/uploads\/2025\/10\/image7-300x169.png 300w, https:\/\/teodorabcn.com\/wp-content\/uploads\/2025\/10\/image7-1024x576.png 1024w, https:\/\/teodorabcn.com\/wp-content\/uploads\/2025\/10\/image7-768x432.png 768w, https:\/\/teodorabcn.com\/wp-content\/uploads\/2025\/10\/image7-1536x864.png 1536w, https:\/\/teodorabcn.com\/wp-content\/uploads\/2025\/10\/image7-18x10.png 18w, https:\/\/teodorabcn.com\/wp-content\/uploads\/2025\/10\/image7-600x338.png 600w, https:\/\/teodorabcn.com\/wp-content\/uploads\/2025\/10\/image7.png 1920w\" sizes=\"(max-width: 749px) 100vw, 749px\" \/><\/p>\n<p><span style=\"font-weight: 400;\">Les varietats com la <\/span><b>Bermuda<\/b><span style=\"font-weight: 400;\"> o la <\/span><b>festuca arundinacea<\/b><span style=\"font-weight: 400;\"> estan pensades per a jardins amb \u00fas intensiu. S'adapten b\u00e9 a zones de molt de tr\u00e0nsit, suporten petjades freq\u00fcents i resisteixen tant la calor com la sequera. Per aquest motiu s\u00f3n molt comuns a <\/span><b>jardins familiars, parcs i espais esportius<\/b><span style=\"font-weight: 400;\">.<\/span><\/p>\n<p><span style=\"font-weight: 400;\">La seva textura \u00e9s una mica m\u00e9s gruixuda que la de les gespes ornamentals, per\u00f2 a canvi requereixen menys cures i garanteixen durabilitat.<\/span><\/p>\n<h3><b>Gespa per a ombra<\/b><\/h3>\n<p><img decoding=\"async\" class=\"alignnone wp-image-4636\" src=\"https:\/\/teodorabcn.com\/wp-content\/uploads\/2025\/10\/image6-300x169.png\" alt=\"tipos de cesped 2\" width=\"763\" height=\"430\" srcset=\"https:\/\/teodorabcn.com\/wp-content\/uploads\/2025\/10\/image6-300x169.png 300w, https:\/\/teodorabcn.com\/wp-content\/uploads\/2025\/10\/image6-1024x576.png 1024w, https:\/\/teodorabcn.com\/wp-content\/uploads\/2025\/10\/image6-768x432.png 768w, https:\/\/teodorabcn.com\/wp-content\/uploads\/2025\/10\/image6-1536x864.png 1536w, https:\/\/teodorabcn.com\/wp-content\/uploads\/2025\/10\/image6-18x10.png 18w, https:\/\/teodorabcn.com\/wp-content\/uploads\/2025\/10\/image6-600x338.png 600w, https:\/\/teodorabcn.com\/wp-content\/uploads\/2025\/10\/image6.png 1920w\" sizes=\"(max-width: 763px) 100vw, 763px\" \/><\/p>\n<p><span style=\"font-weight: 400;\">A patis interiors i jardins envoltats d'arbres, la manca de sol directe pot limitar les opcions. En aquests casos, esp\u00e8cies com la <\/span><b>poa trivialis<\/b><span style=\"font-weight: 400;\"> o la <\/span><b>festuca rubra<\/b><span style=\"font-weight: 400;\"> ofereixen bons resultats.<\/span><\/p>\n<p><span style=\"font-weight: 400;\">Aquest tipus de gespa tolera ambients humits i amb poca llum, encara que necessita control de fongs i un manteniment acurat per evitar zones despoblades.<\/span><\/p>\n<h3><b>Gespa mediterr\u00e0nia o de baix consum d'aigua<\/b><\/h3>\n<p><img loading=\"lazy\" decoding=\"async\" class=\"alignnone wp-image-4637\" src=\"https:\/\/teodorabcn.com\/wp-content\/uploads\/2025\/10\/image1-300x169.png\" alt=\"tipos de cesped\" width=\"756\" height=\"426\" srcset=\"https:\/\/teodorabcn.com\/wp-content\/uploads\/2025\/10\/image1-300x169.png 300w, https:\/\/teodorabcn.com\/wp-content\/uploads\/2025\/10\/image1-1024x576.png 1024w, https:\/\/teodorabcn.com\/wp-content\/uploads\/2025\/10\/image1-768x432.png 768w, https:\/\/teodorabcn.com\/wp-content\/uploads\/2025\/10\/image1-1536x864.png 1536w, https:\/\/teodorabcn.com\/wp-content\/uploads\/2025\/10\/image1-18x10.png 18w, https:\/\/teodorabcn.com\/wp-content\/uploads\/2025\/10\/image1-600x338.png 600w, https:\/\/teodorabcn.com\/wp-content\/uploads\/2025\/10\/image1.png 1920w\" sizes=\"(max-width: 756px) 100vw, 756px\" \/><\/p>\n<p><span style=\"font-weight: 400;\">Pensat per a regions amb <\/span><b>climes secs<\/b><span style=\"font-weight: 400;\">, aquest tipus de gespa est\u00e0 format per barreges d'esp\u00e8cies que inclouen <\/span><b>grama <\/b><span style=\"font-weight: 400;\">(cynodon dactylon), el seu nom en angl\u00e8s \u00e9s \u201cbermuda grass\u201d per la seva abund\u00e0ncia com a mala herba en bermudes. Requereixen menys reg i s'adapten a l'escassetat d\u2019aigua.<\/span><\/p>\n<p><span style=\"font-weight: 400;\">El seu \u00fas s'ha est\u00e8s a projectes de <\/span><b>paisatgisme sostenible<\/b><span style=\"font-weight: 400;\">, terrasses urbanes i jardins mediterranis, on la prioritat \u00e9s combinar est\u00e8tica amb efici\u00e8ncia h\u00eddrica.<\/span><\/p>\n<p><a href=\"https:\/\/teodorabcn.com\/ca\/proyecto\/jardin-sitges-ii\/\"><b>Jard\u00ed Sitges II<\/b><\/a><\/p>\n<p><img loading=\"lazy\" decoding=\"async\" class=\"alignnone wp-image-4639\" src=\"https:\/\/teodorabcn.com\/wp-content\/uploads\/2025\/10\/image4-300x169.png\" alt=\"jardin sitges\" width=\"753\" height=\"424\" srcset=\"https:\/\/teodorabcn.com\/wp-content\/uploads\/2025\/10\/image4-300x169.png 300w, https:\/\/teodorabcn.com\/wp-content\/uploads\/2025\/10\/image4-1024x576.png 1024w, https:\/\/teodorabcn.com\/wp-content\/uploads\/2025\/10\/image4-768x432.png 768w, https:\/\/teodorabcn.com\/wp-content\/uploads\/2025\/10\/image4-1536x864.png 1536w, https:\/\/teodorabcn.com\/wp-content\/uploads\/2025\/10\/image4-18x10.png 18w, https:\/\/teodorabcn.com\/wp-content\/uploads\/2025\/10\/image4-600x338.png 600w, https:\/\/teodorabcn.com\/wp-content\/uploads\/2025\/10\/image4.png 1920w\" sizes=\"(max-width: 753px) 100vw, 753px\" \/><\/p>\n<p><span style=\"font-weight: 400;\">En aquest projecte, la gespa es converteix en el fil conductor del jard\u00ed: <\/span><b>aporta frescor, homogene\u00eftat i un contrast perfecte<\/b><span style=\"font-weight: 400;\"> amb els volums arquitect\u00f2nics. El seu verd intens, uniforme i ben cuidat <\/span><b>potencia la sensaci\u00f3 d'amplitud i continu\u00eftat visual<\/b><span style=\"font-weight: 400;\">, emmarcant cada rac\u00f3 amb un aire ser\u00e8. La textura tova <\/span><b>suavitza <\/b><span style=\"font-weight: 400;\">la transici\u00f3 entre les zones pavimentades i els elements de mobiliari i genera un matal\u00e0s natural que convida a caminar descal\u00e7 o a descansar-hi.<\/span><\/p>\n<p><span style=\"font-weight: 400;\">M\u00e9s enll\u00e0 de la funci\u00f3 est\u00e8tica, la gespa <\/span><b>real\u00e7a la lluminositat<\/b><span style=\"font-weight: 400;\"> de l'entorn i equilibra la densitat de la vegetaci\u00f3 perimetral. En actuar com a base neutra, ajuda que tant el mobiliari contemporani com la p\u00e8rgola destaquen sense perdre la connexi\u00f3 amb all\u00f2 natural.\u00a0<\/span><\/p>\n<h2><b>Quin \u00e9s el millor tipus de gespa?<\/b><\/h2>\n<p><b>No hi ha un tipus universalment millor<\/b><span style=\"font-weight: 400;\">, sin\u00f3 que l'elecci\u00f3 dep\u00e8n de factors ambientals i del projecte en particular.<\/span><\/p>\n<p><span style=\"font-weight: 400;\">En climes humits i frescos del <\/span><b>nord d'Espanya<\/b><span style=\"font-weight: 400;\">, la gespa anglesa i les barreges ornamentals funcionen molt b\u00e9 gr\u00e0cies a l'abund\u00e0ncia d'aigua. A la <\/span><b>zona centre<\/b><span style=\"font-weight: 400;\">, on els estius s\u00f3n secs i calorosos, les varietats resistents com la festuca arundinacea o la Bermuda es converteixen en opcions m\u00e9s realistes. A <\/span><b>les \u00e0rees costaneres mediterr\u00e0nies<\/b><span style=\"font-weight: 400;\">, les gespes de baix consum d'aigua s\u00f3n les m\u00e9s recomanables, ja que garanteixen verd durant gran part de l'any amb un \u00fas racional de recursos. Per tant, la millor opci\u00f3 sempre ser\u00e0 aquella que respongui a les condicions del lloc ia la funci\u00f3 que es vol donar a l'espai.<\/span><\/p>\n<h3><a href=\"https:\/\/teodorabcn.com\/ca\/proyecto\/terraza-puigmolto\/\"><b>Terrassa Puigmolt\u00f3<\/b><\/a><\/h3>\n<p><img loading=\"lazy\" decoding=\"async\" class=\"alignnone wp-image-4640\" src=\"https:\/\/teodorabcn.com\/wp-content\/uploads\/2025\/10\/image5-300x169.png\" alt=\"terraza\" width=\"763\" height=\"430\" srcset=\"https:\/\/teodorabcn.com\/wp-content\/uploads\/2025\/10\/image5-300x169.png 300w, https:\/\/teodorabcn.com\/wp-content\/uploads\/2025\/10\/image5-1024x576.png 1024w, https:\/\/teodorabcn.com\/wp-content\/uploads\/2025\/10\/image5-768x432.png 768w, https:\/\/teodorabcn.com\/wp-content\/uploads\/2025\/10\/image5-1536x864.png 1536w, https:\/\/teodorabcn.com\/wp-content\/uploads\/2025\/10\/image5-18x10.png 18w, https:\/\/teodorabcn.com\/wp-content\/uploads\/2025\/10\/image5-600x338.png 600w, https:\/\/teodorabcn.com\/wp-content\/uploads\/2025\/10\/image5.png 1920w\" sizes=\"(max-width: 763px) 100vw, 763px\" \/><\/p>\n<p><span style=\"font-weight: 400;\">En aquest jard\u00ed, la gespa escollida \u00e9s la <\/span><b>dichondra repens<\/b><span style=\"font-weight: 400;\"> que s'integra en aquest projecte amb un aire natural i desenfadat <\/span><b>potenciant l'ess\u00e8ncia mediterr\u00e0nia<\/b><span style=\"font-weight: 400;\"> del conjunt. Aquesta esp\u00e8cie es caracteritza pel creixement rastrer i lent, el fullatge verd intens i brillant amb fulles arrodonides i el baix manteniment, que requereix menys aigua i segues que la gespa tradicional. \u00c9s una alternativa de cobertura vegetal que tolera tant el ple sol com l'ombra parcial i suporta tr\u00e0nsit lleuger a moderat. Aqu\u00ed, el seu verd vibrant suavitza la geometria dels murs emblanquinats i el paviment de fang per crear un equilibri entre all\u00f2 constru\u00eft i all\u00f2 org\u00e0nic. La textura lleugera i fresca de la dichosa <\/span><b>aporta confort visual i acompanya els racons de descans<\/b><span style=\"font-weight: 400;\">, convidant a gaudir de l'exterior amb la mateixa calma que es respira a l'interior.<\/span><\/p>\n<h2><b>Quin tipus de gespa \u00e9s la m\u00e9s resistent?<\/b><\/h2>\n<p><span style=\"font-weight: 400;\">Pel que fa al <\/span><b>clima mediterrani<\/b><span style=\"font-weight: 400;\">, les varietats m\u00e9s resistents s\u00f3n la <\/span><b>Bermuda<\/b><span style=\"font-weight: 400;\"> (grama) i la <\/span><b>festuca arundinacea<\/b><span style=\"font-weight: 400;\">.<\/span><\/p>\n<p><span style=\"font-weight: 400;\">D'una banda, la Bermuda es caracteritza per suportar molt b\u00e9 la calor intensa i la trepitjada, i <\/span><b>es regenera r\u00e0pidament despr\u00e9s de l'\u00fas<\/b><span style=\"font-weight: 400;\">. Per aix\u00f2 es fa servir en camps de futbol, \u200b\u200bparcs p\u00fablics i jardins amb nens o mascotes.<\/span><\/p>\n<p><span style=\"font-weight: 400;\">La festuca arundinacea, per la seva banda, ofereix una <\/span><b>resist\u00e8ncia elevada tant a la calor com al fred<\/b><span style=\"font-weight: 400;\">, amb arrels profundes que permeten aguantar per\u00edodes de sequera. Si b\u00e9 la seva textura \u00e9s una mica m\u00e9s suficient que altres esp\u00e8cies, \u00e9s ideal per a projectes que prioritzin durabilitat.<\/span><\/p>\n<h2><b>Factors clau per triar entre els diferents tipus de gespa<\/b><\/h2>\n<p><span style=\"font-weight: 400;\">La decisi\u00f3 ha de contemplar diversos aspectes essencials:<\/span><\/p>\n<ul>\n<li style=\"font-weight: 400;\" aria-level=\"1\"><b>Clima:<\/b><span style=\"font-weight: 400;\"> a zones assolellades i seques convenen barreges resistents, mentre que en \u00e0rees humides es poden aprofitar varietats ornamentals. En llocs amb ombra, es recomanen esp\u00e8cies adaptades a menor radiaci\u00f3 solar.<\/span><\/li>\n<li style=\"font-weight: 400;\" aria-level=\"1\"><b>\u00das de l'espai:<\/b><span style=\"font-weight: 400;\"> una gespa decorativa no suportar\u00e0 el mateix nivell de trepig que un pensat per a jocs, mascotes o activitats familiars.<\/span><\/li>\n<li style=\"font-weight: 400;\" aria-level=\"1\"><b>Manteniment disponible:<\/b><span style=\"font-weight: 400;\"> alguns tipus requereixen reg diari i talls setmanals, mentre que altres es poden mantenir amb menys dedicaci\u00f3 i menys cost.<\/span><\/li>\n<li style=\"font-weight: 400;\" aria-level=\"1\"><b>Est\u00e8tica i disseny:<\/b><span style=\"font-weight: 400;\"> el color, la textura i la densitat han d'estar alineats amb el projecte global de <\/span><b>disseny de jardins i patis<\/b><span style=\"font-weight: 400;\">, per aportar coher\u00e8ncia a l'espai.<\/span><\/li>\n<\/ul>\n<h2><b>Quina \u00e9s la millor \u00e8poca per instal\u00b7lar gespa en una terrassa o jard\u00ed?<\/b><\/h2>\n<p><span style=\"font-weight: 400;\">A la pen\u00ednsula ib\u00e8rica, la millor \u00e8poca sol ser la <\/span><b>primavera<\/b><span style=\"font-weight: 400;\"> o la <\/span><b>tardor<\/b><span style=\"font-weight: 400;\">, quan les temperatures s\u00f3n moderades i el s\u00f2l conserva prou humitat.<\/span><\/p>\n<p><span style=\"font-weight: 400;\">Sembrar a l'estiu pot ocasionar <\/span><b>problemes de germinaci\u00f3<\/b><span style=\"font-weight: 400;\"> per la calor extrema, mentre que a l'hivern el fred <\/span><b>retarda el creixement.<\/b><span style=\"font-weight: 400;\">.<\/span><\/p>\n<h3><a href=\"https:\/\/teodorabcn.com\/ca\/proyecto\/terraza-dalmases\/\"><b>Terrassa Dalmases<\/b><\/a><\/h3>\n<p><img loading=\"lazy\" decoding=\"async\" class=\"alignnone wp-image-4638\" src=\"https:\/\/teodorabcn.com\/wp-content\/uploads\/2025\/10\/image3-300x169.png\" alt=\"terraza dalmases\" width=\"763\" height=\"430\" srcset=\"https:\/\/teodorabcn.com\/wp-content\/uploads\/2025\/10\/image3-300x169.png 300w, https:\/\/teodorabcn.com\/wp-content\/uploads\/2025\/10\/image3-1024x576.png 1024w, https:\/\/teodorabcn.com\/wp-content\/uploads\/2025\/10\/image3-768x432.png 768w, https:\/\/teodorabcn.com\/wp-content\/uploads\/2025\/10\/image3-1536x864.png 1536w, https:\/\/teodorabcn.com\/wp-content\/uploads\/2025\/10\/image3-18x10.png 18w, https:\/\/teodorabcn.com\/wp-content\/uploads\/2025\/10\/image3-600x338.png 600w, https:\/\/teodorabcn.com\/wp-content\/uploads\/2025\/10\/image3.png 1920w\" sizes=\"(max-width: 763px) 100vw, 763px\" \/><\/p>\n<p><span style=\"font-weight: 400;\">La gespa en aquest espai aporta un <\/span><b>equilibri perfecte entre frescor i sofisticaci\u00f3<\/b><span style=\"font-weight: 400;\">, i serveix com a transici\u00f3 natural davant de les superf\u00edcies de formig\u00f3 i els volums arquitect\u00f2nics. El color verd profund afavoreix la lluminositat de l'espai i genera un contrast harm\u00f2nic amb la paleta c\u00e0lida de la fusta i els tons terracota del mobiliari. La textura uniforme i densa <\/span><b>real\u00e7a la sensaci\u00f3 de continu\u00eftat visual<\/b><span style=\"font-weight: 400;\"> i acompanya la perspectiva des de la zona de menjador fins a la piscina.<\/span><\/p>\n<h2><b>La gespa perfecta per al teu espai<\/b><\/h2>\n<p><span style=\"font-weight: 400;\">L'elecci\u00f3 entre els diferents <\/span><b>tipus de gespa<\/b><span style=\"font-weight: 400;\"> tipus de gespa \u00e9s un dels aspectes m\u00e9s determinants en qualsevol projecte de paisatgisme, ja sigui a patis o a jardins amplis.<\/span><\/p>\n<p><span style=\"font-weight: 400;\">Si busqueu transformar un espai exterior en un lloc per gaudir durant tot l'any, a <\/span><a href=\"https:\/\/teodorabcn.com\/ca\/\"><b>Teodora<\/b><\/a><span style=\"font-weight: 400;\"> posem la nostra experi\u00e8ncia en <\/span><b>disseny i creaci\u00f3 d'espais exteriors, terrasses i jardins<\/b><span style=\"font-weight: 400;\"> a la vostra disposici\u00f3. T'acompanyem en l'elecci\u00f3 de la gespa m\u00e9s adequada per al teu projecte, cuidant cada detall perqu\u00e8 gaudeixis d'un oasi verd \u00fanic a casa teva o al teu negoci.<\/span><\/p>\n<p><span style=\"font-weight: 400;\">Vols fer el seg\u00fcent pas? <\/span><b>Posa't en <\/b><a href=\"https:\/\/teodorabcn.com\/ca\/contacto\/\"><b>contacte<\/b><\/a><b> amb nosaltres <\/b><span style=\"font-weight: 400;\">per descobrir com et podem ajudar a crear el teu espai a l\u2019aire lliure que sempre has somiat.<\/span><\/p>","protected":false},"excerpt":{"rendered":"<p>Tener un espacio verde en casa supone disfrutar de un rinc\u00f3n propio para relajarse, compartir con la familia o simplemente desconectar del ritmo urbano. En el dise\u00f1o y creaci\u00f3n de espacios exteriores, terrazas y jardines, cada elecci\u00f3n es determinante para el resultado final. Entre todas, la selecci\u00f3n del c\u00e9sped es una de las m\u00e1s influyentes. [&hellip;]<\/p>","protected":false},"author":8,"featured_media":4642,"comment_status":"closed","ping_status":"closed","sticky":false,"template":"","format":"standard","meta":{"footnotes":""},"categories":[1],"tags":[],"class_list":["post-4632","post","type-post","status-publish","format-standard","has-post-thumbnail","hentry","category-sin-categorizar"],"yoast_head":"<!-- This site is optimized with the Yoast SEO plugin v26.6 - https:\/\/yoast.com\/wordpress\/plugins\/seo\/ -->\n<title>Descubre los tipos de c\u00e9sped y transforma tu espacio exterior - Teodora<\/title>\n<meta name=\"description\" content=\"Aprende a seleccionar entre los tipos de c\u00e9sped seg\u00fan uso, clima y mantenimiento para un jard\u00edn siempre verde.\" \/>\n<meta name=\"robots\" content=\"index, follow, max-snippet:-1, max-image-preview:large, max-video-preview:-1\" \/>\n<link rel=\"canonical\" href=\"https:\/\/teodorabcn.com\/ca\/descubre-los-tipos-de-cesped-y-transforma-tu-espacio-exterior\/\" \/>\n<meta property=\"og:locale\" content=\"ca_ES\" \/>\n<meta property=\"og:type\" content=\"article\" \/>\n<meta property=\"og:title\" content=\"Descubre los tipos de c\u00e9sped y transforma tu espacio exterior - Teodora\" \/>\n<meta property=\"og:description\" content=\"Aprende a seleccionar entre los tipos de c\u00e9sped seg\u00fan uso, clima y mantenimiento para un jard\u00edn siempre verde.\" \/>\n<meta property=\"og:url\" content=\"https:\/\/teodorabcn.com\/ca\/descubre-los-tipos-de-cesped-y-transforma-tu-espacio-exterior\/\" \/>\n<meta property=\"og:site_name\" content=\"Teodora\" \/>\n<meta property=\"article:publisher\" content=\"https:\/\/www.facebook.com\/profile.php?id=61550838347854\" \/>\n<meta property=\"article:published_time\" content=\"2025-10-20T07:04:18+00:00\" \/>\n<meta property=\"article:modified_time\" content=\"2025-12-22T08:36:35+00:00\" \/>\n<meta property=\"og:image\" content=\"https:\/\/teodorabcn.com\/wp-content\/uploads\/2025\/10\/image8-1024x576.png\" \/>\n\t<meta property=\"og:image:width\" content=\"1024\" \/>\n\t<meta property=\"og:image:height\" content=\"576\" \/>\n\t<meta property=\"og:image:type\" content=\"image\/png\" \/>\n<meta name=\"author\" content=\"Fanny\" \/>\n<meta name=\"twitter:card\" content=\"summary_large_image\" \/>\n<meta name=\"twitter:label1\" content=\"Escrit per\" \/>\n\t<meta name=\"twitter:data1\" content=\"Fanny\" \/>\n\t<meta name=\"twitter:label2\" content=\"Temps estimat de lectura\" \/>\n\t<meta name=\"twitter:data2\" content=\"8 minuts\" \/>\n<script type=\"application\/ld+json\" class=\"yoast-schema-graph\">{\"@context\":\"https:\/\/schema.org\",\"@graph\":[{\"@type\":\"Article\",\"@id\":\"https:\/\/teodorabcn.com\/descubre-los-tipos-de-cesped-y-transforma-tu-espacio-exterior\/#article\",\"isPartOf\":{\"@id\":\"https:\/\/teodorabcn.com\/descubre-los-tipos-de-cesped-y-transforma-tu-espacio-exterior\/\"},\"author\":{\"name\":\"Fanny\",\"@id\":\"https:\/\/teodorabcn.com\/#\/schema\/person\/51ee1cdbdf5319b306e7bd9a93f57629\"},\"headline\":\"Descubre los tipos de c\u00e9sped y transforma tu espacio exterior\",\"datePublished\":\"2025-10-20T07:04:18+00:00\",\"dateModified\":\"2025-12-22T08:36:35+00:00\",\"mainEntityOfPage\":{\"@id\":\"https:\/\/teodorabcn.com\/descubre-los-tipos-de-cesped-y-transforma-tu-espacio-exterior\/\"},\"wordCount\":1479,\"publisher\":{\"@id\":\"https:\/\/teodorabcn.com\/#organization\"},\"image\":{\"@id\":\"https:\/\/teodorabcn.com\/descubre-los-tipos-de-cesped-y-transforma-tu-espacio-exterior\/#primaryimage\"},\"thumbnailUrl\":\"https:\/\/teodorabcn.com\/wp-content\/uploads\/2025\/10\/image8.png\",\"articleSection\":[\"Sin categorizar\"],\"inLanguage\":\"ca\"},{\"@type\":\"WebPage\",\"@id\":\"https:\/\/teodorabcn.com\/descubre-los-tipos-de-cesped-y-transforma-tu-espacio-exterior\/\",\"url\":\"https:\/\/teodorabcn.com\/descubre-los-tipos-de-cesped-y-transforma-tu-espacio-exterior\/\",\"name\":\"Descubre los tipos de c\u00e9sped y transforma tu espacio exterior - Teodora\",\"isPartOf\":{\"@id\":\"https:\/\/teodorabcn.com\/#website\"},\"primaryImageOfPage\":{\"@id\":\"https:\/\/teodorabcn.com\/descubre-los-tipos-de-cesped-y-transforma-tu-espacio-exterior\/#primaryimage\"},\"image\":{\"@id\":\"https:\/\/teodorabcn.com\/descubre-los-tipos-de-cesped-y-transforma-tu-espacio-exterior\/#primaryimage\"},\"thumbnailUrl\":\"https:\/\/teodorabcn.com\/wp-content\/uploads\/2025\/10\/image8.png\",\"datePublished\":\"2025-10-20T07:04:18+00:00\",\"dateModified\":\"2025-12-22T08:36:35+00:00\",\"description\":\"Aprende a seleccionar entre los tipos de c\u00e9sped seg\u00fan uso, clima y mantenimiento para un jard\u00edn siempre verde.\",\"breadcrumb\":{\"@id\":\"https:\/\/teodorabcn.com\/descubre-los-tipos-de-cesped-y-transforma-tu-espacio-exterior\/#breadcrumb\"},\"inLanguage\":\"ca\",\"potentialAction\":[{\"@type\":\"ReadAction\",\"target\":[\"https:\/\/teodorabcn.com\/descubre-los-tipos-de-cesped-y-transforma-tu-espacio-exterior\/\"]}]},{\"@type\":\"ImageObject\",\"inLanguage\":\"ca\",\"@id\":\"https:\/\/teodorabcn.com\/descubre-los-tipos-de-cesped-y-transforma-tu-espacio-exterior\/#primaryimage\",\"url\":\"https:\/\/teodorabcn.com\/wp-content\/uploads\/2025\/10\/image8.png\",\"contentUrl\":\"https:\/\/teodorabcn.com\/wp-content\/uploads\/2025\/10\/image8.png\",\"width\":1920,\"height\":1080,\"caption\":\"tipos de cesped 1\"},{\"@type\":\"BreadcrumbList\",\"@id\":\"https:\/\/teodorabcn.com\/descubre-los-tipos-de-cesped-y-transforma-tu-espacio-exterior\/#breadcrumb\",\"itemListElement\":[{\"@type\":\"ListItem\",\"position\":1,\"name\":\"Portada\",\"item\":\"https:\/\/teodorabcn.com\/\"},{\"@type\":\"ListItem\",\"position\":2,\"name\":\"Descubre los tipos de c\u00e9sped y transforma tu espacio exterior\"}]},{\"@type\":\"WebSite\",\"@id\":\"https:\/\/teodorabcn.com\/#website\",\"url\":\"https:\/\/teodorabcn.com\/\",\"name\":\"Teodora Exteriorismo\",\"description\":\"Creamos terrazas y jardines con car\u00e1cter.\",\"publisher\":{\"@id\":\"https:\/\/teodorabcn.com\/#organization\"},\"alternateName\":\"Teodora\",\"potentialAction\":[{\"@type\":\"SearchAction\",\"target\":{\"@type\":\"EntryPoint\",\"urlTemplate\":\"https:\/\/teodorabcn.com\/?s={search_term_string}\"},\"query-input\":{\"@type\":\"PropertyValueSpecification\",\"valueRequired\":true,\"valueName\":\"search_term_string\"}}],\"inLanguage\":\"ca\"},{\"@type\":\"Organization\",\"@id\":\"https:\/\/teodorabcn.com\/#organization\",\"name\":\"Teodora Exteriorismo\",\"alternateName\":\"Teodora\",\"url\":\"https:\/\/teodorabcn.com\/\",\"logo\":{\"@type\":\"ImageObject\",\"inLanguage\":\"ca\",\"@id\":\"https:\/\/teodorabcn.com\/#\/schema\/logo\/image\/\",\"url\":\"https:\/\/teodorabcn.com\/wp-content\/uploads\/2023\/10\/Teodora_logo-_EXT-Ok-ESP-e1706538305612.jpg\",\"contentUrl\":\"https:\/\/teodorabcn.com\/wp-content\/uploads\/2023\/10\/Teodora_logo-_EXT-Ok-ESP-e1706538305612.jpg\",\"width\":1540,\"height\":573,\"caption\":\"Teodora Exteriorismo\"},\"image\":{\"@id\":\"https:\/\/teodorabcn.com\/#\/schema\/logo\/image\/\"},\"sameAs\":[\"https:\/\/www.facebook.com\/profile.php?id=61550838347854\",\"https:\/\/www.instagram.com\/teodora.exteriorismo\/?hl=es\",\"https:\/\/www.pinterest.es\/teodora_exteriorismo\/\",\"https:\/\/www.linkedin.com\/company\/teodora-bcn-exteriorismo\/\"]},{\"@type\":\"Person\",\"@id\":\"https:\/\/teodorabcn.com\/#\/schema\/person\/51ee1cdbdf5319b306e7bd9a93f57629\",\"name\":\"Fanny\",\"image\":{\"@type\":\"ImageObject\",\"inLanguage\":\"ca\",\"@id\":\"https:\/\/teodorabcn.com\/#\/schema\/person\/image\/\",\"url\":\"https:\/\/secure.gravatar.com\/avatar\/db009b4608aefdd5a3592f6a3ea43b35edbf6cb312d1076236cc6e7b974f831a?s=96&d=mm&r=g\",\"contentUrl\":\"https:\/\/secure.gravatar.com\/avatar\/db009b4608aefdd5a3592f6a3ea43b35edbf6cb312d1076236cc6e7b974f831a?s=96&d=mm&r=g\",\"caption\":\"Fanny\"},\"url\":\"https:\/\/teodorabcn.com\/ca\/author\/fanny\/\"}]}<\/script>\n<!-- \/ Yoast SEO plugin. -->","yoast_head_json":{"title":"Descubre los tipos de c\u00e9sped y transforma tu espacio exterior - Teodora","description":"Aprende a seleccionar entre los tipos de c\u00e9sped seg\u00fan uso, clima y mantenimiento para un jard\u00edn siempre verde.","robots":{"index":"index","follow":"follow","max-snippet":"max-snippet:-1","max-image-preview":"max-image-preview:large","max-video-preview":"max-video-preview:-1"},"canonical":"https:\/\/teodorabcn.com\/ca\/descubre-los-tipos-de-cesped-y-transforma-tu-espacio-exterior\/","og_locale":"ca_ES","og_type":"article","og_title":"Descubre los tipos de c\u00e9sped y transforma tu espacio exterior - Teodora","og_description":"Aprende a seleccionar entre los tipos de c\u00e9sped seg\u00fan uso, clima y mantenimiento para un jard\u00edn siempre verde.","og_url":"https:\/\/teodorabcn.com\/ca\/descubre-los-tipos-de-cesped-y-transforma-tu-espacio-exterior\/","og_site_name":"Teodora","article_publisher":"https:\/\/www.facebook.com\/profile.php?id=61550838347854","article_published_time":"2025-10-20T07:04:18+00:00","article_modified_time":"2025-12-22T08:36:35+00:00","og_image":[{"width":1024,"height":576,"url":"https:\/\/teodorabcn.com\/wp-content\/uploads\/2025\/10\/image8-1024x576.png","type":"image\/png"}],"author":"Fanny","twitter_card":"summary_large_image","twitter_misc":{"Escrit per":"Fanny","Temps estimat de lectura":"8 minuts"},"schema":{"@context":"https:\/\/schema.org","@graph":[{"@type":"Article","@id":"https:\/\/teodorabcn.com\/descubre-los-tipos-de-cesped-y-transforma-tu-espacio-exterior\/#article","isPartOf":{"@id":"https:\/\/teodorabcn.com\/descubre-los-tipos-de-cesped-y-transforma-tu-espacio-exterior\/"},"author":{"name":"Fanny","@id":"https:\/\/teodorabcn.com\/#\/schema\/person\/51ee1cdbdf5319b306e7bd9a93f57629"},"headline":"Descubre los tipos de c\u00e9sped y transforma tu espacio exterior","datePublished":"2025-10-20T07:04:18+00:00","dateModified":"2025-12-22T08:36:35+00:00","mainEntityOfPage":{"@id":"https:\/\/teodorabcn.com\/descubre-los-tipos-de-cesped-y-transforma-tu-espacio-exterior\/"},"wordCount":1479,"publisher":{"@id":"https:\/\/teodorabcn.com\/#organization"},"image":{"@id":"https:\/\/teodorabcn.com\/descubre-los-tipos-de-cesped-y-transforma-tu-espacio-exterior\/#primaryimage"},"thumbnailUrl":"https:\/\/teodorabcn.com\/wp-content\/uploads\/2025\/10\/image8.png","articleSection":["Sin categorizar"],"inLanguage":"ca"},{"@type":"WebPage","@id":"https:\/\/teodorabcn.com\/descubre-los-tipos-de-cesped-y-transforma-tu-espacio-exterior\/","url":"https:\/\/teodorabcn.com\/descubre-los-tipos-de-cesped-y-transforma-tu-espacio-exterior\/","name":"Descubre los tipos de c\u00e9sped y transforma tu espacio exterior - Teodora","isPartOf":{"@id":"https:\/\/teodorabcn.com\/#website"},"primaryImageOfPage":{"@id":"https:\/\/teodorabcn.com\/descubre-los-tipos-de-cesped-y-transforma-tu-espacio-exterior\/#primaryimage"},"image":{"@id":"https:\/\/teodorabcn.com\/descubre-los-tipos-de-cesped-y-transforma-tu-espacio-exterior\/#primaryimage"},"thumbnailUrl":"https:\/\/teodorabcn.com\/wp-content\/uploads\/2025\/10\/image8.png","datePublished":"2025-10-20T07:04:18+00:00","dateModified":"2025-12-22T08:36:35+00:00","description":"Aprende a seleccionar entre los tipos de c\u00e9sped seg\u00fan uso, clima y mantenimiento para un jard\u00edn siempre verde.","breadcrumb":{"@id":"https:\/\/teodorabcn.com\/descubre-los-tipos-de-cesped-y-transforma-tu-espacio-exterior\/#breadcrumb"},"inLanguage":"ca","potentialAction":[{"@type":"ReadAction","target":["https:\/\/teodorabcn.com\/descubre-los-tipos-de-cesped-y-transforma-tu-espacio-exterior\/"]}]},{"@type":"ImageObject","inLanguage":"ca","@id":"https:\/\/teodorabcn.com\/descubre-los-tipos-de-cesped-y-transforma-tu-espacio-exterior\/#primaryimage","url":"https:\/\/teodorabcn.com\/wp-content\/uploads\/2025\/10\/image8.png","contentUrl":"https:\/\/teodorabcn.com\/wp-content\/uploads\/2025\/10\/image8.png","width":1920,"height":1080,"caption":"tipos de cesped 1"},{"@type":"BreadcrumbList","@id":"https:\/\/teodorabcn.com\/descubre-los-tipos-de-cesped-y-transforma-tu-espacio-exterior\/#breadcrumb","itemListElement":[{"@type":"ListItem","position":1,"name":"Portada","item":"https:\/\/teodorabcn.com\/"},{"@type":"ListItem","position":2,"name":"Descubre los tipos de c\u00e9sped y transforma tu espacio exterior"}]},{"@type":"WebSite","@id":"https:\/\/teodorabcn.com\/#website","url":"https:\/\/teodorabcn.com\/","name":"Teodora Exteriorisme","description":"Creamos terrazas y jardines con car\u00e1cter.","publisher":{"@id":"https:\/\/teodorabcn.com\/#organization"},"alternateName":"Teodora","potentialAction":[{"@type":"SearchAction","target":{"@type":"EntryPoint","urlTemplate":"https:\/\/teodorabcn.com\/?s={search_term_string}"},"query-input":{"@type":"PropertyValueSpecification","valueRequired":true,"valueName":"search_term_string"}}],"inLanguage":"ca"},{"@type":"Organization","@id":"https:\/\/teodorabcn.com\/#organization","name":"Teodora Exteriorisme","alternateName":"Teodora","url":"https:\/\/teodorabcn.com\/","logo":{"@type":"ImageObject","inLanguage":"ca","@id":"https:\/\/teodorabcn.com\/#\/schema\/logo\/image\/","url":"https:\/\/teodorabcn.com\/wp-content\/uploads\/2023\/10\/Teodora_logo-_EXT-Ok-ESP-e1706538305612.jpg","contentUrl":"https:\/\/teodorabcn.com\/wp-content\/uploads\/2023\/10\/Teodora_logo-_EXT-Ok-ESP-e1706538305612.jpg","width":1540,"height":573,"caption":"Teodora Exteriorismo"},"image":{"@id":"https:\/\/teodorabcn.com\/#\/schema\/logo\/image\/"},"sameAs":["https:\/\/www.facebook.com\/profile.php?id=61550838347854","https:\/\/www.instagram.com\/teodora.exteriorismo\/?hl=es","https:\/\/www.pinterest.es\/teodora_exteriorismo\/","https:\/\/www.linkedin.com\/company\/teodora-bcn-exteriorismo\/"]},{"@type":"Person","@id":"https:\/\/teodorabcn.com\/#\/schema\/person\/51ee1cdbdf5319b306e7bd9a93f57629","name":"Fanny","image":{"@type":"ImageObject","inLanguage":"ca","@id":"https:\/\/teodorabcn.com\/#\/schema\/person\/image\/","url":"https:\/\/secure.gravatar.com\/avatar\/db009b4608aefdd5a3592f6a3ea43b35edbf6cb312d1076236cc6e7b974f831a?s=96&d=mm&r=g","contentUrl":"https:\/\/secure.gravatar.com\/avatar\/db009b4608aefdd5a3592f6a3ea43b35edbf6cb312d1076236cc6e7b974f831a?s=96&d=mm&r=g","caption":"Fanny"},"url":"https:\/\/teodorabcn.com\/ca\/author\/fanny\/"}]}},"_links":{"self":[{"href":"https:\/\/teodorabcn.com\/ca\/wp-json\/wp\/v2\/posts\/4632","targetHints":{"allow":["GET"]}}],"collection":[{"href":"https:\/\/teodorabcn.com\/ca\/wp-json\/wp\/v2\/posts"}],"about":[{"href":"https:\/\/teodorabcn.com\/ca\/wp-json\/wp\/v2\/types\/post"}],"author":[{"embeddable":true,"href":"https:\/\/teodorabcn.com\/ca\/wp-json\/wp\/v2\/users\/8"}],"replies":[{"embeddable":true,"href":"https:\/\/teodorabcn.com\/ca\/wp-json\/wp\/v2\/comments?post=4632"}],"version-history":[{"count":3,"href":"https:\/\/teodorabcn.com\/ca\/wp-json\/wp\/v2\/posts\/4632\/revisions"}],"predecessor-version":[{"id":4645,"href":"https:\/\/teodorabcn.com\/ca\/wp-json\/wp\/v2\/posts\/4632\/revisions\/4645"}],"wp:featuredmedia":[{"embeddable":true,"href":"https:\/\/teodorabcn.com\/ca\/wp-json\/wp\/v2\/media\/4642"}],"wp:attachment":[{"href":"https:\/\/teodorabcn.com\/ca\/wp-json\/wp\/v2\/media?parent=4632"}],"wp:term":[{"taxonomy":"category","embeddable":true,"href":"https:\/\/teodorabcn.com\/ca\/wp-json\/wp\/v2\/categories?post=4632"},{"taxonomy":"post_tag","embeddable":true,"href":"https:\/\/teodorabcn.com\/ca\/wp-json\/wp\/v2\/tags?post=4632"}],"curies":[{"name":"wp","href":"https:\/\/api.w.org\/{rel}","templated":true}]}}