{"id":3141,"date":"2025-09-22T10:08:05","date_gmt":"2025-09-22T08:08:05","guid":{"rendered":"https:\/\/teodorabcn.com\/?p=3141"},"modified":"2025-12-22T09:36:46","modified_gmt":"2025-12-22T08:36:46","slug":"las-seis-mejores-y-mas-resistentes-plantas-de-invierno-para-exterior","status":"publish","type":"post","link":"https:\/\/teodorabcn.com\/ca\/las-seis-mejores-y-mas-resistentes-plantas-de-invierno-para-exterior\/","title":{"rendered":"Les sis millors i m\u00e9s resistents plantes d'hivern per a exterior"},"content":{"rendered":"<p><span style=\"font-weight: 400;\">Els dies freds tendeixen a erosionar el color de les terrasses, fent la sensaci\u00f3 que l'hivern apaga la vida exterior. Per\u00f2 aquesta idea no pot ser m\u00e9s incorrecta\u2026 <\/span><b>amb una bona selecci\u00f3 d'esp\u00e8cies \u00e9s possible mantenir un espai ple de frescor, textura i vitalitat durant tot l'any.<\/b><span style=\"font-weight: 400;\"> La clau \u00e9s saber triar les <\/span><b>plantes d'hivern per a exterior<\/b><span style=\"font-weight: 400;\">.\u00a0<\/span><\/p>\n<p><span style=\"font-weight: 400;\">Per aix\u00f2, pots comptar amb <\/span><b>Teodora<\/b><span style=\"font-weight: 400;\">: som especialistes en disseny d'espais exteriors, entenem que cada terrassa t\u00e9 un car\u00e0cter \u00fanic, i que la vegetaci\u00f3 adequada pot real\u00e7ar aquest car\u00e0cter fins i tot durant els mesos m\u00e9s freds.\u00a0<\/span><\/p>\n<p><span style=\"font-weight: 400;\">Avui, t'expliquem quines s\u00f3n les esp\u00e8cies m\u00e9s resistents a l'hivern, qu\u00e8 es pot cultivar en testos durant aquesta temporada i les cures essencials perqu\u00e8 llueixin en la seva m\u00e0xima esplendor. Comencem!<\/span><\/p>\n<h2><b>Quines s\u00f3n les plantes m\u00e9s resistents a l'exterior?<\/b><\/h2>\n<p><span style=\"font-weight: 400;\">El clima mediterrani ofereix hiverns moderats, amb temperatures que poques vegades baixen dels zero graus de manera perllongada. Gr\u00e0cies a aix\u00f2,\u00a0 <\/span><b>diverses esp\u00e8cies perennes mantenen el seu vigor i atractiu<\/b><span style=\"font-weight: 400;\">. Per\u00f2 entre tantes opcions possibles, <\/span><b>\u00bfquines plantes s\u00f3n resistents a l'hivern?<\/b><\/p>\n<h3><b>Oliveres<\/b><\/h3>\n<p><span style=\"font-weight: 400;\">Un dels arbres m\u00e9s emblem\u00e0tics de la Mediterr\u00e0nia, apreciat pel fullatge perenne platejat i la resist\u00e8ncia a baixes temperatures. <\/span><b>Poden plantar-se directament a terra o en testos de grans dimensions<\/b><span style=\"font-weight: 400;\">, i el seu port elegant es presta tant per a jardins com per a terrasses modernes. A m\u00e9s, es poden combinar amb altres esp\u00e8cies, com el roman\u00ed, per crear espais amb un bonic estil mediterrani que duri tot l'hivern.<\/span><\/p>\n<p><a href=\"https:\/\/teodorabcn.com\/ca\/proyecto\/terraza-modolell\/\"><b>Terrassa Modolell<\/b><\/a><\/p>\n<p><img fetchpriority=\"high\" decoding=\"async\" class=\"alignnone wp-image-3143\" src=\"https:\/\/teodorabcn.com\/wp-content\/uploads\/2025\/09\/image4-300x225.jpg\" alt=\"Plantas de invierno exterior 2 \" width=\"674\" height=\"505\" srcset=\"https:\/\/teodorabcn.com\/wp-content\/uploads\/2025\/09\/image4-300x225.jpg 300w, https:\/\/teodorabcn.com\/wp-content\/uploads\/2025\/09\/image4-1024x768.jpg 1024w, https:\/\/teodorabcn.com\/wp-content\/uploads\/2025\/09\/image4-768x576.jpg 768w, https:\/\/teodorabcn.com\/wp-content\/uploads\/2025\/09\/image4-1536x1153.jpg 1536w, https:\/\/teodorabcn.com\/wp-content\/uploads\/2025\/09\/image4-16x12.jpg 16w, https:\/\/teodorabcn.com\/wp-content\/uploads\/2025\/09\/image4.jpg 1999w\" sizes=\"(max-width: 674px) 100vw, 674px\" \/><\/p>\n<p><span style=\"font-weight: 400;\">En aquest \u00e0tic excepcional, destaca una <\/span><b>olivera en test de gran port<\/b><span style=\"font-weight: 400;\">, amb el seu tronc escultural i copa frondosa aporten car\u00e0cter, serenitat i un aire mediterrani inconfusible al conjunt.<\/span><\/p>\n<p><span style=\"font-weight: 400;\">Ubicat en un <\/span><b>punt estrat\u00e8gic<\/b><span style=\"font-weight: 400;\"> de la terrassa, l'olivera funciona com a element ornamental i com a referent visual que articula les diferents zones. La seva silueta es converteix en el <\/span><b>centre d'atenci\u00f3<\/b><span style=\"font-weight: 400;\"> des de qualsevol perspectiva, fins i tot des de l'interior de l'habitatge.<\/span><\/p>\n<p><span style=\"font-weight: 400;\">El resultat \u00e9s un espai on l'olivera simbolitza <\/span><b>longevitat i connexi\u00f3 amb la natura<\/b><span style=\"font-weight: 400;\">, i refor\u00e7a la idea que aquesta terrassa \u00e9s molt m\u00e9s que un lloc de pas: \u00e9s una llar a l'aire lliure on la vegetaci\u00f3, el mobiliari i l'arquitectura conviuen en perfecta sintonia.<\/span><\/p>\n<h3><b>Lavandes<\/b><\/h3>\n<p><span style=\"font-weight: 400;\">I si a m\u00e9s de resistir a les baixes temperatures, tamb\u00e9 desprengu\u00e9s un <\/span><b>perfum agradable<\/b><span style=\"font-weight: 400;\">? La lavanda, a m\u00e9s, t\u00e9 un fullatge gris verd\u00f3s que conserva l'atractiu durant l'hivern i \u00e9s <\/span><b>resistent al fred i al vent<\/b><span style=\"font-weight: 400;\">, cosa que la fa perfecta per a terrasses, jardineres i combinacions amb altres esp\u00e8cies mediterr\u00e0nies.\u00a0<\/span><\/p>\n<h3><b>Romers<\/b><\/h3>\n<p><span style=\"font-weight: 400;\">Aquesta esp\u00e8cie es distingeix per la capacitat de mantenir un<\/span><b> verd intens a l'hivern<\/b><span style=\"font-weight: 400;\"> i, \u00e9s clar, per la resist\u00e8ncia al fred. El seu creixement compacte i el seu <\/span><b>aroma agradable<\/b><span style=\"font-weight: 400;\"> el converteixen en un gran aliat de jardins i terrasses, i la seva resist\u00e8ncia al clima mediterrani el fa pr\u00e0cticament indestructible si se li proporcionen cures b\u00e0siques.<\/span><\/p>\n<h3><b>Llimoners<\/b><\/h3>\n<p><span style=\"font-weight: 400;\">Les fulles verdes brillants i els fruits grocs aporten un contrast visual atractiu que ressalta en qualsevol espai exterior. Tot i que entra a la nostra llista de plantes d'hivern per a exterior, <\/span><b>\u00e9s important protegir-los de gelades.<\/b><span style=\"font-weight: 400;\"> Per aix\u00f2, es recomana <\/span><b>cultivar-los en testos grans<\/b><span style=\"font-weight: 400;\"> que puguin traslladar-se a zones m\u00e9s arrecerades o col\u00b7locar-los cobertors transpirables en nits fredes.\u00a0<\/span><\/p>\n<p><span style=\"font-weight: 400;\">A m\u00e9s, un cop desenvolupat l'arbre, <\/span><b>tindr\u00e0s una infinitat de delicioses llimones per afegir als teus plats!<\/b><span style=\"font-weight: 400;\">\u00a0<\/span><\/p>\n<p><a href=\"https:\/\/teodorabcn.com\/ca\/proyecto\/terraza-reina-victoria\/\"><b>Terrassa Reina Victoria<\/b><\/a><\/p>\n<p><img decoding=\"async\" class=\"alignnone wp-image-3145\" src=\"https:\/\/teodorabcn.com\/wp-content\/uploads\/2025\/09\/image2-300x200.jpg\" alt=\"Plantas de invierno exterior 3\" width=\"737\" height=\"491\" srcset=\"https:\/\/teodorabcn.com\/wp-content\/uploads\/2025\/09\/image2-300x200.jpg 300w, https:\/\/teodorabcn.com\/wp-content\/uploads\/2025\/09\/image2-1024x684.jpg 1024w, https:\/\/teodorabcn.com\/wp-content\/uploads\/2025\/09\/image2-768x513.jpg 768w, https:\/\/teodorabcn.com\/wp-content\/uploads\/2025\/09\/image2-18x12.jpg 18w, https:\/\/teodorabcn.com\/wp-content\/uploads\/2025\/09\/image2.jpg 1273w\" sizes=\"(max-width: 737px) 100vw, 737px\" \/><br style=\"font-weight: 400;\" \/><span style=\"font-weight: 400;\">En aquest projecte, la vegetaci\u00f3 pren un protagonisme especial. Un dels elements m\u00e9s destacats \u00e9s el <\/span><b>llimoner en test<\/b><span style=\"font-weight: 400;\">, una elecci\u00f3 que aporta frescor i un car\u00e0cter mediterrani a l'espai. Per\u00f2 la selecci\u00f3 d'esp\u00e8cies no es va limitar a arbres fruiters. Es van triar <\/span><b>plantes d'hivern resistents a grans testos de fang<\/b><span style=\"font-weight: 400;\">, que contribueixen a mantenir un entorn verd i viu durant tot l'any. Aquestes plantes ofereixen volum, textura i altura, funcionant com a barreres naturals que reforcen la intimitat i aporten ombra en els mesos m\u00e9s c\u00e0lids.<\/span><\/p>\n<h3><b>Westringia<\/b><\/h3>\n<p><img decoding=\"async\" class=\"alignnone wp-image-3144\" src=\"https:\/\/teodorabcn.com\/wp-content\/uploads\/2025\/09\/image3-300x169.png\" alt=\"Plantas de invierno exterior\" width=\"740\" height=\"417\" srcset=\"https:\/\/teodorabcn.com\/wp-content\/uploads\/2025\/09\/image3-300x169.png 300w, https:\/\/teodorabcn.com\/wp-content\/uploads\/2025\/09\/image3-1024x576.png 1024w, https:\/\/teodorabcn.com\/wp-content\/uploads\/2025\/09\/image3-768x432.png 768w, https:\/\/teodorabcn.com\/wp-content\/uploads\/2025\/09\/image3-1536x864.png 1536w, https:\/\/teodorabcn.com\/wp-content\/uploads\/2025\/09\/image3-18x10.png 18w, https:\/\/teodorabcn.com\/wp-content\/uploads\/2025\/09\/image3.png 1920w\" sizes=\"(max-width: 740px) 100vw, 740px\" \/><\/p>\n<p><span style=\"font-weight: 400;\">Conegut com a \u201cromer australi\u00e0\u201d, \u00e9s un arbust perenne molt utilitzat en paisatgisme per la seva <\/span><b>eleg\u00e0ncia discreta i la seva resist\u00e8ncia natural<\/b><span style=\"font-weight: 400;\">. El fullatge gris verd\u00f3s, sempre dens i compacte, conserva la seva vitalitat fins i tot en els mesos m\u00e9s freds: suporta sense problema gelades lleugeres de fins a -5 \u00b0C. A m\u00e9s de la resist\u00e8ncia, regala <\/span><b>petites flors blanques o blavoses durant gran part de l'any<\/b><span style=\"font-weight: 400;\">, que aporten un toc delicat i llumin\u00f3s a jardins i terrasses.\u00a0<\/span><\/p>\n<h3><b>Rhyncospemum jasminoides<\/b><\/h3>\n<p><span style=\"font-weight: 400;\">Tamb\u00e9 coneguda com a <\/span><b>gessam\u00ed estrellat<\/b><span style=\"font-weight: 400;\"> o <\/span><b>fals gessam\u00ed<\/b><span style=\"font-weight: 400;\">, molt coneguda pel seu exuberant fullatge verd brillant i les <\/span><b>seves delicades flors blanques<\/b><span style=\"font-weight: 400;\"> en forma d'estrella, que <\/span><b>desprenen una aroma intensa i agradable<\/b><span style=\"font-weight: 400;\">, similar a la del gessam\u00ed com\u00fa.\u00a0<\/span><\/p>\n<p><span style=\"font-weight: 400;\">A difer\u00e8ncia d'altres gessamins, suporta molt b\u00e9 l'hivern i pot tolerar temperatures baixes, fins i tot properes als <\/span><b>-10 \u00b0C<\/b><span style=\"font-weight: 400;\">, sempre que el fred no sigui perllongat i el terra no romangui entollat. Per aix\u00f2, \u00e9s una planta molt triada per a climes temperats i freds, on altres trepadores de flor m\u00e9s delicada no sobreviuen.<\/span><\/p>\n<h2><b>Qu\u00e8 plantar a l'hivern a testos?<\/b><\/h2>\n<p><span style=\"font-weight: 400;\">Conrear en testos \u00e9s una opci\u00f3 pr\u00e0ctica i decorativa per a les <\/span><b>plantes d'hivern per a exterior<\/b><span style=\"font-weight: 400;\">. \u00c9s molt senzill controlar el drenatge, el reg i, en cas de gelades, moure les esp\u00e8cies m\u00e9s delicades a llocs protegits. Tenint en compte la nostra llista anterior, vegem cada esp\u00e8cie:\u00a0<\/span><\/p>\n<p><span style=\"font-weight: 400;\">D'una banda, les <\/span><b>oliveres<\/b><span style=\"font-weight: 400;\"> oliveres en test aporten un port elegant i el seu caracter\u00edstic fullatge platejat. Requereixen un <\/span><b>substrat ben drenat<\/b><span style=\"font-weight: 400;\">, regs moderats i podes lleugeres per mantenir la seva forma equilibrada.<\/span><\/p>\n<p><span style=\"font-weight: 400;\">L' <\/span><b>esp\u00edgol<\/b><span style=\"font-weight: 400;\"> tamb\u00e9 s'adapta perfectament a recipients mitjans, on conserva el seu atractiu to gris verd\u00f3s i resisteix el fred. Ubicada en un lloc assolellat, <\/span><b>intensifica el color i l'aroma.<\/b><\/p>\n<p><span style=\"font-weight: 400;\">D'altra banda, el <\/span><b>roman\u00ed<\/b><span style=\"font-weight: 400;\"> \u00e9s ideal per a testos mitjans. Tolera millor la sequera que l'exc\u00e9s d'aigua, i en recipients \u00e9s molt senzill controlar-ne el creixement.<\/span><\/p>\n<p><span style=\"font-weight: 400;\">Els <\/span><b>llimoners<\/b><span style=\"font-weight: 400;\"> en test s\u00f3n altament decoratius gr\u00e0cies als seus fruits grocs. A l'hivern necessiten protecci\u00f3 davant de gelades un <\/span><b>recipient ampli<\/b><span style=\"font-weight: 400;\"> que permeti el correcte desenvolupament de les seves arrels.<\/span><\/p>\n<p><span style=\"font-weight: 400;\">Pel que fa al <\/span><b>Westringia<\/b><span style=\"font-weight: 400;\">, en test aporta un encant singular en terrasses i es desenvolupa millor en una ubicaci\u00f3 <\/span><b>protegida del vent<\/b><span style=\"font-weight: 400;\">.<\/span><\/p>\n<p><span style=\"font-weight: 400;\">Finalment, el <\/span><b>gessam\u00ed estrellat<\/b><span style=\"font-weight: 400;\"> \u00e9s perfecte per a <\/span><b>testos profunds<\/b><span style=\"font-weight: 400;\"> amb suport per enfilar-se. Encara que pugui perdre part del fullatge a l'hivern, a la primavera regala un esclat de flors blanques i fragants.<\/span><\/p>\n<p><span style=\"font-weight: 400;\">Amb testos tamb\u00e9 pots <\/span><b>combinar <\/b><span style=\"font-weight: 400;\">aquestes esp\u00e8cies amb flors de temporada com ara cicl\u00e0mens o pensaments, que aporten colors extra i transformen qualsevol rac\u00f3 en un espai vibrant, fins i tot en els mesos m\u00e9s freds.<\/span><\/p>\n<h2><b>Consells de cura i manteniment per a plantes d'hivern per a exterior<\/b><\/h2>\n<p><span style=\"font-weight: 400;\">Per mantenir les <\/span><b>plantes d'hivern per a exterior<\/b><span style=\"font-weight: 400;\"> en bon estat, \u00e9s fonamental adaptar les cures a les condicions de cada esp\u00e8cie.<\/span><\/p>\n<h3><b>Reg\u00a0<\/b><\/h3>\n<p><span style=\"font-weight: 400;\">Ha de ser menys freq\u00fcent que a la primavera o l'estiu, per\u00f2 <\/span><b>sempre regular<\/b><span style=\"font-weight: 400;\">. Evita l'entollament, ja que les arrels s\u00f3n m\u00e9s vulnerables a l'exc\u00e9s d'humitat durant el fred. En testos, es recomana verificar que l'aigua <\/span><b>dreni correctament<\/b><span style=\"font-weight: 400;\"> i ajustar-ne la freq\u00fc\u00e8ncia segons l'exposici\u00f3 al sol i la temperatura ambiental.<\/span><\/p>\n<h3><b>Protecci\u00f3 davant de gelades intenses<\/b><\/h3>\n<p><span style=\"font-weight: 400;\">Tot i que la majoria de les plantes mediterr\u00e0nies resisteix b\u00e9 el fred, les gelades puntuals poden fer malb\u00e9 fulles i brots. Recomanem fer servir <\/span><b>cobertors transpirables, mantes t\u00e8rmiques o traslladar els testos a zones arrecerades<\/b><span style=\"font-weight: 400;\"> a zones resguardades.\u00a0<\/span><\/p>\n<h3><b>S\u00f2l i drenatge\u00a0<\/b><\/h3>\n<p><span style=\"font-weight: 400;\">En testos, una <\/span><b>capa de grava o arlita <\/b><span style=\"font-weight: 400;\">a la base millora la circulaci\u00f3 de l'aigua. En jardins, treballar el terra per mantenir-lo<\/span><b> airejat i enriquit<\/b><span style=\"font-weight: 400;\"> amb mat\u00e8ria org\u00e0nica afavoreix el creixement saludable de les arrels.\u00a0<\/span><\/p>\n<h3><b>Poda lleugera i neteja<\/b><\/h3>\n<p><span style=\"font-weight: 400;\">La poda lleugera a l'hivern ajuda a mantenir la forma d'arbustos i arbres petits, eliminen branques seques o danyades i facilita la circulaci\u00f3 d'aire. Aix\u00ed mateix, la neteja de fulles mortes i restes vegetals <\/span><b>preveu l'aparici\u00f3 de fongs i mant\u00e9 l'espai net i atractiu.<\/b><span style=\"font-weight: 400;\">\u00a0<\/span><\/p>\n<h3><b>Fertilitzaci\u00f3\u00a0<\/b><\/h3>\n<p><span style=\"font-weight: 400;\">Si b\u00e9 a l'hivern les plantes creixen m\u00e9s lentament, aplicar fertilitzant org\u00e0nic d'alliberament lent <\/span><b>ajuda a mantenir la salut del fullatge i a enfortir les arrels. <\/b><span style=\"font-weight: 400;\">\u00c9s important triar formulacions equilibrades, que aportin nutrients sense estimular un creixement excessiu.<\/span><\/p>\n<h2><b>Mesos freds, espais vius amb Teodora<\/b><\/h2>\n<p><span style=\"font-weight: 400;\">Les plantes d'hivern per a exterior demostren que els mesos freds <\/span><b>no tenen perqu\u00e8 implicar terrasses desllu\u00efdes. <\/b><span style=\"font-weight: 400;\">Cadascuna de les esp\u00e8cies esmentades ofereix resist\u00e8ncia, bellesa i funcionalitat per mantenir els espais vius durant tot l'any. Amb cures b\u00e0siques de reg, protecci\u00f3 davant de gelades, poda i terra adequat, la teva terrassa es veur\u00e0 espl\u00e8ndida els dotze mesos de l'any.\u00a0<\/span><\/p>\n<p><span style=\"font-weight: 400;\">A <\/span><a href=\"https:\/\/teodorabcn.com\/ca\/\"><b>Teodora<\/b><\/a><span style=\"font-weight: 400;\">, ajudem que cada projecte de disseny d'exteriors combini est\u00e8tica, resist\u00e8ncia i practicitat. Els nostres especialistes us assessoraran per seleccionar les plantes m\u00e9s adequades, planificar la vostra distribuci\u00f3 i mantenir el vostre espai exterior en perfecte estat. L'objectiu? <\/span><b>Crear un veritable oasi urb\u00e0 amb estil mediterrani.<\/b><span style=\"font-weight: 400;\">\u00a0<\/span><\/p>\n<p><span style=\"font-weight: 400;\">Deixa que la teva terrassa dels somnis prengui vida. <\/span><b>Posa't en <\/b><a href=\"https:\/\/teodorabcn.com\/ca\/contacto\/\"><b>contacte<\/b><\/a><b> amb el nostre equip avui perqu\u00e8 puguem convertir la teva idea en realitat.<\/b><span style=\"font-weight: 400;\"> para que podamos convertir tu idea en realidad.\u00a0<\/span><\/p>","protected":false},"excerpt":{"rendered":"<p>Los d\u00edas fr\u00edos tienden a erosionar el color de las terrazas, dando la sensaci\u00f3n de que el invierno apaga la vida exterior. Pero esa idea no puede ser m\u00e1s incorrecta\u2026 con una buena selecci\u00f3n de especies, es posible mantener un espacio lleno de frescura, textura y vitalidad durante todo el a\u00f1o. La clave est\u00e1 en [&hellip;]<\/p>","protected":false},"author":8,"featured_media":3142,"comment_status":"closed","ping_status":"closed","sticky":false,"template":"","format":"standard","meta":{"footnotes":""},"categories":[1],"tags":[],"class_list":["post-3141","post","type-post","status-publish","format-standard","has-post-thumbnail","hentry","category-sin-categorizar"],"yoast_head":"<!-- This site is optimized with the Yoast SEO plugin v26.6 - https:\/\/yoast.com\/wordpress\/plugins\/seo\/ -->\n<title>Las seis mejores y m\u00e1s resistentes plantas de invierno para exterior - Teodora<\/title>\n<meta name=\"description\" content=\"Plantas de invierno para exterior que combinan belleza y resistencia: mant\u00e9n tu terraza llena de vida durante todo el a\u00f1o.\" \/>\n<meta name=\"robots\" content=\"index, follow, max-snippet:-1, max-image-preview:large, max-video-preview:-1\" \/>\n<link rel=\"canonical\" href=\"https:\/\/teodorabcn.com\/ca\/las-seis-mejores-y-mas-resistentes-plantas-de-invierno-para-exterior\/\" \/>\n<meta property=\"og:locale\" content=\"ca_ES\" \/>\n<meta property=\"og:type\" content=\"article\" \/>\n<meta property=\"og:title\" content=\"Las seis mejores y m\u00e1s resistentes plantas de invierno para exterior - Teodora\" \/>\n<meta property=\"og:description\" content=\"Plantas de invierno para exterior que combinan belleza y resistencia: mant\u00e9n tu terraza llena de vida durante todo el a\u00f1o.\" \/>\n<meta property=\"og:url\" content=\"https:\/\/teodorabcn.com\/ca\/las-seis-mejores-y-mas-resistentes-plantas-de-invierno-para-exterior\/\" \/>\n<meta property=\"og:site_name\" content=\"Teodora\" \/>\n<meta property=\"article:publisher\" content=\"https:\/\/www.facebook.com\/profile.php?id=61550838347854\" \/>\n<meta property=\"article:published_time\" content=\"2025-09-22T08:08:05+00:00\" \/>\n<meta property=\"article:modified_time\" content=\"2025-12-22T08:36:46+00:00\" \/>\n<meta property=\"og:image\" content=\"https:\/\/teodorabcn.com\/wp-content\/uploads\/2025\/09\/image1.jpg\" \/>\n\t<meta property=\"og:image:width\" content=\"1273\" \/>\n\t<meta property=\"og:image:height\" content=\"850\" \/>\n\t<meta property=\"og:image:type\" content=\"image\/jpeg\" \/>\n<meta name=\"author\" content=\"Fanny\" \/>\n<meta name=\"twitter:card\" content=\"summary_large_image\" \/>\n<meta name=\"twitter:label1\" content=\"Escrit per\" \/>\n\t<meta name=\"twitter:data1\" content=\"Fanny\" \/>\n\t<meta name=\"twitter:label2\" content=\"Temps estimat de lectura\" \/>\n\t<meta name=\"twitter:data2\" content=\"8 minuts\" \/>\n<script type=\"application\/ld+json\" class=\"yoast-schema-graph\">{\"@context\":\"https:\/\/schema.org\",\"@graph\":[{\"@type\":\"Article\",\"@id\":\"https:\/\/teodorabcn.com\/las-seis-mejores-y-mas-resistentes-plantas-de-invierno-para-exterior\/#article\",\"isPartOf\":{\"@id\":\"https:\/\/teodorabcn.com\/las-seis-mejores-y-mas-resistentes-plantas-de-invierno-para-exterior\/\"},\"author\":{\"name\":\"Fanny\",\"@id\":\"https:\/\/teodorabcn.com\/#\/schema\/person\/51ee1cdbdf5319b306e7bd9a93f57629\"},\"headline\":\"Las seis mejores y m\u00e1s resistentes plantas de invierno para exterior\",\"datePublished\":\"2025-09-22T08:08:05+00:00\",\"dateModified\":\"2025-12-22T08:36:46+00:00\",\"mainEntityOfPage\":{\"@id\":\"https:\/\/teodorabcn.com\/las-seis-mejores-y-mas-resistentes-plantas-de-invierno-para-exterior\/\"},\"wordCount\":1598,\"publisher\":{\"@id\":\"https:\/\/teodorabcn.com\/#organization\"},\"image\":{\"@id\":\"https:\/\/teodorabcn.com\/las-seis-mejores-y-mas-resistentes-plantas-de-invierno-para-exterior\/#primaryimage\"},\"thumbnailUrl\":\"https:\/\/teodorabcn.com\/wp-content\/uploads\/2025\/09\/image1.jpg\",\"articleSection\":[\"Sin categorizar\"],\"inLanguage\":\"ca\"},{\"@type\":\"WebPage\",\"@id\":\"https:\/\/teodorabcn.com\/las-seis-mejores-y-mas-resistentes-plantas-de-invierno-para-exterior\/\",\"url\":\"https:\/\/teodorabcn.com\/las-seis-mejores-y-mas-resistentes-plantas-de-invierno-para-exterior\/\",\"name\":\"Las seis mejores y m\u00e1s resistentes plantas de invierno para exterior - Teodora\",\"isPartOf\":{\"@id\":\"https:\/\/teodorabcn.com\/#website\"},\"primaryImageOfPage\":{\"@id\":\"https:\/\/teodorabcn.com\/las-seis-mejores-y-mas-resistentes-plantas-de-invierno-para-exterior\/#primaryimage\"},\"image\":{\"@id\":\"https:\/\/teodorabcn.com\/las-seis-mejores-y-mas-resistentes-plantas-de-invierno-para-exterior\/#primaryimage\"},\"thumbnailUrl\":\"https:\/\/teodorabcn.com\/wp-content\/uploads\/2025\/09\/image1.jpg\",\"datePublished\":\"2025-09-22T08:08:05+00:00\",\"dateModified\":\"2025-12-22T08:36:46+00:00\",\"description\":\"Plantas de invierno para exterior que combinan belleza y resistencia: mant\u00e9n tu terraza llena de vida durante todo el a\u00f1o.\",\"breadcrumb\":{\"@id\":\"https:\/\/teodorabcn.com\/las-seis-mejores-y-mas-resistentes-plantas-de-invierno-para-exterior\/#breadcrumb\"},\"inLanguage\":\"ca\",\"potentialAction\":[{\"@type\":\"ReadAction\",\"target\":[\"https:\/\/teodorabcn.com\/las-seis-mejores-y-mas-resistentes-plantas-de-invierno-para-exterior\/\"]}]},{\"@type\":\"ImageObject\",\"inLanguage\":\"ca\",\"@id\":\"https:\/\/teodorabcn.com\/las-seis-mejores-y-mas-resistentes-plantas-de-invierno-para-exterior\/#primaryimage\",\"url\":\"https:\/\/teodorabcn.com\/wp-content\/uploads\/2025\/09\/image1.jpg\",\"contentUrl\":\"https:\/\/teodorabcn.com\/wp-content\/uploads\/2025\/09\/image1.jpg\",\"width\":1273,\"height\":850,\"caption\":\"Plantas de invierno exterior\"},{\"@type\":\"BreadcrumbList\",\"@id\":\"https:\/\/teodorabcn.com\/las-seis-mejores-y-mas-resistentes-plantas-de-invierno-para-exterior\/#breadcrumb\",\"itemListElement\":[{\"@type\":\"ListItem\",\"position\":1,\"name\":\"Portada\",\"item\":\"https:\/\/teodorabcn.com\/\"},{\"@type\":\"ListItem\",\"position\":2,\"name\":\"Las seis mejores y m\u00e1s resistentes plantas de invierno para exterior\"}]},{\"@type\":\"WebSite\",\"@id\":\"https:\/\/teodorabcn.com\/#website\",\"url\":\"https:\/\/teodorabcn.com\/\",\"name\":\"Teodora Exteriorismo\",\"description\":\"Creamos terrazas y jardines con car\u00e1cter.\",\"publisher\":{\"@id\":\"https:\/\/teodorabcn.com\/#organization\"},\"alternateName\":\"Teodora\",\"potentialAction\":[{\"@type\":\"SearchAction\",\"target\":{\"@type\":\"EntryPoint\",\"urlTemplate\":\"https:\/\/teodorabcn.com\/?s={search_term_string}\"},\"query-input\":{\"@type\":\"PropertyValueSpecification\",\"valueRequired\":true,\"valueName\":\"search_term_string\"}}],\"inLanguage\":\"ca\"},{\"@type\":\"Organization\",\"@id\":\"https:\/\/teodorabcn.com\/#organization\",\"name\":\"Teodora Exteriorismo\",\"alternateName\":\"Teodora\",\"url\":\"https:\/\/teodorabcn.com\/\",\"logo\":{\"@type\":\"ImageObject\",\"inLanguage\":\"ca\",\"@id\":\"https:\/\/teodorabcn.com\/#\/schema\/logo\/image\/\",\"url\":\"https:\/\/teodorabcn.com\/wp-content\/uploads\/2023\/10\/Teodora_logo-_EXT-Ok-ESP-e1706538305612.jpg\",\"contentUrl\":\"https:\/\/teodorabcn.com\/wp-content\/uploads\/2023\/10\/Teodora_logo-_EXT-Ok-ESP-e1706538305612.jpg\",\"width\":1540,\"height\":573,\"caption\":\"Teodora Exteriorismo\"},\"image\":{\"@id\":\"https:\/\/teodorabcn.com\/#\/schema\/logo\/image\/\"},\"sameAs\":[\"https:\/\/www.facebook.com\/profile.php?id=61550838347854\",\"https:\/\/www.instagram.com\/teodora.exteriorismo\/?hl=es\",\"https:\/\/www.pinterest.es\/teodora_exteriorismo\/\",\"https:\/\/www.linkedin.com\/company\/teodora-bcn-exteriorismo\/\"]},{\"@type\":\"Person\",\"@id\":\"https:\/\/teodorabcn.com\/#\/schema\/person\/51ee1cdbdf5319b306e7bd9a93f57629\",\"name\":\"Fanny\",\"image\":{\"@type\":\"ImageObject\",\"inLanguage\":\"ca\",\"@id\":\"https:\/\/teodorabcn.com\/#\/schema\/person\/image\/\",\"url\":\"https:\/\/secure.gravatar.com\/avatar\/db009b4608aefdd5a3592f6a3ea43b35edbf6cb312d1076236cc6e7b974f831a?s=96&d=mm&r=g\",\"contentUrl\":\"https:\/\/secure.gravatar.com\/avatar\/db009b4608aefdd5a3592f6a3ea43b35edbf6cb312d1076236cc6e7b974f831a?s=96&d=mm&r=g\",\"caption\":\"Fanny\"},\"url\":\"https:\/\/teodorabcn.com\/ca\/author\/fanny\/\"}]}<\/script>\n<!-- \/ Yoast SEO plugin. -->","yoast_head_json":{"title":"Las seis mejores y m\u00e1s resistentes plantas de invierno para exterior - Teodora","description":"Plantas de invierno para exterior que combinan belleza y resistencia: mant\u00e9n tu terraza llena de vida durante todo el a\u00f1o.","robots":{"index":"index","follow":"follow","max-snippet":"max-snippet:-1","max-image-preview":"max-image-preview:large","max-video-preview":"max-video-preview:-1"},"canonical":"https:\/\/teodorabcn.com\/ca\/las-seis-mejores-y-mas-resistentes-plantas-de-invierno-para-exterior\/","og_locale":"ca_ES","og_type":"article","og_title":"Las seis mejores y m\u00e1s resistentes plantas de invierno para exterior - Teodora","og_description":"Plantas de invierno para exterior que combinan belleza y resistencia: mant\u00e9n tu terraza llena de vida durante todo el a\u00f1o.","og_url":"https:\/\/teodorabcn.com\/ca\/las-seis-mejores-y-mas-resistentes-plantas-de-invierno-para-exterior\/","og_site_name":"Teodora","article_publisher":"https:\/\/www.facebook.com\/profile.php?id=61550838347854","article_published_time":"2025-09-22T08:08:05+00:00","article_modified_time":"2025-12-22T08:36:46+00:00","og_image":[{"width":1273,"height":850,"url":"https:\/\/teodorabcn.com\/wp-content\/uploads\/2025\/09\/image1.jpg","type":"image\/jpeg"}],"author":"Fanny","twitter_card":"summary_large_image","twitter_misc":{"Escrit per":"Fanny","Temps estimat de lectura":"8 minuts"},"schema":{"@context":"https:\/\/schema.org","@graph":[{"@type":"Article","@id":"https:\/\/teodorabcn.com\/las-seis-mejores-y-mas-resistentes-plantas-de-invierno-para-exterior\/#article","isPartOf":{"@id":"https:\/\/teodorabcn.com\/las-seis-mejores-y-mas-resistentes-plantas-de-invierno-para-exterior\/"},"author":{"name":"Fanny","@id":"https:\/\/teodorabcn.com\/#\/schema\/person\/51ee1cdbdf5319b306e7bd9a93f57629"},"headline":"Las seis mejores y m\u00e1s resistentes plantas de invierno para exterior","datePublished":"2025-09-22T08:08:05+00:00","dateModified":"2025-12-22T08:36:46+00:00","mainEntityOfPage":{"@id":"https:\/\/teodorabcn.com\/las-seis-mejores-y-mas-resistentes-plantas-de-invierno-para-exterior\/"},"wordCount":1598,"publisher":{"@id":"https:\/\/teodorabcn.com\/#organization"},"image":{"@id":"https:\/\/teodorabcn.com\/las-seis-mejores-y-mas-resistentes-plantas-de-invierno-para-exterior\/#primaryimage"},"thumbnailUrl":"https:\/\/teodorabcn.com\/wp-content\/uploads\/2025\/09\/image1.jpg","articleSection":["Sin categorizar"],"inLanguage":"ca"},{"@type":"WebPage","@id":"https:\/\/teodorabcn.com\/las-seis-mejores-y-mas-resistentes-plantas-de-invierno-para-exterior\/","url":"https:\/\/teodorabcn.com\/las-seis-mejores-y-mas-resistentes-plantas-de-invierno-para-exterior\/","name":"Las seis mejores y m\u00e1s resistentes plantas de invierno para exterior - Teodora","isPartOf":{"@id":"https:\/\/teodorabcn.com\/#website"},"primaryImageOfPage":{"@id":"https:\/\/teodorabcn.com\/las-seis-mejores-y-mas-resistentes-plantas-de-invierno-para-exterior\/#primaryimage"},"image":{"@id":"https:\/\/teodorabcn.com\/las-seis-mejores-y-mas-resistentes-plantas-de-invierno-para-exterior\/#primaryimage"},"thumbnailUrl":"https:\/\/teodorabcn.com\/wp-content\/uploads\/2025\/09\/image1.jpg","datePublished":"2025-09-22T08:08:05+00:00","dateModified":"2025-12-22T08:36:46+00:00","description":"Plantas de invierno para exterior que combinan belleza y resistencia: mant\u00e9n tu terraza llena de vida durante todo el a\u00f1o.","breadcrumb":{"@id":"https:\/\/teodorabcn.com\/las-seis-mejores-y-mas-resistentes-plantas-de-invierno-para-exterior\/#breadcrumb"},"inLanguage":"ca","potentialAction":[{"@type":"ReadAction","target":["https:\/\/teodorabcn.com\/las-seis-mejores-y-mas-resistentes-plantas-de-invierno-para-exterior\/"]}]},{"@type":"ImageObject","inLanguage":"ca","@id":"https:\/\/teodorabcn.com\/las-seis-mejores-y-mas-resistentes-plantas-de-invierno-para-exterior\/#primaryimage","url":"https:\/\/teodorabcn.com\/wp-content\/uploads\/2025\/09\/image1.jpg","contentUrl":"https:\/\/teodorabcn.com\/wp-content\/uploads\/2025\/09\/image1.jpg","width":1273,"height":850,"caption":"Plantas de invierno exterior"},{"@type":"BreadcrumbList","@id":"https:\/\/teodorabcn.com\/las-seis-mejores-y-mas-resistentes-plantas-de-invierno-para-exterior\/#breadcrumb","itemListElement":[{"@type":"ListItem","position":1,"name":"Portada","item":"https:\/\/teodorabcn.com\/"},{"@type":"ListItem","position":2,"name":"Las seis mejores y m\u00e1s resistentes plantas de invierno para exterior"}]},{"@type":"WebSite","@id":"https:\/\/teodorabcn.com\/#website","url":"https:\/\/teodorabcn.com\/","name":"Teodora Exteriorisme","description":"Creamos terrazas y jardines con car\u00e1cter.","publisher":{"@id":"https:\/\/teodorabcn.com\/#organization"},"alternateName":"Teodora","potentialAction":[{"@type":"SearchAction","target":{"@type":"EntryPoint","urlTemplate":"https:\/\/teodorabcn.com\/?s={search_term_string}"},"query-input":{"@type":"PropertyValueSpecification","valueRequired":true,"valueName":"search_term_string"}}],"inLanguage":"ca"},{"@type":"Organization","@id":"https:\/\/teodorabcn.com\/#organization","name":"Teodora Exteriorisme","alternateName":"Teodora","url":"https:\/\/teodorabcn.com\/","logo":{"@type":"ImageObject","inLanguage":"ca","@id":"https:\/\/teodorabcn.com\/#\/schema\/logo\/image\/","url":"https:\/\/teodorabcn.com\/wp-content\/uploads\/2023\/10\/Teodora_logo-_EXT-Ok-ESP-e1706538305612.jpg","contentUrl":"https:\/\/teodorabcn.com\/wp-content\/uploads\/2023\/10\/Teodora_logo-_EXT-Ok-ESP-e1706538305612.jpg","width":1540,"height":573,"caption":"Teodora Exteriorismo"},"image":{"@id":"https:\/\/teodorabcn.com\/#\/schema\/logo\/image\/"},"sameAs":["https:\/\/www.facebook.com\/profile.php?id=61550838347854","https:\/\/www.instagram.com\/teodora.exteriorismo\/?hl=es","https:\/\/www.pinterest.es\/teodora_exteriorismo\/","https:\/\/www.linkedin.com\/company\/teodora-bcn-exteriorismo\/"]},{"@type":"Person","@id":"https:\/\/teodorabcn.com\/#\/schema\/person\/51ee1cdbdf5319b306e7bd9a93f57629","name":"Fanny","image":{"@type":"ImageObject","inLanguage":"ca","@id":"https:\/\/teodorabcn.com\/#\/schema\/person\/image\/","url":"https:\/\/secure.gravatar.com\/avatar\/db009b4608aefdd5a3592f6a3ea43b35edbf6cb312d1076236cc6e7b974f831a?s=96&d=mm&r=g","contentUrl":"https:\/\/secure.gravatar.com\/avatar\/db009b4608aefdd5a3592f6a3ea43b35edbf6cb312d1076236cc6e7b974f831a?s=96&d=mm&r=g","caption":"Fanny"},"url":"https:\/\/teodorabcn.com\/ca\/author\/fanny\/"}]}},"_links":{"self":[{"href":"https:\/\/teodorabcn.com\/ca\/wp-json\/wp\/v2\/posts\/3141","targetHints":{"allow":["GET"]}}],"collection":[{"href":"https:\/\/teodorabcn.com\/ca\/wp-json\/wp\/v2\/posts"}],"about":[{"href":"https:\/\/teodorabcn.com\/ca\/wp-json\/wp\/v2\/types\/post"}],"author":[{"embeddable":true,"href":"https:\/\/teodorabcn.com\/ca\/wp-json\/wp\/v2\/users\/8"}],"replies":[{"embeddable":true,"href":"https:\/\/teodorabcn.com\/ca\/wp-json\/wp\/v2\/comments?post=3141"}],"version-history":[{"count":2,"href":"https:\/\/teodorabcn.com\/ca\/wp-json\/wp\/v2\/posts\/3141\/revisions"}],"predecessor-version":[{"id":3215,"href":"https:\/\/teodorabcn.com\/ca\/wp-json\/wp\/v2\/posts\/3141\/revisions\/3215"}],"wp:featuredmedia":[{"embeddable":true,"href":"https:\/\/teodorabcn.com\/ca\/wp-json\/wp\/v2\/media\/3142"}],"wp:attachment":[{"href":"https:\/\/teodorabcn.com\/ca\/wp-json\/wp\/v2\/media?parent=3141"}],"wp:term":[{"taxonomy":"category","embeddable":true,"href":"https:\/\/teodorabcn.com\/ca\/wp-json\/wp\/v2\/categories?post=3141"},{"taxonomy":"post_tag","embeddable":true,"href":"https:\/\/teodorabcn.com\/ca\/wp-json\/wp\/v2\/tags?post=3141"}],"curies":[{"name":"wp","href":"https:\/\/api.w.org\/{rel}","templated":true}]}}