{"id":3091,"date":"2025-08-12T09:27:15","date_gmt":"2025-08-12T07:27:15","guid":{"rendered":"https:\/\/teodorabcn.com\/?p=3091"},"modified":"2025-12-22T09:37:34","modified_gmt":"2025-12-22T08:37:34","slug":"haz-de-tu-terraza-cubierta-el-corazon-de-tu-hogar-en-cualquier-clima","status":"publish","type":"post","link":"https:\/\/teodorabcn.com\/ca\/haz-de-tu-terraza-cubierta-el-corazon-de-tu-hogar-en-cualquier-clima\/","title":{"rendered":"Fes de la teva terrassa coberta el cor de la teva llar en qualsevol clima"},"content":{"rendered":"<p><span style=\"font-weight: 400;\">Els espais a l'aire lliure a casa s\u00f3n un <\/span><b>valor afegit<\/b><span style=\"font-weight: 400;\">, per\u00f2 a vegades la inclem\u00e8ncia del temps limita el seu \u00fas i gaudi. Trobar l'equilibri entre protegir-se de les condicions clim\u00e0tiques i mantenir aquesta sensaci\u00f3 d'estar en l'exterior pot ser tot un repte. No obstant aix\u00f2, existeixen dissenys pensats per a oferir just aix\u00f2: <\/span><b>una terrassa coberta per a viure l'experi\u00e8ncia de l'aire lliure amb total comoditat durant tot l'any.<\/b><\/p>\n<p><span style=\"font-weight: 400;\">Amb una infinitat de materials i dissenys disponibles, \u00e9s possible <\/span><b>adaptar la terrassa coberta a qualsevol tipus d'espai i est\u00e8tica<\/b><span style=\"font-weight: 400;\">, i crear aix\u00ed un rac\u00f3 ideal per a relaxar-se, socialitzar o fins i tot treballar, sense importar l'\u00e8poca de l'any.<\/span><\/p>\n<p><span style=\"font-weight: 400;\">A <\/span><b>Teodora<\/b><span style=\"font-weight: 400;\">, ens especialitzem en el disseny d'exteriors i en la creaci\u00f3 de terrasses cobertes que <\/span><b>s'adapten a la teva llar o el teu negoci<\/b><span style=\"font-weight: 400;\">. Avui, veiem qu\u00e8 \u00e9s una terrassa coberta, les millors opcions de sostre, els seus avantatges, les \u00faltimes tend\u00e8ncies i com pots transformar el teu espai exterior amb l'ajuda d'un professional.<\/span><\/p>\n<h2><b>Qu\u00e8 \u00e9s una terrassa coberta?<\/b><\/h2>\n<p><span style=\"font-weight: 400;\">Parlem d'un espai exterior que, com el seu nom indica, est\u00e0 <\/span><b>protegit per un sostre<\/b><span style=\"font-weight: 400;\"> per a gaudir de l'aire lliure sense estar exposat a les condicions clim\u00e0tiques adverses. A difer\u00e8ncia d'una terrassa convencional, que sol estar oberta a tots els elements, una terrassa coberta ofereix una <\/span><b>major protecci\u00f3<\/b><span style=\"font-weight: 400;\">, per\u00f2 mant\u00e9 la sensaci\u00f3 d'estar a l'aire lliure.<\/span><\/p>\n<h3><b>Quina \u00e9s la difer\u00e8ncia entre una terrassa i un terrat?<\/b><\/h3>\n<p><span style=\"font-weight: 400;\">Aunque en ocasiones se puede utilizar el t\u00e9rmino \u00abazotea\u00bb de manera intercambiable con \u00abterraza\u00bb, existen diferencias importantes entre ambos conceptos. Por un lado, <\/span><b>un terrat \u00e9s una superf\u00edcie plana en la part superior d'un edifici<\/b><span style=\"font-weight: 400;\">, que s'utilitza principalment com a espai exterior sense cap estructura adicional. Generalment, no t\u00e9 protecci\u00f3 enfront de les inclem\u00e8ncies del temps, la qual cosa la fa menys c\u00f2moda per a l'\u00fas habitual.<\/span><\/p>\n<p><span style=\"font-weight: 400;\">D'altra banda, una <\/span><b>terrassa<\/b><span style=\"font-weight: 400;\"> pot comptar amb un sostre o una estructura que la protegeix del sol, la pluja i altres factors clim\u00e0tics. A m\u00e9s, mentre que els terrats solen ser espais sense una funci\u00f3 espec\u00edfica,<\/span><b> les terrasses es dissenyen per a complir diverses funcions<\/b><span style=\"font-weight: 400;\">, com a zona d'oci, menjador o fins i tot espai de treball.<\/span><\/p>\n<h2><b>Quin \u00e9s el millor sostre per a una terrassa?<\/b><\/h2>\n<p><span style=\"font-weight: 400;\">Al moment de seleccionar el sostre per a la nostra terrassa, hem de tenir en compte alguns factors com<\/span><b> el clima local, l'estil personal i l'\u00fas previst<\/b><span style=\"font-weight: 400;\">:<\/span><\/p>\n<h3><b>Sostres de policarbonat<\/b><\/h3>\n<p><span style=\"font-weight: 400;\">Aquest material \u00e9s <\/span><b>resistent, lleuger i \u00e9s una excel\u00b7lent protecci\u00f3 enfront dels raigs UV<\/b><span style=\"font-weight: 400;\">. A m\u00e9s, deixa passar la llum natural i mant\u00e9 l'espai llumin\u00f3s sense el risc que se sobreescalfi.<\/span><\/p>\n<h3><b>Sostres de vidre<\/b><span style=\"font-weight: 400;\">\u00a0<\/span><\/h3>\n<p><span style=\"font-weight: 400;\">El vidre \u00e9s ideal per als qui busquen una terrassa que <\/span><b>s'integri a la perfecci\u00f3 amb l'exterior<\/b><span style=\"font-weight: 400;\">. Crea un ambient <\/span><b>luminoso y moderno<\/b><span style=\"font-weight: 400;\">, per\u00f2 requereix un manteniment m\u00e9s acurat per a evitar taques o trencaments.<\/span><\/p>\n<h3><b>Sostres de fusta o alumini<\/b><span style=\"font-weight: 400;\">\u00a0<\/span><\/h3>\n<p><span style=\"font-weight: 400;\">Si busques una<\/span><b> est\u00e8tica m\u00e9s c\u00e0lida i natural<\/b><span style=\"font-weight: 400;\">, aquests dos materials s\u00f3n una excel\u00b7lent opci\u00f3. S\u00f3n <\/span><b>duradors, resistents<\/b><span style=\"font-weight: 400;\"> i aporten un toc d'eleg\u00e0ncia.<\/span><\/p>\n<h3><b>Techos retr\u00e1ctiles<\/b><\/h3>\n<p><span style=\"font-weight: 400;\">Per als qui desitgen la possibilitat de gaudir d'un espai obert quan el clima ho permeti, aquest tipus de sostre <\/span><b>ofereix total flexibilitat<\/b><span style=\"font-weight: 400;\"> en poder obrir-se o tancar-se en qualsevol moment.<\/span><\/p>\n<h2><b>Avantatges de tenir una terrassa coberta<\/b><\/h2>\n<p><span style=\"font-weight: 400;\">Imagina tenir un espai en la teva pr\u00f2pia casa o negoci on, <\/span><b>fins i tot en ple hivern, puguis gaudir de la llum natural i sentir-te com si estiguessis a l'aire lliure\u2026<\/b><span style=\"font-weight: 400;\"> aquest \u00e9s nom\u00e9s un dels grans beneficis:<\/span><\/p>\n<h3><b>El teu refugi per a les quatre estacions<\/b><\/h3>\n<p><span style=\"font-weight: 400;\">Amb una terrassa coberta pots gaudir d'aquest espai <\/span><b>com si fos una habitaci\u00f3 m\u00e9s de la teva casa<\/b><span style=\"font-weight: 400;\">. Ja sigui sol, pluja o vent, tens la comoditat d'estar a l'aire lliure sense preocupar-te pel mal temps. En estar protegida, es converteix en un refugi per a utilitzar-la durant totes les estacions.<\/span><\/p>\n<h3><b>Un espai que parla de tu<\/b><span style=\"font-weight: 400;\">\u00a0<\/span><\/h3>\n<p><span style=\"font-weight: 400;\">Deixa volar la teva imaginaci\u00f3 (o la de la teva *exteriorista) per a crear un <\/span><b>espai m\u00e9s privat i tranquil<\/b><span style=\"font-weight: 400;\">: tens l'oportunitat de dissenyar-ho segons les teves prefer\u00e8ncies, afegir els teus mobles favorits, plantes i altres elements decoratius per a fer-ho m\u00e9s acollidor.<\/span><\/p>\n<h3><b>Molt m\u00e9s que un espai bonic<\/b><\/h3>\n<p><span style=\"font-weight: 400;\">Sabem que l'aspecte est\u00e8tic \u00e9s essencial, per\u00f2, i si et digu\u00e9ssim que una terrassa coberta t\u00e9 el poder de <\/span><b>d'augmentar el valor de la teva propietat<\/b><span style=\"font-weight: 400;\">? Al moment de vendre-la, pot ser l'element que destaqui la teva llar i convertir-la en un gran atractiu per a potencials compradors.<\/span><\/p>\n<h3><b>Un m\u00f3n de possibilitats<\/b><\/h3>\n<p><span style=\"font-weight: 400;\">Pensa en una terrassa coberta com un <\/span><b>espai altament vers\u00e0til<\/b><span style=\"font-weight: 400;\">: puede servir como zona de ocio, comedor, \u00e1rea de juegos para ni\u00f1os o incluso un espacio para plantas. Las posibilidades de uso son infinitas. Solo tienes que pensar qu\u00e9 ambiente quieres crear con ella y adaptarla a tus preferencias.<\/span><\/p>\n<h2><b>Idees i tend\u00e8ncies en terrasses cobertes<\/b><\/h2>\n<p><span style=\"font-weight: 400;\">Les terrasses cobertes s\u00f3n espais que evolucionen amb el temps. Per aix\u00f2, des de <\/span><b>Teodora <\/b><span style=\"font-weight: 400;\">portem alguns dels \u00faltims estils que estan marcant tend\u00e8ncia:<\/span><\/p>\n<h3><b>Estructures modernes i amb personalitat<\/b><\/h3>\n<p><span style=\"font-weight: 400;\">Les estructures met\u00e0l\u00b7liques minimalistes i de l\u00ednies rectes aporten un<\/span><b> estil modern, elegant i net.<\/b><span style=\"font-weight: 400;\">. S'empren materials com el policarbonat o el vidre que, a m\u00e9s de permetre el pas de la llum natural, <\/span><b>no obstrueixen la vista<\/b><span style=\"font-weight: 400;\">. El resultat? Un ambient sofisticat sense ser recarregat que se sent com si estigu\u00e9s a l'aire lliure.<\/span><\/p>\n<h3><b>Un rac\u00f3 natural a casa<\/b><\/h3>\n<p><span style=\"font-weight: 400;\">Moltes terrasses cobertes es dissenyen per a<\/span><b> fondre's amb la naturalesa<\/b><span style=\"font-weight: 400;\">. \u00c9s a dir, s'integra vegetaci\u00f3 concorde al clima del lloc, com a plantes en tests grans o plantes enfiladisses. D'aquesta manera, es dona vida a l'espai al mateix temps que es crea una <\/span><b>atmosfera d'harmonia i tranquil\u00b7litat<\/b><span style=\"font-weight: 400;\">. La connexi\u00f3 entre els espais interiors i exteriors s'aconsegueix de manera fluida perqu\u00e8, a m\u00e9s, s'utilitzen <\/span><b>materials naturals<\/b><span style=\"font-weight: 400;\"> com la <\/span><b>fusta natural o sint\u00e8tica o el ferro forjat no solament en les p\u00e8rgoles sin\u00f3<\/b><span style=\"font-weight: 400;\"> en els mobles i en els elements decoratius de la terrassa.<\/span><\/p>\n<h4><span style=\"font-weight: 400;\"><a href=\"https:\/\/teodorabcn.com\/ca\/proyecto\/terraza-panama\/\"><b>Terrassa Panam\u00e0<\/b><\/a><\/span><\/h4>\n<p><img fetchpriority=\"high\" decoding=\"async\" class=\"alignnone wp-image-3093\" src=\"https:\/\/teodorabcn.com\/wp-content\/uploads\/2025\/08\/image3-300x169.jpg\" alt=\"Terraza cubierta 2 \" width=\"900\" height=\"507\" srcset=\"https:\/\/teodorabcn.com\/wp-content\/uploads\/2025\/08\/image3-300x169.jpg 300w, https:\/\/teodorabcn.com\/wp-content\/uploads\/2025\/08\/image3-1024x576.jpg 1024w, https:\/\/teodorabcn.com\/wp-content\/uploads\/2025\/08\/image3-768x432.jpg 768w, https:\/\/teodorabcn.com\/wp-content\/uploads\/2025\/08\/image3-1536x864.jpg 1536w, https:\/\/teodorabcn.com\/wp-content\/uploads\/2025\/08\/image3-18x10.jpg 18w, https:\/\/teodorabcn.com\/wp-content\/uploads\/2025\/08\/image3.jpg 1920w\" sizes=\"(max-width: 900px) 100vw, 900px\" \/><\/p>\n<p><span style=\"font-weight: 400;\">Aquest projecte posa un fort \u00e8mfasi en la connexi\u00f3 entre l'interior i l'exterior. D'una banda, la barana de cristall ofereix vistes sense obstruccions, per\u00f2 tamb\u00e9 <\/span><b>refor\u00e7a la sensaci\u00f3 d'estar envoltat de naturalesa<\/b><span style=\"font-weight: 400;\"> mentre es mant\u00e9 en plena ciutat. La p\u00e8rgola alistonada de fusta i les cortines verticals en la zona d'estar aporten calidesa i privacitat, mentre que les jardineres artesanals d'argila i l'elecci\u00f3 d'arbres proporcionen un <\/span><b>contrast org\u00e0nic<\/b><span style=\"font-weight: 400;\"> que equilibra perfectament el disseny. Aix\u00ed, la terrassa es converteix en un espai multifuncional, que ofereix un ambient \u00fanic que fusiona la serenitat de la naturalesa amb la comoditat d'un espai modern i sofisticat.<\/span><\/p>\n<h3><b>Espais per al relax<\/b><\/h3>\n<p><span style=\"font-weight: 400;\">Els dissenys actuals aposten per <\/span><b>mobles d'exterior de qualitat, coixins grans i superf\u00edcies \u00e0mplies<\/b><span style=\"font-weight: 400;\"> que conviden a asseure's, relaxar-se i gaudir. S\u00f3n espais perfectes per a <\/span><b>reunions socials, sopars o fins i tot com una extensi\u00f3 del sal\u00f3<\/b><span style=\"font-weight: 400;\"> en els dies m\u00e9s frescos. Els t\u00e8xtils suaus i c\u00f2modes en tons c\u00e0lids dels coixins i les catifes combinats amb una bona il\u00b7luminaci\u00f3, donen un toc acollidor perqu\u00e8 qualsevol moment a la terrassa sigui un plaer.\u00a0<\/span><\/p>\n<h4><b><a href=\"https:\/\/teodorabcn.com\/ca\/proyecto\/terraza-ganduxer\/\">Terrassa Ganduxe<\/a><\/b><\/h4>\n<p><img decoding=\"async\" class=\"alignnone wp-image-3095\" src=\"https:\/\/teodorabcn.com\/wp-content\/uploads\/2025\/08\/image2-300x169.jpg\" alt=\"Terraza cubierta 3 \" width=\"891\" height=\"502\" srcset=\"https:\/\/teodorabcn.com\/wp-content\/uploads\/2025\/08\/image2-300x169.jpg 300w, https:\/\/teodorabcn.com\/wp-content\/uploads\/2025\/08\/image2-1024x576.jpg 1024w, https:\/\/teodorabcn.com\/wp-content\/uploads\/2025\/08\/image2-768x432.jpg 768w, https:\/\/teodorabcn.com\/wp-content\/uploads\/2025\/08\/image2-1536x864.jpg 1536w, https:\/\/teodorabcn.com\/wp-content\/uploads\/2025\/08\/image2-18x10.jpg 18w, https:\/\/teodorabcn.com\/wp-content\/uploads\/2025\/08\/image2.jpg 1920w\" sizes=\"(max-width: 891px) 100vw, 891px\" \/><\/p>\n<p><span style=\"font-weight: 400;\">Entre aquests espais que conviden a relaxar-se, tenim aquesta terrassa, un refugi envidrat sota una p\u00e8rgola de fusta tropical que ofereix protecci\u00f3 enfront del vent i al sol, mentre que les pantalles motoritzades i les cortines de cristall laterals asseguren un ambient agradable durant tot l'any. A m\u00e9s, la zona de menjador, <\/span><b>protegida per un tendal enrotllable<\/b><span style=\"font-weight: 400;\">, convida a gaudir de les vistes mentre es comparteix un menjar en fam\u00edlia.<\/span><\/p>\n<h3><b>Llum natural al teu abast<\/b><\/h3>\n<p><span style=\"font-weight: 400;\">Els sostres retr\u00e0ctils o semi-transparents, com els que utilitzen estructures met\u00e0l\u00b7liques, fan possible que la llum natural flueixi <\/span><b>mentre ofereixen l'ombra i protecci\u00f3 necess\u00e0ries quan el sol estreny<\/b><span style=\"font-weight: 400;\">. A m\u00e9s de funcionals, s\u00f3n un element de disseny que aporta un toc de modernitat i tecnologia, i converteixen a qualsevol terrassa en un lloc per a gaudir de l'aire lliure.<\/span><\/p>\n<h4><a href=\"https:\/\/teodorabcn.com\/ca\/proyecto\/terraza-sarria-ii\/\"><b>Terrassa Sarri\u00e0 II<\/b><\/a><\/h4>\n<p><img decoding=\"async\" class=\"alignnone wp-image-3096\" src=\"https:\/\/teodorabcn.com\/wp-content\/uploads\/2025\/08\/image4-300x225.jpg\" alt=\"Terraza cubierta 4\" width=\"892\" height=\"669\" srcset=\"https:\/\/teodorabcn.com\/wp-content\/uploads\/2025\/08\/image4-300x225.jpg 300w, https:\/\/teodorabcn.com\/wp-content\/uploads\/2025\/08\/image4-1024x768.jpg 1024w, https:\/\/teodorabcn.com\/wp-content\/uploads\/2025\/08\/image4-768x576.jpg 768w, https:\/\/teodorabcn.com\/wp-content\/uploads\/2025\/08\/image4-1536x1153.jpg 1536w, https:\/\/teodorabcn.com\/wp-content\/uploads\/2025\/08\/image4-16x12.jpg 16w, https:\/\/teodorabcn.com\/wp-content\/uploads\/2025\/08\/image4.jpg 1999w\" sizes=\"(max-width: 892px) 100vw, 892px\" \/><\/p>\n<p><span style=\"font-weight: 400;\">Aquesta terrassa est\u00e0 pensada per a aprofitar al m\u00e0xim les <\/span><b>vistes panor\u00e0miques de Barcelona i la Torre de Collserola<\/b><span style=\"font-weight: 400;\">, sense descurar el confort t\u00e8rmic durant tot l'any. La p\u00e8rgola de llistons de fusta tropical amb cristall, juntament amb els estors motoritzats de screen color lli, crea un espai perfectament <\/span><b>climatitzat i funcional<\/b><span style=\"font-weight: 400;\">, en el qual es pot gaudir de les vistes i de la llum natural al mateix temps. D'aquesta manera, la terrassa es converteix en un lloc ideal per a una varietat d'activitats, des de menjars en fam\u00edlia fins a trobades amb els amics, tot mentre <\/span><b>s'aprofita la llum natural en la seva m\u00e0xima esplendor<\/b><span style=\"font-weight: 400;\">.<\/span><\/p>\n<h2><b>T'imagines gaudir de la teva terrassa tot l'any?<\/b><\/h2>\n<p><span style=\"font-weight: 400;\">Transformar el teu espai exterior amb una<\/span><b> terrassa coberta <\/b><span style=\"font-weight: 400;\">\u00e9s una forma excel\u00b7lent d'aprofitar al m\u00e0xim la teva llar durant tot l'any. No importa el motiu: ja sigui per a relaxar-te, socialitzar o treballar, <\/span><b>fes de la teva casa un espai m\u00e9s funcional i c\u00f2mode.<\/b><\/p>\n<p><span style=\"font-weight: 400;\">Si desitges portar la teva terrassa al seg\u00fcent nivell, <\/span><a href=\"https:\/\/teodorabcn.com\/ca\/\"><b>Teodora <\/b><\/a><span style=\"font-weight: 400;\">\u00e9s aqu\u00ed per a ajudar-te. Amb anys d'experi\u00e8ncia en exteriorismo, podem crear una <\/span><b>terrassa coberta personalitzada<\/b><span style=\"font-weight: 400;\"> que s'ajusti perfectament a les teves necessitats i estil. <\/span><b>Posa't en <\/b><a href=\"https:\/\/teodorabcn.com\/ca\/contacto\/\"><b>contacte<\/b><\/a><b> amb nosaltres<\/b><span style=\"font-weight: 400;\"> per a con\u00e8ixer m\u00e9s sobre els nostres serveis i com podem ajudar-te a fer realitat l'espai exterior dels teus somnis.<\/span><\/p>\n<p>&nbsp;<\/p>","protected":false},"excerpt":{"rendered":"<p>Los espacios al aire libre en casa son un valor a\u00f1adido, pero a veces la inclemencia del tiempo limita su uso y disfrute. Encontrar el equilibrio entre protegerse de las condiciones clim\u00e1ticas y mantener esa sensaci\u00f3n de estar en el exterior puede ser todo un reto. No obstante, existen dise\u00f1os pensados para ofrecer justo eso: [&hellip;]<\/p>","protected":false},"author":8,"featured_media":3092,"comment_status":"closed","ping_status":"closed","sticky":false,"template":"","format":"standard","meta":{"footnotes":""},"categories":[1],"tags":[],"class_list":["post-3091","post","type-post","status-publish","format-standard","has-post-thumbnail","hentry","category-sin-categorizar"],"yoast_head":"<!-- This site is optimized with the Yoast SEO plugin v26.6 - https:\/\/yoast.com\/wordpress\/plugins\/seo\/ -->\n<title>Haz de tu terraza cubierta el coraz\u00f3n de tu hogar en cualquier clima - Teodora<\/title>\n<meta name=\"description\" content=\"Convierte tu espacio exterior en un oasis con una terraza cubierta: comodidad, estilo y protecci\u00f3n en cualquier estaci\u00f3n del a\u00f1o.\" \/>\n<meta name=\"robots\" content=\"index, follow, max-snippet:-1, max-image-preview:large, max-video-preview:-1\" \/>\n<link rel=\"canonical\" href=\"https:\/\/teodorabcn.com\/ca\/haz-de-tu-terraza-cubierta-el-corazon-de-tu-hogar-en-cualquier-clima\/\" \/>\n<meta property=\"og:locale\" content=\"ca_ES\" \/>\n<meta property=\"og:type\" content=\"article\" \/>\n<meta property=\"og:title\" content=\"Haz de tu terraza cubierta el coraz\u00f3n de tu hogar en cualquier clima - Teodora\" \/>\n<meta property=\"og:description\" content=\"Convierte tu espacio exterior en un oasis con una terraza cubierta: comodidad, estilo y protecci\u00f3n en cualquier estaci\u00f3n del a\u00f1o.\" \/>\n<meta property=\"og:url\" content=\"https:\/\/teodorabcn.com\/ca\/haz-de-tu-terraza-cubierta-el-corazon-de-tu-hogar-en-cualquier-clima\/\" \/>\n<meta property=\"og:site_name\" content=\"Teodora\" \/>\n<meta property=\"article:publisher\" content=\"https:\/\/www.facebook.com\/profile.php?id=61550838347854\" \/>\n<meta property=\"article:published_time\" content=\"2025-08-12T07:27:15+00:00\" \/>\n<meta property=\"article:modified_time\" content=\"2025-12-22T08:37:34+00:00\" \/>\n<meta property=\"og:image\" content=\"https:\/\/teodorabcn.com\/wp-content\/uploads\/2025\/08\/image1.jpg\" \/>\n\t<meta property=\"og:image:width\" content=\"1920\" \/>\n\t<meta property=\"og:image:height\" content=\"1080\" \/>\n\t<meta property=\"og:image:type\" content=\"image\/jpeg\" \/>\n<meta name=\"author\" content=\"Fanny\" \/>\n<meta name=\"twitter:card\" content=\"summary_large_image\" \/>\n<meta name=\"twitter:label1\" content=\"Escrit per\" \/>\n\t<meta name=\"twitter:data1\" content=\"Fanny\" \/>\n\t<meta name=\"twitter:label2\" content=\"Temps estimat de lectura\" \/>\n\t<meta name=\"twitter:data2\" content=\"8 minuts\" \/>\n<script type=\"application\/ld+json\" class=\"yoast-schema-graph\">{\"@context\":\"https:\/\/schema.org\",\"@graph\":[{\"@type\":\"Article\",\"@id\":\"https:\/\/teodorabcn.com\/haz-de-tu-terraza-cubierta-el-corazon-de-tu-hogar-en-cualquier-clima\/#article\",\"isPartOf\":{\"@id\":\"https:\/\/teodorabcn.com\/haz-de-tu-terraza-cubierta-el-corazon-de-tu-hogar-en-cualquier-clima\/\"},\"author\":{\"name\":\"Fanny\",\"@id\":\"https:\/\/teodorabcn.com\/#\/schema\/person\/51ee1cdbdf5319b306e7bd9a93f57629\"},\"headline\":\"Haz de tu terraza cubierta el coraz\u00f3n de tu hogar en cualquier clima\",\"datePublished\":\"2025-08-12T07:27:15+00:00\",\"dateModified\":\"2025-12-22T08:37:34+00:00\",\"mainEntityOfPage\":{\"@id\":\"https:\/\/teodorabcn.com\/haz-de-tu-terraza-cubierta-el-corazon-de-tu-hogar-en-cualquier-clima\/\"},\"wordCount\":1630,\"publisher\":{\"@id\":\"https:\/\/teodorabcn.com\/#organization\"},\"image\":{\"@id\":\"https:\/\/teodorabcn.com\/haz-de-tu-terraza-cubierta-el-corazon-de-tu-hogar-en-cualquier-clima\/#primaryimage\"},\"thumbnailUrl\":\"https:\/\/teodorabcn.com\/wp-content\/uploads\/2025\/08\/image1.jpg\",\"articleSection\":[\"Sin categorizar\"],\"inLanguage\":\"ca\"},{\"@type\":\"WebPage\",\"@id\":\"https:\/\/teodorabcn.com\/haz-de-tu-terraza-cubierta-el-corazon-de-tu-hogar-en-cualquier-clima\/\",\"url\":\"https:\/\/teodorabcn.com\/haz-de-tu-terraza-cubierta-el-corazon-de-tu-hogar-en-cualquier-clima\/\",\"name\":\"Haz de tu terraza cubierta el coraz\u00f3n de tu hogar en cualquier clima - Teodora\",\"isPartOf\":{\"@id\":\"https:\/\/teodorabcn.com\/#website\"},\"primaryImageOfPage\":{\"@id\":\"https:\/\/teodorabcn.com\/haz-de-tu-terraza-cubierta-el-corazon-de-tu-hogar-en-cualquier-clima\/#primaryimage\"},\"image\":{\"@id\":\"https:\/\/teodorabcn.com\/haz-de-tu-terraza-cubierta-el-corazon-de-tu-hogar-en-cualquier-clima\/#primaryimage\"},\"thumbnailUrl\":\"https:\/\/teodorabcn.com\/wp-content\/uploads\/2025\/08\/image1.jpg\",\"datePublished\":\"2025-08-12T07:27:15+00:00\",\"dateModified\":\"2025-12-22T08:37:34+00:00\",\"description\":\"Convierte tu espacio exterior en un oasis con una terraza cubierta: comodidad, estilo y protecci\u00f3n en cualquier estaci\u00f3n del a\u00f1o.\",\"breadcrumb\":{\"@id\":\"https:\/\/teodorabcn.com\/haz-de-tu-terraza-cubierta-el-corazon-de-tu-hogar-en-cualquier-clima\/#breadcrumb\"},\"inLanguage\":\"ca\",\"potentialAction\":[{\"@type\":\"ReadAction\",\"target\":[\"https:\/\/teodorabcn.com\/haz-de-tu-terraza-cubierta-el-corazon-de-tu-hogar-en-cualquier-clima\/\"]}]},{\"@type\":\"ImageObject\",\"inLanguage\":\"ca\",\"@id\":\"https:\/\/teodorabcn.com\/haz-de-tu-terraza-cubierta-el-corazon-de-tu-hogar-en-cualquier-clima\/#primaryimage\",\"url\":\"https:\/\/teodorabcn.com\/wp-content\/uploads\/2025\/08\/image1.jpg\",\"contentUrl\":\"https:\/\/teodorabcn.com\/wp-content\/uploads\/2025\/08\/image1.jpg\",\"width\":1920,\"height\":1080,\"caption\":\"Terraza cubierta\"},{\"@type\":\"BreadcrumbList\",\"@id\":\"https:\/\/teodorabcn.com\/haz-de-tu-terraza-cubierta-el-corazon-de-tu-hogar-en-cualquier-clima\/#breadcrumb\",\"itemListElement\":[{\"@type\":\"ListItem\",\"position\":1,\"name\":\"Portada\",\"item\":\"https:\/\/teodorabcn.com\/\"},{\"@type\":\"ListItem\",\"position\":2,\"name\":\"Haz de tu terraza cubierta el coraz\u00f3n de tu hogar en cualquier clima\"}]},{\"@type\":\"WebSite\",\"@id\":\"https:\/\/teodorabcn.com\/#website\",\"url\":\"https:\/\/teodorabcn.com\/\",\"name\":\"Teodora Exteriorismo\",\"description\":\"Creamos terrazas y jardines con car\u00e1cter.\",\"publisher\":{\"@id\":\"https:\/\/teodorabcn.com\/#organization\"},\"alternateName\":\"Teodora\",\"potentialAction\":[{\"@type\":\"SearchAction\",\"target\":{\"@type\":\"EntryPoint\",\"urlTemplate\":\"https:\/\/teodorabcn.com\/?s={search_term_string}\"},\"query-input\":{\"@type\":\"PropertyValueSpecification\",\"valueRequired\":true,\"valueName\":\"search_term_string\"}}],\"inLanguage\":\"ca\"},{\"@type\":\"Organization\",\"@id\":\"https:\/\/teodorabcn.com\/#organization\",\"name\":\"Teodora Exteriorismo\",\"alternateName\":\"Teodora\",\"url\":\"https:\/\/teodorabcn.com\/\",\"logo\":{\"@type\":\"ImageObject\",\"inLanguage\":\"ca\",\"@id\":\"https:\/\/teodorabcn.com\/#\/schema\/logo\/image\/\",\"url\":\"https:\/\/teodorabcn.com\/wp-content\/uploads\/2023\/10\/Teodora_logo-_EXT-Ok-ESP-e1706538305612.jpg\",\"contentUrl\":\"https:\/\/teodorabcn.com\/wp-content\/uploads\/2023\/10\/Teodora_logo-_EXT-Ok-ESP-e1706538305612.jpg\",\"width\":1540,\"height\":573,\"caption\":\"Teodora Exteriorismo\"},\"image\":{\"@id\":\"https:\/\/teodorabcn.com\/#\/schema\/logo\/image\/\"},\"sameAs\":[\"https:\/\/www.facebook.com\/profile.php?id=61550838347854\",\"https:\/\/www.instagram.com\/teodora.exteriorismo\/?hl=es\",\"https:\/\/www.pinterest.es\/teodora_exteriorismo\/\",\"https:\/\/www.linkedin.com\/company\/teodora-bcn-exteriorismo\/\"]},{\"@type\":\"Person\",\"@id\":\"https:\/\/teodorabcn.com\/#\/schema\/person\/51ee1cdbdf5319b306e7bd9a93f57629\",\"name\":\"Fanny\",\"image\":{\"@type\":\"ImageObject\",\"inLanguage\":\"ca\",\"@id\":\"https:\/\/teodorabcn.com\/#\/schema\/person\/image\/\",\"url\":\"https:\/\/secure.gravatar.com\/avatar\/db009b4608aefdd5a3592f6a3ea43b35edbf6cb312d1076236cc6e7b974f831a?s=96&d=mm&r=g\",\"contentUrl\":\"https:\/\/secure.gravatar.com\/avatar\/db009b4608aefdd5a3592f6a3ea43b35edbf6cb312d1076236cc6e7b974f831a?s=96&d=mm&r=g\",\"caption\":\"Fanny\"},\"url\":\"https:\/\/teodorabcn.com\/ca\/author\/fanny\/\"}]}<\/script>\n<!-- \/ Yoast SEO plugin. -->","yoast_head_json":{"title":"Haz de tu terraza cubierta el coraz\u00f3n de tu hogar en cualquier clima - Teodora","description":"Convierte tu espacio exterior en un oasis con una terraza cubierta: comodidad, estilo y protecci\u00f3n en cualquier estaci\u00f3n del a\u00f1o.","robots":{"index":"index","follow":"follow","max-snippet":"max-snippet:-1","max-image-preview":"max-image-preview:large","max-video-preview":"max-video-preview:-1"},"canonical":"https:\/\/teodorabcn.com\/ca\/haz-de-tu-terraza-cubierta-el-corazon-de-tu-hogar-en-cualquier-clima\/","og_locale":"ca_ES","og_type":"article","og_title":"Haz de tu terraza cubierta el coraz\u00f3n de tu hogar en cualquier clima - Teodora","og_description":"Convierte tu espacio exterior en un oasis con una terraza cubierta: comodidad, estilo y protecci\u00f3n en cualquier estaci\u00f3n del a\u00f1o.","og_url":"https:\/\/teodorabcn.com\/ca\/haz-de-tu-terraza-cubierta-el-corazon-de-tu-hogar-en-cualquier-clima\/","og_site_name":"Teodora","article_publisher":"https:\/\/www.facebook.com\/profile.php?id=61550838347854","article_published_time":"2025-08-12T07:27:15+00:00","article_modified_time":"2025-12-22T08:37:34+00:00","og_image":[{"width":1920,"height":1080,"url":"https:\/\/teodorabcn.com\/wp-content\/uploads\/2025\/08\/image1.jpg","type":"image\/jpeg"}],"author":"Fanny","twitter_card":"summary_large_image","twitter_misc":{"Escrit per":"Fanny","Temps estimat de lectura":"8 minuts"},"schema":{"@context":"https:\/\/schema.org","@graph":[{"@type":"Article","@id":"https:\/\/teodorabcn.com\/haz-de-tu-terraza-cubierta-el-corazon-de-tu-hogar-en-cualquier-clima\/#article","isPartOf":{"@id":"https:\/\/teodorabcn.com\/haz-de-tu-terraza-cubierta-el-corazon-de-tu-hogar-en-cualquier-clima\/"},"author":{"name":"Fanny","@id":"https:\/\/teodorabcn.com\/#\/schema\/person\/51ee1cdbdf5319b306e7bd9a93f57629"},"headline":"Haz de tu terraza cubierta el coraz\u00f3n de tu hogar en cualquier clima","datePublished":"2025-08-12T07:27:15+00:00","dateModified":"2025-12-22T08:37:34+00:00","mainEntityOfPage":{"@id":"https:\/\/teodorabcn.com\/haz-de-tu-terraza-cubierta-el-corazon-de-tu-hogar-en-cualquier-clima\/"},"wordCount":1630,"publisher":{"@id":"https:\/\/teodorabcn.com\/#organization"},"image":{"@id":"https:\/\/teodorabcn.com\/haz-de-tu-terraza-cubierta-el-corazon-de-tu-hogar-en-cualquier-clima\/#primaryimage"},"thumbnailUrl":"https:\/\/teodorabcn.com\/wp-content\/uploads\/2025\/08\/image1.jpg","articleSection":["Sin categorizar"],"inLanguage":"ca"},{"@type":"WebPage","@id":"https:\/\/teodorabcn.com\/haz-de-tu-terraza-cubierta-el-corazon-de-tu-hogar-en-cualquier-clima\/","url":"https:\/\/teodorabcn.com\/haz-de-tu-terraza-cubierta-el-corazon-de-tu-hogar-en-cualquier-clima\/","name":"Haz de tu terraza cubierta el coraz\u00f3n de tu hogar en cualquier clima - Teodora","isPartOf":{"@id":"https:\/\/teodorabcn.com\/#website"},"primaryImageOfPage":{"@id":"https:\/\/teodorabcn.com\/haz-de-tu-terraza-cubierta-el-corazon-de-tu-hogar-en-cualquier-clima\/#primaryimage"},"image":{"@id":"https:\/\/teodorabcn.com\/haz-de-tu-terraza-cubierta-el-corazon-de-tu-hogar-en-cualquier-clima\/#primaryimage"},"thumbnailUrl":"https:\/\/teodorabcn.com\/wp-content\/uploads\/2025\/08\/image1.jpg","datePublished":"2025-08-12T07:27:15+00:00","dateModified":"2025-12-22T08:37:34+00:00","description":"Convierte tu espacio exterior en un oasis con una terraza cubierta: comodidad, estilo y protecci\u00f3n en cualquier estaci\u00f3n del a\u00f1o.","breadcrumb":{"@id":"https:\/\/teodorabcn.com\/haz-de-tu-terraza-cubierta-el-corazon-de-tu-hogar-en-cualquier-clima\/#breadcrumb"},"inLanguage":"ca","potentialAction":[{"@type":"ReadAction","target":["https:\/\/teodorabcn.com\/haz-de-tu-terraza-cubierta-el-corazon-de-tu-hogar-en-cualquier-clima\/"]}]},{"@type":"ImageObject","inLanguage":"ca","@id":"https:\/\/teodorabcn.com\/haz-de-tu-terraza-cubierta-el-corazon-de-tu-hogar-en-cualquier-clima\/#primaryimage","url":"https:\/\/teodorabcn.com\/wp-content\/uploads\/2025\/08\/image1.jpg","contentUrl":"https:\/\/teodorabcn.com\/wp-content\/uploads\/2025\/08\/image1.jpg","width":1920,"height":1080,"caption":"Terraza cubierta"},{"@type":"BreadcrumbList","@id":"https:\/\/teodorabcn.com\/haz-de-tu-terraza-cubierta-el-corazon-de-tu-hogar-en-cualquier-clima\/#breadcrumb","itemListElement":[{"@type":"ListItem","position":1,"name":"Portada","item":"https:\/\/teodorabcn.com\/"},{"@type":"ListItem","position":2,"name":"Haz de tu terraza cubierta el coraz\u00f3n de tu hogar en cualquier clima"}]},{"@type":"WebSite","@id":"https:\/\/teodorabcn.com\/#website","url":"https:\/\/teodorabcn.com\/","name":"Teodora Exteriorisme","description":"Creamos terrazas y jardines con car\u00e1cter.","publisher":{"@id":"https:\/\/teodorabcn.com\/#organization"},"alternateName":"Teodora","potentialAction":[{"@type":"SearchAction","target":{"@type":"EntryPoint","urlTemplate":"https:\/\/teodorabcn.com\/?s={search_term_string}"},"query-input":{"@type":"PropertyValueSpecification","valueRequired":true,"valueName":"search_term_string"}}],"inLanguage":"ca"},{"@type":"Organization","@id":"https:\/\/teodorabcn.com\/#organization","name":"Teodora Exteriorisme","alternateName":"Teodora","url":"https:\/\/teodorabcn.com\/","logo":{"@type":"ImageObject","inLanguage":"ca","@id":"https:\/\/teodorabcn.com\/#\/schema\/logo\/image\/","url":"https:\/\/teodorabcn.com\/wp-content\/uploads\/2023\/10\/Teodora_logo-_EXT-Ok-ESP-e1706538305612.jpg","contentUrl":"https:\/\/teodorabcn.com\/wp-content\/uploads\/2023\/10\/Teodora_logo-_EXT-Ok-ESP-e1706538305612.jpg","width":1540,"height":573,"caption":"Teodora Exteriorismo"},"image":{"@id":"https:\/\/teodorabcn.com\/#\/schema\/logo\/image\/"},"sameAs":["https:\/\/www.facebook.com\/profile.php?id=61550838347854","https:\/\/www.instagram.com\/teodora.exteriorismo\/?hl=es","https:\/\/www.pinterest.es\/teodora_exteriorismo\/","https:\/\/www.linkedin.com\/company\/teodora-bcn-exteriorismo\/"]},{"@type":"Person","@id":"https:\/\/teodorabcn.com\/#\/schema\/person\/51ee1cdbdf5319b306e7bd9a93f57629","name":"Fanny","image":{"@type":"ImageObject","inLanguage":"ca","@id":"https:\/\/teodorabcn.com\/#\/schema\/person\/image\/","url":"https:\/\/secure.gravatar.com\/avatar\/db009b4608aefdd5a3592f6a3ea43b35edbf6cb312d1076236cc6e7b974f831a?s=96&d=mm&r=g","contentUrl":"https:\/\/secure.gravatar.com\/avatar\/db009b4608aefdd5a3592f6a3ea43b35edbf6cb312d1076236cc6e7b974f831a?s=96&d=mm&r=g","caption":"Fanny"},"url":"https:\/\/teodorabcn.com\/ca\/author\/fanny\/"}]}},"_links":{"self":[{"href":"https:\/\/teodorabcn.com\/ca\/wp-json\/wp\/v2\/posts\/3091","targetHints":{"allow":["GET"]}}],"collection":[{"href":"https:\/\/teodorabcn.com\/ca\/wp-json\/wp\/v2\/posts"}],"about":[{"href":"https:\/\/teodorabcn.com\/ca\/wp-json\/wp\/v2\/types\/post"}],"author":[{"embeddable":true,"href":"https:\/\/teodorabcn.com\/ca\/wp-json\/wp\/v2\/users\/8"}],"replies":[{"embeddable":true,"href":"https:\/\/teodorabcn.com\/ca\/wp-json\/wp\/v2\/comments?post=3091"}],"version-history":[{"count":8,"href":"https:\/\/teodorabcn.com\/ca\/wp-json\/wp\/v2\/posts\/3091\/revisions"}],"predecessor-version":[{"id":3104,"href":"https:\/\/teodorabcn.com\/ca\/wp-json\/wp\/v2\/posts\/3091\/revisions\/3104"}],"wp:featuredmedia":[{"embeddable":true,"href":"https:\/\/teodorabcn.com\/ca\/wp-json\/wp\/v2\/media\/3092"}],"wp:attachment":[{"href":"https:\/\/teodorabcn.com\/ca\/wp-json\/wp\/v2\/media?parent=3091"}],"wp:term":[{"taxonomy":"category","embeddable":true,"href":"https:\/\/teodorabcn.com\/ca\/wp-json\/wp\/v2\/categories?post=3091"},{"taxonomy":"post_tag","embeddable":true,"href":"https:\/\/teodorabcn.com\/ca\/wp-json\/wp\/v2\/tags?post=3091"}],"curies":[{"name":"wp","href":"https:\/\/api.w.org\/{rel}","templated":true}]}}