{"id":2812,"date":"2025-03-28T12:45:12","date_gmt":"2025-03-28T11:45:12","guid":{"rendered":"https:\/\/teodorabcn.com\/?p=2812"},"modified":"2025-03-28T12:45:12","modified_gmt":"2025-03-28T11:45:12","slug":"los-10-arbustos-con-flores-mas-recomendados-para-tu-terraza","status":"publish","type":"post","link":"https:\/\/teodorabcn.com\/ca\/los-10-arbustos-con-flores-mas-recomendados-para-tu-terraza\/","title":{"rendered":"Els 10 arbustos amb flors m\u00e9s recomanats per la teva terrassa"},"content":{"rendered":"<h1><b>Els 10 arbustos amb flors m\u00e9s recomanats per la teva terrassa<\/b><\/h1>\n<p><span style=\"font-weight: 400;\">Els arbustos amb flors s\u00f3n una excel\u00b7lent opci\u00f3 per a <\/span><b>omplir la terrassa de color, frag\u00e0ncia i vida.<\/b><span style=\"font-weight: 400;\">A m\u00e9s d'embellir l'espai, ajuden a atreure pol\u00b7linitzadors com abelles i papallones, afavorint l'ecosistema. Tamb\u00e9 ofereixen estructura i volum, servint com a elements decoratius o funcionals en el disseny del paisatge.<\/span><\/p>\n<p><span style=\"font-weight: 400;\">Cada arbust t\u00e9 les seves particularitats, des dels que requereixen poc manteniment fins als que necessiten m\u00e9s atenci\u00f3, per\u00f2 tots aporten bellesa a l'entorn. En aquesta guia, et presentem una <\/span><b>selecci\u00f3 d'arbustos amb flors ideals <\/b><span style=\"font-weight: 400;\">per a qualsevol terrassa, amb informaci\u00f3 clau sobre les seves caracter\u00edstiques, cures i consells per al seu cultiu reeixit.<\/span><\/p>\n<p>&nbsp;<\/p>\n<h2><b>1. Westringia<\/b><\/h2>\n<p><span style=\"font-weight: 400;\">\u00c9s un arbust perenne originari d'Austr\u00e0lia, amb <\/span><b>fullatge dens i compacte<\/b><span style=\"font-weight: 400;\">, d'un to <\/span><b>verd grisenc<\/b><span style=\"font-weight: 400;\">, recorda al del roman\u00ed i mant\u00e9 el seu atractiu durant tot l'any. Floreix de manera prolongada amb petites flors blanques, liles o blavoses que <\/span><b>porten un toc ornamental subtil i elegant<\/b><span style=\"font-weight: 400;\">. El seu creixement \u00e9s moderat, aconsegueix entre 1 i 2 metres d'altura i ampl\u00e0ria, encara que pot mantenir-se m\u00e9s compacte amb poda regular.<\/span><\/p>\n<p><span style=\"font-weight: 400;\">\u00c9s una opci\u00f3 molt popular per la seva resist\u00e8ncia i versatilitat, ja que<\/span><b> s'adapta a climes c\u00e0lids, s\u00f2ls arenosos i condicions costaneres,<\/b><span style=\"font-weight: 400;\">, <\/span><b>suelos arenosos<\/b><span style=\"font-weight: 400;\"> i <\/span><b>condiciones costeras<\/b><span style=\"font-weight: 400;\">amb una gran toler\u00e0ncia a la salinitat i el vent. <\/span><b>Requereix poc manteniment<\/b><span style=\"font-weight: 400;\">amb regs moderats i una exposici\u00f3 preferent al sol o semiombra. La seva capacitat per a atreure pol\u00b7linitzadors com a abelles i papallones ho converteix en una excel\u00b7lent opci\u00f3 per a <\/span><b>terrasses que busquen fomentar la biodiversitat<\/b><span style=\"font-weight: 400;\">. A m\u00e9s, pot utilitzar-se com a tanca, bordura o planta ornamental en tests grans, pel fet que aporta estructura i frescor a qualsevol espai exterior.<\/span><\/p>\n<p><img fetchpriority=\"high\" decoding=\"async\" class=\"alignnone wp-image-2814\" src=\"https:\/\/teodorabcn.com\/wp-content\/uploads\/2025\/03\/Arbustos-con-flores-2-300x169.png\" alt=\"Westringia\" width=\"873\" height=\"492\" srcset=\"https:\/\/teodorabcn.com\/wp-content\/uploads\/2025\/03\/Arbustos-con-flores-2-300x169.png 300w, https:\/\/teodorabcn.com\/wp-content\/uploads\/2025\/03\/Arbustos-con-flores-2-1024x576.png 1024w, https:\/\/teodorabcn.com\/wp-content\/uploads\/2025\/03\/Arbustos-con-flores-2-768x432.png 768w, https:\/\/teodorabcn.com\/wp-content\/uploads\/2025\/03\/Arbustos-con-flores-2-1536x864.png 1536w, https:\/\/teodorabcn.com\/wp-content\/uploads\/2025\/03\/Arbustos-con-flores-2-18x10.png 18w, https:\/\/teodorabcn.com\/wp-content\/uploads\/2025\/03\/Arbustos-con-flores-2.png 1920w\" sizes=\"(max-width: 873px) 100vw, 873px\" \/><\/p>\n<h2><b>2. Viburnum Tinus<\/b><\/h2>\n<p><span style=\"font-weight: 400;\">Conegut com a <\/span><b>marfull<\/b><span style=\"font-weight: 400;\">, \u00e9s un arbust perenne de creixement dens i compacte. El seu <\/span><b>fullatge fosc i brillant <\/b><span style=\"font-weight: 400;\">es mant\u00e9 atractiu durant tot l'any, i a l'hivern i primavera produeix ra\u00efms de petites flors blanques o rosades que contrasten amb els seus brots vermellosos, la qual cosa aporta un toc ornamental elegant. Despr\u00e9s de la floraci\u00f3, <\/span><b>desenvolupa fruits en forma de baies blava met\u00e0l\u00b7lic <\/b><span style=\"font-weight: 400;\">que atreuen a diversos ocells i enriqueixen la biodiversitat de l'espai.<\/span><\/p>\n<p><span style=\"font-weight: 400;\">\u00c9s molt resistent i de f\u00e0cil cultiu, i s'adapta b\u00e9 a diferents tipus de s\u00f2l sempre que tinguin <\/span><b>bon drenatge<\/b><span style=\"font-weight: 400;\">Tolera l'ombra parcial, encara que prefereix ubicacions assolellades, i <\/span><b>suporta tant la sequera moderada com les baixes temperatures.<\/b><span style=\"font-weight: 400;\">El seu manteniment \u00e9s m\u00ednim, requereix nom\u00e9s podes lleugeres per a mantenir la seva forma i estimular la floraci\u00f3. \u00c9s una excel\u00b7lent opci\u00f3 per a formar tanques, borduras o com a exemplar a\u00efllat, aix\u00ed com per a conrear-ho en tests grans en terrasses, on aporta verdor i estructura durant tot l'any.<\/span><\/p>\n<p><img decoding=\"async\" class=\"alignnone wp-image-2816\" src=\"https:\/\/teodorabcn.com\/wp-content\/uploads\/2025\/03\/Arbustos-con-flores-3-300x169.png\" alt=\"Viburnum Tinus\" width=\"870\" height=\"490\" srcset=\"https:\/\/teodorabcn.com\/wp-content\/uploads\/2025\/03\/Arbustos-con-flores-3-300x169.png 300w, https:\/\/teodorabcn.com\/wp-content\/uploads\/2025\/03\/Arbustos-con-flores-3-1024x576.png 1024w, https:\/\/teodorabcn.com\/wp-content\/uploads\/2025\/03\/Arbustos-con-flores-3-768x432.png 768w, https:\/\/teodorabcn.com\/wp-content\/uploads\/2025\/03\/Arbustos-con-flores-3-1536x864.png 1536w, https:\/\/teodorabcn.com\/wp-content\/uploads\/2025\/03\/Arbustos-con-flores-3-18x10.png 18w, https:\/\/teodorabcn.com\/wp-content\/uploads\/2025\/03\/Arbustos-con-flores-3.png 1920w\" sizes=\"(max-width: 870px) 100vw, 870px\" \/><\/p>\n<h2><b>3. Polygala<\/b><\/h2>\n<p><span style=\"font-weight: 400;\">Aquest arbust \u00e9s reconegut per la seva<\/span><b> floraci\u00f3 prolongada i la seva resist\u00e8ncia en jardins i terrasses<\/b><span style=\"font-weight: 400;\">. Presenta un<\/span><b>fullatge dens de fulles ovalades de color verd intens,<\/b><span style=\"font-weight: 400;\">que serveix de fons perfecte per a les seves vistoses flors habitades o violetes amb forma de papallona, les quals poden apar\u00e8ixer durant gran part de l'any en climes c\u00e0lids. El seu creixement \u00e9s r\u00e0pid i compacte, aconsegueix entre 1,5 i 2,5 metres d'altura, la qual cosa la converteix en una excel\u00b7lent opci\u00f3 per a tanques baixes, borduras o com a exemplar a\u00efllat en tests.<\/span><\/p>\n<p><span style=\"font-weight: 400;\">Recomanem plantar-lo en zones de clima temperat, ja que <\/span><b>tolera b\u00e9 la sequera<\/b><span style=\"font-weight: 400;\"> una vegada establert i <\/span><b>resisteix vents costaners,<\/b><span style=\"font-weight: 400;\">encara que no suporta gelades intenses. Prefereix s\u00f2ls ben drenats i ubicacions assolellades o de semiombra per a potenciar la seva floraci\u00f3. Quant al seu <\/span><b>manteniment<\/b><span style=\"font-weight: 400;\">, nom\u00e9s necessita podes lleugeres despr\u00e9s de la floraci\u00f3 per a conservar la seva forma compacta. Gr\u00e0cies a la seva combinaci\u00f3 de bellesa i facilitat de cura, la pol\u00edgala \u00e9s una opci\u00f3 vers\u00e0til i cridanera per a decorar espais exteriors amb un toc de color vibrant.<\/span><\/p>\n<p><img decoding=\"async\" class=\"alignnone wp-image-2817\" src=\"https:\/\/teodorabcn.com\/wp-content\/uploads\/2025\/03\/Arbustos-con-flores-4-300x169.png\" alt=\"Polygala\" width=\"879\" height=\"495\" srcset=\"https:\/\/teodorabcn.com\/wp-content\/uploads\/2025\/03\/Arbustos-con-flores-4-300x169.png 300w, https:\/\/teodorabcn.com\/wp-content\/uploads\/2025\/03\/Arbustos-con-flores-4-1024x576.png 1024w, https:\/\/teodorabcn.com\/wp-content\/uploads\/2025\/03\/Arbustos-con-flores-4-768x432.png 768w, https:\/\/teodorabcn.com\/wp-content\/uploads\/2025\/03\/Arbustos-con-flores-4-1536x864.png 1536w, https:\/\/teodorabcn.com\/wp-content\/uploads\/2025\/03\/Arbustos-con-flores-4-18x10.png 18w, https:\/\/teodorabcn.com\/wp-content\/uploads\/2025\/03\/Arbustos-con-flores-4.png 1920w\" sizes=\"(max-width: 879px) 100vw, 879px\" \/><\/p>\n<h2><b>4. Abelia<\/b><\/h2>\n<p><span style=\"font-weight: 400;\">Amb creixement compacte i elegant, t\u00e9 un fullatge dens que varia en tonalitats de verd amb matisos bronzejats a la tardor. Durant la primavera i l'estiu, <\/span><b>produeix abundants flors en forma de campana,<\/b><span style=\"font-weight: 400;\">de color blanc rosat i amb una lleugera aroma dol\u00e7a, que atreu pol\u00b7linitzadors com a abelles i papallones. El seu port arquejat i la seva capacitat per a florir de manera prolongada la converteixen en una opci\u00f3 ornamental molt vers\u00e0til.<\/span><\/p>\n<p><span style=\"font-weight: 400;\">\u00c9s una planta <\/span><b>resistent i f\u00e0cil de cuidar<\/b><span style=\"font-weight: 400;\">, capa\u00e7 d'adaptar-se a diferents tipus de s\u00f2l sempre que tingui bon drenatge. Prefereix una exposici\u00f3 assolellada o de semiombra i tolera b\u00e9 la sequera moderada una vegada establerta. Aix\u00ed mateix, suporta gelades lleugeres i es desenvolupa sense problemes en climes temperats.<\/span><\/p>\n<p><img loading=\"lazy\" decoding=\"async\" class=\"alignnone wp-image-2818\" src=\"https:\/\/teodorabcn.com\/wp-content\/uploads\/2025\/03\/Arbustos-con-flores-5-300x169.png\" alt=\"Abelia\" width=\"856\" height=\"482\" srcset=\"https:\/\/teodorabcn.com\/wp-content\/uploads\/2025\/03\/Arbustos-con-flores-5-300x169.png 300w, https:\/\/teodorabcn.com\/wp-content\/uploads\/2025\/03\/Arbustos-con-flores-5-1024x576.png 1024w, https:\/\/teodorabcn.com\/wp-content\/uploads\/2025\/03\/Arbustos-con-flores-5-768x432.png 768w, https:\/\/teodorabcn.com\/wp-content\/uploads\/2025\/03\/Arbustos-con-flores-5-1536x864.png 1536w, https:\/\/teodorabcn.com\/wp-content\/uploads\/2025\/03\/Arbustos-con-flores-5-18x10.png 18w, https:\/\/teodorabcn.com\/wp-content\/uploads\/2025\/03\/Arbustos-con-flores-5.png 1920w\" sizes=\"(max-width: 856px) 100vw, 856px\" \/><\/p>\n<h2><b>5. Agapanthus<\/b><\/h2>\n<p><span style=\"font-weight: 400;\">Tamb\u00e9 conegut com a <\/span><b>lliri afric\u00e0<\/b><span style=\"font-weight: 400;\">\u00e9s una planta perenne rizomatosa molt apreciada per les seves llargues fulles verdes i arquejades que formen mates denses i elegants, mentre que les seves infloresc\u00e8ncies esf\u00e8riques, compostes per nombroses flors de tons blavosos, violetes o blancs, emergeixen sobre tiges altes i estilitzades durant l'estiu.<\/span><\/p>\n<p><span style=\"font-weight: 400;\">\u00c9s<\/span><b> resistent i de baix manteniment<\/b><span style=\"font-weight: 400;\">que prefereix ubicacions assolellades o de semiombra i tolera b\u00e9 la sequera moderada, encara que un reg regular durant la temporada de creixement afavorir\u00e0 una floraci\u00f3 m\u00e9s abundant. Cal destacar que <\/span><b>no suporta gelades intenses<\/b><span style=\"font-weight: 400;\">per la qual cosa en climes freds es recomana conrear-la en tests per <\/span><span style=\"font-weight: 400;\">a resguardar-la a l'hivern.<\/span><\/p>\n<p><img loading=\"lazy\" decoding=\"async\" class=\"alignnone  wp-image-2819\" src=\"https:\/\/teodorabcn.com\/wp-content\/uploads\/2025\/03\/Arbustos-con-flores-6-300x169.png\" alt=\"Agapanthus\" width=\"863\" height=\"486\" srcset=\"https:\/\/teodorabcn.com\/wp-content\/uploads\/2025\/03\/Arbustos-con-flores-6-300x169.png 300w, https:\/\/teodorabcn.com\/wp-content\/uploads\/2025\/03\/Arbustos-con-flores-6-1024x576.png 1024w, https:\/\/teodorabcn.com\/wp-content\/uploads\/2025\/03\/Arbustos-con-flores-6-768x432.png 768w, https:\/\/teodorabcn.com\/wp-content\/uploads\/2025\/03\/Arbustos-con-flores-6-1536x864.png 1536w, https:\/\/teodorabcn.com\/wp-content\/uploads\/2025\/03\/Arbustos-con-flores-6-18x10.png 18w, https:\/\/teodorabcn.com\/wp-content\/uploads\/2025\/03\/Arbustos-con-flores-6.png 1920w\" sizes=\"(max-width: 863px) 100vw, 863px\" \/><\/p>\n<h2><b>6. Lavanda<\/b><\/h2>\n<p><span style=\"font-weight: 400;\">Entrem en el grup de les <\/span><b>arom\u00e0tiques<\/b><span style=\"font-weight: 400;\">. La lavanda t\u00e9 un fullatge verd grisenc amb espigues florals de tons violetes, liles o blavosos que li donen un aspecte r\u00fastic i elegant, a m\u00e9s d'atreure pol\u00b7linitzadors com a abelles i papallones. En terrasses, la lavanda s'adapta perfectament al cultiu en <\/span><b>tests<\/b><span style=\"font-weight: 400;\">empre que tinguin bon drenatge per a evitar embassades. Prefereix ubicacions assolellades, s\u00f2ls lleugers i arenosos, i necessita regs espaiats per a evitar l'exc\u00e9s d'humitat en les seves arrels. El seu <\/span><b>manteniment \u00e9s m\u00ednim<\/b><span style=\"font-weight: 400;\">, amb podes despr\u00e9s de la floraci\u00f3 per a estimular el seu desenvolupament i mantenir la seva forma compacta. En <\/span><a href=\"https:\/\/teodorabcn.com\/ca\/maceteros-grandes-de-exterior-para-terrazas\/\"><b>tests<\/b><\/a><span style=\"font-weight: 400;\">, es pot combinar amb altres plantes mediterr\u00e0nies com el roman\u00ed o la farigola per a aconseguir una composici\u00f3 arom\u00e0tica i decorativa que aporti frescor i estil a qualsevol terrassa.<\/span><\/p>\n<p><img loading=\"lazy\" decoding=\"async\" class=\"alignnone  wp-image-2820\" src=\"https:\/\/teodorabcn.com\/wp-content\/uploads\/2025\/03\/lavanda-300x169.png\" alt=\"lavanda\" width=\"873\" height=\"492\" srcset=\"https:\/\/teodorabcn.com\/wp-content\/uploads\/2025\/03\/lavanda-300x169.png 300w, https:\/\/teodorabcn.com\/wp-content\/uploads\/2025\/03\/lavanda-1024x576.png 1024w, https:\/\/teodorabcn.com\/wp-content\/uploads\/2025\/03\/lavanda-768x432.png 768w, https:\/\/teodorabcn.com\/wp-content\/uploads\/2025\/03\/lavanda-1536x864.png 1536w, https:\/\/teodorabcn.com\/wp-content\/uploads\/2025\/03\/lavanda-18x10.png 18w, https:\/\/teodorabcn.com\/wp-content\/uploads\/2025\/03\/lavanda.png 1920w\" sizes=\"(max-width: 873px) 100vw, 873px\" \/><\/p>\n<h2><b>7. Salvia<\/b><\/h2>\n<p><span style=\"font-weight: 400;\">Entre els seus principals caracter\u00edstiques estan la seva <\/span><b>resistencia<\/b><span style=\"font-weight: 400;\">,<\/span><b> resist\u00e8ncia, floraci\u00f3 prolongada i propietats arom\u00e0tiques.<\/b><span style=\"font-weight: 400;\"> i <\/span><b>propiedades arom\u00e1ticas<\/b><span style=\"font-weight: 400;\">El seu fullatge, de tons verds o grisencs segons la varietat, despr\u00e8n una agradable aroma i aporta textura al paisatge. Les seves flors en espigues, que poden ser de colors com a blau, violeta, rosa o vermell, apareixen des de la primavera fins a la tardor, i atreuen abelles, papallones i altres pol\u00b7linitzadors. S'adapta molt b\u00e9 al cultiu en <\/span><b>tests<\/b><span style=\"font-weight: 400;\">i prefereix una<\/span><b> ubicaci\u00f3 assolellada.<\/b><span style=\"font-weight: 400;\">.<\/span><\/p>\n<p><img loading=\"lazy\" decoding=\"async\" class=\"alignnone  wp-image-2821\" src=\"https:\/\/teodorabcn.com\/wp-content\/uploads\/2025\/03\/Arbustos-con-flores-7-300x169.png\" alt=\"Salvia\" width=\"879\" height=\"495\" srcset=\"https:\/\/teodorabcn.com\/wp-content\/uploads\/2025\/03\/Arbustos-con-flores-7-300x169.png 300w, https:\/\/teodorabcn.com\/wp-content\/uploads\/2025\/03\/Arbustos-con-flores-7-1024x576.png 1024w, https:\/\/teodorabcn.com\/wp-content\/uploads\/2025\/03\/Arbustos-con-flores-7-768x432.png 768w, https:\/\/teodorabcn.com\/wp-content\/uploads\/2025\/03\/Arbustos-con-flores-7-1536x864.png 1536w, https:\/\/teodorabcn.com\/wp-content\/uploads\/2025\/03\/Arbustos-con-flores-7-18x10.png 18w, https:\/\/teodorabcn.com\/wp-content\/uploads\/2025\/03\/Arbustos-con-flores-7.png 1920w\" sizes=\"(max-width: 879px) 100vw, 879px\" \/><\/p>\n<h2><b>8. Roman\u00ed<\/b><\/h2>\n<p><span style=\"font-weight: 400;\">El roman\u00ed t\u00e9 una <\/span><b>agradable frag\u00e0ncia<\/b><span style=\"font-weight: 400;\"> amb m\u00faltiples <\/span><b>usos medicinals i culinaris.<\/b><span style=\"font-weight: 400;\">El seu fullatge verd fosc i les seves petites flors, que poden ser de color blau, lila o blanc segons la varietat, ho converteixen en un element ornamental atractiu durant tot l'any.\u00a0<\/span><\/p>\n<p><span style=\"font-weight: 400;\">\u00c9s preferible conrear-ho en espai assolellat i regar-ho de manera moderada. <\/span><b>No necessita molt manteniment,<\/b><span style=\"font-weight: 400;\">nom\u00e9s podes lleugeres despr\u00e9s de la floraci\u00f3 per a mantenir la seva forma compacta i estimular un nou creixement.\u00a0<\/span><\/p>\n<p><img loading=\"lazy\" decoding=\"async\" class=\"alignnone  wp-image-2822\" src=\"https:\/\/teodorabcn.com\/wp-content\/uploads\/2025\/03\/Arbustos-con-flores-8-300x169.png\" alt=\"Romero\" width=\"873\" height=\"492\" srcset=\"https:\/\/teodorabcn.com\/wp-content\/uploads\/2025\/03\/Arbustos-con-flores-8-300x169.png 300w, https:\/\/teodorabcn.com\/wp-content\/uploads\/2025\/03\/Arbustos-con-flores-8-1024x576.png 1024w, https:\/\/teodorabcn.com\/wp-content\/uploads\/2025\/03\/Arbustos-con-flores-8-768x432.png 768w, https:\/\/teodorabcn.com\/wp-content\/uploads\/2025\/03\/Arbustos-con-flores-8-1536x864.png 1536w, https:\/\/teodorabcn.com\/wp-content\/uploads\/2025\/03\/Arbustos-con-flores-8-18x10.png 18w, https:\/\/teodorabcn.com\/wp-content\/uploads\/2025\/03\/Arbustos-con-flores-8.png 1920w\" sizes=\"(max-width: 873px) 100vw, 873px\" \/><\/p>\n<h2><b>9. Gessam\u00ed (Ricospernum jazminoide)<\/b><\/h2>\n<p><span style=\"font-weight: 400;\">Tamb\u00e9 conegut com a <\/span><b>fals gessam\u00ed<\/b><span style=\"font-weight: 400;\"> o <\/span><b>gessam\u00ed estrella<\/b><span style=\"font-weight: 400;\">\u00e9s una planta enfiladissa perenne ideal per a decorar jardins i terrasses gr\u00e0cies al seu fullatge dens i la seva espectacular floraci\u00f3. Durant la primavera i l'estiu, produeix abundants flors blanques en forma d'estrella, <\/span><b>d'aroma dol\u00e7a i intensa,<\/b><span style=\"font-weight: 400;\">que ho converteixen en una de les plantes enfiladisses m\u00e9s valorades per a cobrir murs, p\u00e8rgoles i gelosies. \u00c9s una planta <\/span><b>resistent<\/b><span style=\"font-weight: 400;\">, capa\u00e7 de suportar gelades lleugeres i per\u00edodes de sequera una vegada establerta. Per a mantenir el seu creixement controlat i estimular una floraci\u00f3 abundant, es recomana podar-lo despr\u00e9s de la floraci\u00f3.<\/span><\/p>\n<p><img loading=\"lazy\" decoding=\"async\" class=\"alignnone  wp-image-2823\" src=\"https:\/\/teodorabcn.com\/wp-content\/uploads\/2025\/03\/Arbustos-con-flores-9-300x169.png\" alt=\"Jazm\u00edn\" width=\"868\" height=\"489\" srcset=\"https:\/\/teodorabcn.com\/wp-content\/uploads\/2025\/03\/Arbustos-con-flores-9-300x169.png 300w, https:\/\/teodorabcn.com\/wp-content\/uploads\/2025\/03\/Arbustos-con-flores-9-1024x576.png 1024w, https:\/\/teodorabcn.com\/wp-content\/uploads\/2025\/03\/Arbustos-con-flores-9-768x432.png 768w, https:\/\/teodorabcn.com\/wp-content\/uploads\/2025\/03\/Arbustos-con-flores-9-1536x864.png 1536w, https:\/\/teodorabcn.com\/wp-content\/uploads\/2025\/03\/Arbustos-con-flores-9-18x10.png 18w, https:\/\/teodorabcn.com\/wp-content\/uploads\/2025\/03\/Arbustos-con-flores-9.png 1920w\" sizes=\"(max-width: 868px) 100vw, 868px\" \/><\/p>\n<h2><b>10. Buganv\u00edl\u00b7lia<\/b><\/h2>\n<p><span style=\"font-weight: 400;\">\u00c9s una planta enfiladissa perenne de creixement vigor\u00f3s i espectacular floraci\u00f3. Les seves cridaneres br\u00e0ctees, que poden ser de colors com a f\u00facsia, taronja, vermell, morat, blanc o groc, envolten petites flors blanques i creen un efecte visual impressionant.\u00a0<\/span><\/p>\n<p><span style=\"font-weight: 400;\">En terrasses, la buganv\u00edl\u00b7lia es desenvolupa molt b\u00e9 en <\/span><b>tests grans<\/b><span style=\"font-weight: 400;\">sempre que tinguin un bon drenatge per a evitar l'exc\u00e9s d'humitat. Prefereix una exposici\u00f3 <\/span><b>assolellada i c\u00e0lida<\/b><span style=\"font-weight: 400;\">,  ja que la seva floraci\u00f3 \u00e9s m\u00e9s abundant quan rep moltes hores de sol.<\/span><\/p>\n<p><img loading=\"lazy\" decoding=\"async\" class=\"alignnone  wp-image-2824\" src=\"https:\/\/teodorabcn.com\/wp-content\/uploads\/2025\/03\/Arbustos-con-flores-10-300x169.png\" alt=\"Buganvilia\" width=\"873\" height=\"492\" srcset=\"https:\/\/teodorabcn.com\/wp-content\/uploads\/2025\/03\/Arbustos-con-flores-10-300x169.png 300w, https:\/\/teodorabcn.com\/wp-content\/uploads\/2025\/03\/Arbustos-con-flores-10-1024x576.png 1024w, https:\/\/teodorabcn.com\/wp-content\/uploads\/2025\/03\/Arbustos-con-flores-10-768x432.png 768w, https:\/\/teodorabcn.com\/wp-content\/uploads\/2025\/03\/Arbustos-con-flores-10-1536x864.png 1536w, https:\/\/teodorabcn.com\/wp-content\/uploads\/2025\/03\/Arbustos-con-flores-10-18x10.png 18w, https:\/\/teodorabcn.com\/wp-content\/uploads\/2025\/03\/Arbustos-con-flores-10.png 1920w\" sizes=\"(max-width: 873px) 100vw, 873px\" \/><\/p>\n<h3><b>Arbustos amb flors: color, frag\u00e0ncia i vida<\/b><\/h3>\n<p><span style=\"font-weight: 400;\">Els arbustos amb flors s\u00f3n una <\/span><b>excel\u00b7lent opci\u00f3<\/b><span style=\"font-weight: 400;\"> per a omplir la terrassa de color, frag\u00e0ncia i vida. A m\u00e9s d'embellir l'espai, ajuden a atreure pol\u00b7linitzadors com a abelles i papallones, afavorint l'ecosistema. Tamb\u00e9 <\/span><b>ofereixen estructura i volum<\/b><span style=\"font-weight: 400;\">, servint com a elements decoratius o funcionals en el disseny del paisatge. Cada arbust t\u00e9 les seves particularitats, des dels quals requereixen poc manteniment fins als quals necessiten m\u00e9s cures, per\u00f2 tots aporten bellesa a l'entorn. En aquesta guia, et presentem <\/span><b>10 arbustos amb flors ideals per a qualsevol terrasa o jard\u00ed<\/b><span style=\"font-weight: 400;\">amb informaci\u00f3 clau sobre les seves caracter\u00edstiques, cures i consells per al seu cultiu reeixit.<\/span><\/p>\n<p><span style=\"font-weight: 400;\">Des de <\/span><strong><a href=\"https:\/\/teodorabcn.com\/ca\/\">Teodora<\/a><\/strong><span style=\"font-weight: 400;\"> t'aconsellem seguir les recomanacions d'aquest article, ja que aix\u00ed aconseguir\u00e0s estar un pas m\u00e9s prop d'aconseguir una terrassa que reflecteixi la teva personalitat i estil de vida. Transforma la teva terrassa en un oasi verd i gaudeix de la bellesa de la naturalesa enmig de la ciutat!<\/span><\/p>","protected":false},"excerpt":{"rendered":"<p>Los 10 arbustos con flores m\u00e1s recomendados para tu terraza Los arbustos con flores son una excelente opci\u00f3n para llenar la terraza de color, fragancia y vida. Adem\u00e1s de embellecer el espacio, ayudan a atraer polinizadores como abejas y mariposas, favoreciendo el ecosistema. Tambi\u00e9n ofrecen estructura y volumen, sirviendo como elementos decorativos o funcionales en [&hellip;]<\/p>","protected":false},"author":8,"featured_media":2813,"comment_status":"closed","ping_status":"closed","sticky":false,"template":"","format":"standard","meta":{"footnotes":""},"categories":[1],"tags":[],"class_list":["post-2812","post","type-post","status-publish","format-standard","has-post-thumbnail","hentry","category-sin-categorizar"],"yoast_head":"<!-- This site is optimized with the Yoast SEO plugin v26.6 - https:\/\/yoast.com\/wordpress\/plugins\/seo\/ -->\n<title>Los 10 arbustos con flores m\u00e1s recomendados para tu terraza - Teodora<\/title>\n<meta name=\"description\" content=\"Descubre los 10 mejores arbustos con flores para llenar tu terraza de color y vida. Conoce sus caracter\u00edsticas, cuidados y consejos.\" \/>\n<meta name=\"robots\" content=\"index, follow, max-snippet:-1, max-image-preview:large, max-video-preview:-1\" \/>\n<link rel=\"canonical\" href=\"https:\/\/teodorabcn.com\/ca\/los-10-arbustos-con-flores-mas-recomendados-para-tu-terraza\/\" \/>\n<meta property=\"og:locale\" content=\"ca_ES\" \/>\n<meta property=\"og:type\" content=\"article\" \/>\n<meta property=\"og:title\" content=\"Los 10 arbustos con flores m\u00e1s recomendados para tu terraza - Teodora\" \/>\n<meta property=\"og:description\" content=\"Descubre los 10 mejores arbustos con flores para llenar tu terraza de color y vida. Conoce sus caracter\u00edsticas, cuidados y consejos.\" \/>\n<meta property=\"og:url\" content=\"https:\/\/teodorabcn.com\/ca\/los-10-arbustos-con-flores-mas-recomendados-para-tu-terraza\/\" \/>\n<meta property=\"og:site_name\" content=\"Teodora\" \/>\n<meta property=\"article:publisher\" content=\"https:\/\/www.facebook.com\/profile.php?id=61550838347854\" \/>\n<meta property=\"article:published_time\" content=\"2025-03-28T11:45:12+00:00\" \/>\n<meta property=\"og:image\" content=\"https:\/\/teodorabcn.com\/wp-content\/uploads\/2025\/03\/Arbustos-con-flores-1.png\" \/>\n\t<meta property=\"og:image:width\" content=\"1920\" \/>\n\t<meta property=\"og:image:height\" content=\"1080\" \/>\n\t<meta property=\"og:image:type\" content=\"image\/png\" \/>\n<meta name=\"author\" content=\"Fanny\" \/>\n<meta name=\"twitter:card\" content=\"summary_large_image\" \/>\n<meta name=\"twitter:label1\" content=\"Escrit per\" \/>\n\t<meta name=\"twitter:data1\" content=\"Fanny\" \/>\n\t<meta name=\"twitter:label2\" content=\"Temps estimat de lectura\" \/>\n\t<meta name=\"twitter:data2\" content=\"9 minuts\" \/>\n<script type=\"application\/ld+json\" class=\"yoast-schema-graph\">{\"@context\":\"https:\/\/schema.org\",\"@graph\":[{\"@type\":\"Article\",\"@id\":\"https:\/\/teodorabcn.com\/los-10-arbustos-con-flores-mas-recomendados-para-tu-terraza\/#article\",\"isPartOf\":{\"@id\":\"https:\/\/teodorabcn.com\/los-10-arbustos-con-flores-mas-recomendados-para-tu-terraza\/\"},\"author\":{\"name\":\"Fanny\",\"@id\":\"https:\/\/teodorabcn.com\/#\/schema\/person\/51ee1cdbdf5319b306e7bd9a93f57629\"},\"headline\":\"Los 10 arbustos con flores m\u00e1s recomendados para tu terraza\",\"datePublished\":\"2025-03-28T11:45:12+00:00\",\"mainEntityOfPage\":{\"@id\":\"https:\/\/teodorabcn.com\/los-10-arbustos-con-flores-mas-recomendados-para-tu-terraza\/\"},\"wordCount\":1559,\"publisher\":{\"@id\":\"https:\/\/teodorabcn.com\/#organization\"},\"image\":{\"@id\":\"https:\/\/teodorabcn.com\/los-10-arbustos-con-flores-mas-recomendados-para-tu-terraza\/#primaryimage\"},\"thumbnailUrl\":\"https:\/\/teodorabcn.com\/wp-content\/uploads\/2025\/03\/Arbustos-con-flores-1.png\",\"articleSection\":[\"Sin categorizar\"],\"inLanguage\":\"ca\"},{\"@type\":\"WebPage\",\"@id\":\"https:\/\/teodorabcn.com\/los-10-arbustos-con-flores-mas-recomendados-para-tu-terraza\/\",\"url\":\"https:\/\/teodorabcn.com\/los-10-arbustos-con-flores-mas-recomendados-para-tu-terraza\/\",\"name\":\"Los 10 arbustos con flores m\u00e1s recomendados para tu terraza - Teodora\",\"isPartOf\":{\"@id\":\"https:\/\/teodorabcn.com\/#website\"},\"primaryImageOfPage\":{\"@id\":\"https:\/\/teodorabcn.com\/los-10-arbustos-con-flores-mas-recomendados-para-tu-terraza\/#primaryimage\"},\"image\":{\"@id\":\"https:\/\/teodorabcn.com\/los-10-arbustos-con-flores-mas-recomendados-para-tu-terraza\/#primaryimage\"},\"thumbnailUrl\":\"https:\/\/teodorabcn.com\/wp-content\/uploads\/2025\/03\/Arbustos-con-flores-1.png\",\"datePublished\":\"2025-03-28T11:45:12+00:00\",\"description\":\"Descubre los 10 mejores arbustos con flores para llenar tu terraza de color y vida. Conoce sus caracter\u00edsticas, cuidados y consejos.\",\"breadcrumb\":{\"@id\":\"https:\/\/teodorabcn.com\/los-10-arbustos-con-flores-mas-recomendados-para-tu-terraza\/#breadcrumb\"},\"inLanguage\":\"ca\",\"potentialAction\":[{\"@type\":\"ReadAction\",\"target\":[\"https:\/\/teodorabcn.com\/los-10-arbustos-con-flores-mas-recomendados-para-tu-terraza\/\"]}]},{\"@type\":\"ImageObject\",\"inLanguage\":\"ca\",\"@id\":\"https:\/\/teodorabcn.com\/los-10-arbustos-con-flores-mas-recomendados-para-tu-terraza\/#primaryimage\",\"url\":\"https:\/\/teodorabcn.com\/wp-content\/uploads\/2025\/03\/Arbustos-con-flores-1.png\",\"contentUrl\":\"https:\/\/teodorabcn.com\/wp-content\/uploads\/2025\/03\/Arbustos-con-flores-1.png\",\"width\":1920,\"height\":1080,\"caption\":\"Arbustos con flores\"},{\"@type\":\"BreadcrumbList\",\"@id\":\"https:\/\/teodorabcn.com\/los-10-arbustos-con-flores-mas-recomendados-para-tu-terraza\/#breadcrumb\",\"itemListElement\":[{\"@type\":\"ListItem\",\"position\":1,\"name\":\"Portada\",\"item\":\"https:\/\/teodorabcn.com\/\"},{\"@type\":\"ListItem\",\"position\":2,\"name\":\"Los 10 arbustos con flores m\u00e1s recomendados para tu terraza\"}]},{\"@type\":\"WebSite\",\"@id\":\"https:\/\/teodorabcn.com\/#website\",\"url\":\"https:\/\/teodorabcn.com\/\",\"name\":\"Teodora Exteriorismo\",\"description\":\"Creamos terrazas y jardines con car\u00e1cter.\",\"publisher\":{\"@id\":\"https:\/\/teodorabcn.com\/#organization\"},\"alternateName\":\"Teodora\",\"potentialAction\":[{\"@type\":\"SearchAction\",\"target\":{\"@type\":\"EntryPoint\",\"urlTemplate\":\"https:\/\/teodorabcn.com\/?s={search_term_string}\"},\"query-input\":{\"@type\":\"PropertyValueSpecification\",\"valueRequired\":true,\"valueName\":\"search_term_string\"}}],\"inLanguage\":\"ca\"},{\"@type\":\"Organization\",\"@id\":\"https:\/\/teodorabcn.com\/#organization\",\"name\":\"Teodora Exteriorismo\",\"alternateName\":\"Teodora\",\"url\":\"https:\/\/teodorabcn.com\/\",\"logo\":{\"@type\":\"ImageObject\",\"inLanguage\":\"ca\",\"@id\":\"https:\/\/teodorabcn.com\/#\/schema\/logo\/image\/\",\"url\":\"https:\/\/teodorabcn.com\/wp-content\/uploads\/2023\/10\/Teodora_logo-_EXT-Ok-ESP-e1706538305612.jpg\",\"contentUrl\":\"https:\/\/teodorabcn.com\/wp-content\/uploads\/2023\/10\/Teodora_logo-_EXT-Ok-ESP-e1706538305612.jpg\",\"width\":1540,\"height\":573,\"caption\":\"Teodora Exteriorismo\"},\"image\":{\"@id\":\"https:\/\/teodorabcn.com\/#\/schema\/logo\/image\/\"},\"sameAs\":[\"https:\/\/www.facebook.com\/profile.php?id=61550838347854\",\"https:\/\/www.instagram.com\/teodora.exteriorismo\/?hl=es\",\"https:\/\/www.pinterest.es\/teodora_exteriorismo\/\",\"https:\/\/www.linkedin.com\/company\/teodora-bcn-exteriorismo\/\"]},{\"@type\":\"Person\",\"@id\":\"https:\/\/teodorabcn.com\/#\/schema\/person\/51ee1cdbdf5319b306e7bd9a93f57629\",\"name\":\"Fanny\",\"image\":{\"@type\":\"ImageObject\",\"inLanguage\":\"ca\",\"@id\":\"https:\/\/teodorabcn.com\/#\/schema\/person\/image\/\",\"url\":\"https:\/\/secure.gravatar.com\/avatar\/db009b4608aefdd5a3592f6a3ea43b35edbf6cb312d1076236cc6e7b974f831a?s=96&d=mm&r=g\",\"contentUrl\":\"https:\/\/secure.gravatar.com\/avatar\/db009b4608aefdd5a3592f6a3ea43b35edbf6cb312d1076236cc6e7b974f831a?s=96&d=mm&r=g\",\"caption\":\"Fanny\"},\"url\":\"https:\/\/teodorabcn.com\/ca\/author\/fanny\/\"}]}<\/script>\n<!-- \/ Yoast SEO plugin. -->","yoast_head_json":{"title":"Los 10 arbustos con flores m\u00e1s recomendados para tu terraza - Teodora","description":"Descubre los 10 mejores arbustos con flores para llenar tu terraza de color y vida. Conoce sus caracter\u00edsticas, cuidados y consejos.","robots":{"index":"index","follow":"follow","max-snippet":"max-snippet:-1","max-image-preview":"max-image-preview:large","max-video-preview":"max-video-preview:-1"},"canonical":"https:\/\/teodorabcn.com\/ca\/los-10-arbustos-con-flores-mas-recomendados-para-tu-terraza\/","og_locale":"ca_ES","og_type":"article","og_title":"Los 10 arbustos con flores m\u00e1s recomendados para tu terraza - Teodora","og_description":"Descubre los 10 mejores arbustos con flores para llenar tu terraza de color y vida. Conoce sus caracter\u00edsticas, cuidados y consejos.","og_url":"https:\/\/teodorabcn.com\/ca\/los-10-arbustos-con-flores-mas-recomendados-para-tu-terraza\/","og_site_name":"Teodora","article_publisher":"https:\/\/www.facebook.com\/profile.php?id=61550838347854","article_published_time":"2025-03-28T11:45:12+00:00","og_image":[{"width":1920,"height":1080,"url":"https:\/\/teodorabcn.com\/wp-content\/uploads\/2025\/03\/Arbustos-con-flores-1.png","type":"image\/png"}],"author":"Fanny","twitter_card":"summary_large_image","twitter_misc":{"Escrit per":"Fanny","Temps estimat de lectura":"9 minuts"},"schema":{"@context":"https:\/\/schema.org","@graph":[{"@type":"Article","@id":"https:\/\/teodorabcn.com\/los-10-arbustos-con-flores-mas-recomendados-para-tu-terraza\/#article","isPartOf":{"@id":"https:\/\/teodorabcn.com\/los-10-arbustos-con-flores-mas-recomendados-para-tu-terraza\/"},"author":{"name":"Fanny","@id":"https:\/\/teodorabcn.com\/#\/schema\/person\/51ee1cdbdf5319b306e7bd9a93f57629"},"headline":"Los 10 arbustos con flores m\u00e1s recomendados para tu terraza","datePublished":"2025-03-28T11:45:12+00:00","mainEntityOfPage":{"@id":"https:\/\/teodorabcn.com\/los-10-arbustos-con-flores-mas-recomendados-para-tu-terraza\/"},"wordCount":1559,"publisher":{"@id":"https:\/\/teodorabcn.com\/#organization"},"image":{"@id":"https:\/\/teodorabcn.com\/los-10-arbustos-con-flores-mas-recomendados-para-tu-terraza\/#primaryimage"},"thumbnailUrl":"https:\/\/teodorabcn.com\/wp-content\/uploads\/2025\/03\/Arbustos-con-flores-1.png","articleSection":["Sin categorizar"],"inLanguage":"ca"},{"@type":"WebPage","@id":"https:\/\/teodorabcn.com\/los-10-arbustos-con-flores-mas-recomendados-para-tu-terraza\/","url":"https:\/\/teodorabcn.com\/los-10-arbustos-con-flores-mas-recomendados-para-tu-terraza\/","name":"Los 10 arbustos con flores m\u00e1s recomendados para tu terraza - Teodora","isPartOf":{"@id":"https:\/\/teodorabcn.com\/#website"},"primaryImageOfPage":{"@id":"https:\/\/teodorabcn.com\/los-10-arbustos-con-flores-mas-recomendados-para-tu-terraza\/#primaryimage"},"image":{"@id":"https:\/\/teodorabcn.com\/los-10-arbustos-con-flores-mas-recomendados-para-tu-terraza\/#primaryimage"},"thumbnailUrl":"https:\/\/teodorabcn.com\/wp-content\/uploads\/2025\/03\/Arbustos-con-flores-1.png","datePublished":"2025-03-28T11:45:12+00:00","description":"Descubre los 10 mejores arbustos con flores para llenar tu terraza de color y vida. Conoce sus caracter\u00edsticas, cuidados y consejos.","breadcrumb":{"@id":"https:\/\/teodorabcn.com\/los-10-arbustos-con-flores-mas-recomendados-para-tu-terraza\/#breadcrumb"},"inLanguage":"ca","potentialAction":[{"@type":"ReadAction","target":["https:\/\/teodorabcn.com\/los-10-arbustos-con-flores-mas-recomendados-para-tu-terraza\/"]}]},{"@type":"ImageObject","inLanguage":"ca","@id":"https:\/\/teodorabcn.com\/los-10-arbustos-con-flores-mas-recomendados-para-tu-terraza\/#primaryimage","url":"https:\/\/teodorabcn.com\/wp-content\/uploads\/2025\/03\/Arbustos-con-flores-1.png","contentUrl":"https:\/\/teodorabcn.com\/wp-content\/uploads\/2025\/03\/Arbustos-con-flores-1.png","width":1920,"height":1080,"caption":"Arbustos con flores"},{"@type":"BreadcrumbList","@id":"https:\/\/teodorabcn.com\/los-10-arbustos-con-flores-mas-recomendados-para-tu-terraza\/#breadcrumb","itemListElement":[{"@type":"ListItem","position":1,"name":"Portada","item":"https:\/\/teodorabcn.com\/"},{"@type":"ListItem","position":2,"name":"Los 10 arbustos con flores m\u00e1s recomendados para tu terraza"}]},{"@type":"WebSite","@id":"https:\/\/teodorabcn.com\/#website","url":"https:\/\/teodorabcn.com\/","name":"Teodora Exteriorisme","description":"Creamos terrazas y jardines con car\u00e1cter.","publisher":{"@id":"https:\/\/teodorabcn.com\/#organization"},"alternateName":"Teodora","potentialAction":[{"@type":"SearchAction","target":{"@type":"EntryPoint","urlTemplate":"https:\/\/teodorabcn.com\/?s={search_term_string}"},"query-input":{"@type":"PropertyValueSpecification","valueRequired":true,"valueName":"search_term_string"}}],"inLanguage":"ca"},{"@type":"Organization","@id":"https:\/\/teodorabcn.com\/#organization","name":"Teodora Exteriorisme","alternateName":"Teodora","url":"https:\/\/teodorabcn.com\/","logo":{"@type":"ImageObject","inLanguage":"ca","@id":"https:\/\/teodorabcn.com\/#\/schema\/logo\/image\/","url":"https:\/\/teodorabcn.com\/wp-content\/uploads\/2023\/10\/Teodora_logo-_EXT-Ok-ESP-e1706538305612.jpg","contentUrl":"https:\/\/teodorabcn.com\/wp-content\/uploads\/2023\/10\/Teodora_logo-_EXT-Ok-ESP-e1706538305612.jpg","width":1540,"height":573,"caption":"Teodora Exteriorismo"},"image":{"@id":"https:\/\/teodorabcn.com\/#\/schema\/logo\/image\/"},"sameAs":["https:\/\/www.facebook.com\/profile.php?id=61550838347854","https:\/\/www.instagram.com\/teodora.exteriorismo\/?hl=es","https:\/\/www.pinterest.es\/teodora_exteriorismo\/","https:\/\/www.linkedin.com\/company\/teodora-bcn-exteriorismo\/"]},{"@type":"Person","@id":"https:\/\/teodorabcn.com\/#\/schema\/person\/51ee1cdbdf5319b306e7bd9a93f57629","name":"Fanny","image":{"@type":"ImageObject","inLanguage":"ca","@id":"https:\/\/teodorabcn.com\/#\/schema\/person\/image\/","url":"https:\/\/secure.gravatar.com\/avatar\/db009b4608aefdd5a3592f6a3ea43b35edbf6cb312d1076236cc6e7b974f831a?s=96&d=mm&r=g","contentUrl":"https:\/\/secure.gravatar.com\/avatar\/db009b4608aefdd5a3592f6a3ea43b35edbf6cb312d1076236cc6e7b974f831a?s=96&d=mm&r=g","caption":"Fanny"},"url":"https:\/\/teodorabcn.com\/ca\/author\/fanny\/"}]}},"_links":{"self":[{"href":"https:\/\/teodorabcn.com\/ca\/wp-json\/wp\/v2\/posts\/2812","targetHints":{"allow":["GET"]}}],"collection":[{"href":"https:\/\/teodorabcn.com\/ca\/wp-json\/wp\/v2\/posts"}],"about":[{"href":"https:\/\/teodorabcn.com\/ca\/wp-json\/wp\/v2\/types\/post"}],"author":[{"embeddable":true,"href":"https:\/\/teodorabcn.com\/ca\/wp-json\/wp\/v2\/users\/8"}],"replies":[{"embeddable":true,"href":"https:\/\/teodorabcn.com\/ca\/wp-json\/wp\/v2\/comments?post=2812"}],"version-history":[{"count":2,"href":"https:\/\/teodorabcn.com\/ca\/wp-json\/wp\/v2\/posts\/2812\/revisions"}],"predecessor-version":[{"id":2825,"href":"https:\/\/teodorabcn.com\/ca\/wp-json\/wp\/v2\/posts\/2812\/revisions\/2825"}],"wp:featuredmedia":[{"embeddable":true,"href":"https:\/\/teodorabcn.com\/ca\/wp-json\/wp\/v2\/media\/2813"}],"wp:attachment":[{"href":"https:\/\/teodorabcn.com\/ca\/wp-json\/wp\/v2\/media?parent=2812"}],"wp:term":[{"taxonomy":"category","embeddable":true,"href":"https:\/\/teodorabcn.com\/ca\/wp-json\/wp\/v2\/categories?post=2812"},{"taxonomy":"post_tag","embeddable":true,"href":"https:\/\/teodorabcn.com\/ca\/wp-json\/wp\/v2\/tags?post=2812"}],"curies":[{"name":"wp","href":"https:\/\/api.w.org\/{rel}","templated":true}]}}