{"id":2648,"date":"2025-01-24T13:24:24","date_gmt":"2025-01-24T12:24:24","guid":{"rendered":"https:\/\/teodorabcn.com\/?p=2648"},"modified":"2025-03-20T12:06:01","modified_gmt":"2025-03-20T11:06:01","slug":"pergolas-bioclimaticas-para-terrazas-urbanas","status":"publish","type":"post","link":"https:\/\/teodorabcn.com\/ca\/pergolas-bioclimaticas-para-terrazas-urbanas\/","title":{"rendered":"P\u00e8rgoles Bioclim\u00e0tiques per a terrasses urbanes"},"content":{"rendered":"<p><span style=\"font-weight: 400;\">En les grans ciutats, <\/span><b>l'aprofitament <\/b><span style=\"font-weight: 400;\">dels espais exteriors, com ara terrasses i terrats, s'ha convertit en una tend\u00e8ncia creixent. Aquests llocs ofereixen un oasi de calma enmig de la bull\u00edcia urbana, i amb el disseny adequat, poden transformar-se en \u00e0rees funcionals i confortables durant tot l'any. Entre les solucions per optimitzar aquests espais estan les <\/span><b>p\u00e8rgoles bioclim\u00e0tiques<\/b><span style=\"font-weight: 400;\">, estructures que no sols aporten est\u00e8tica, sin\u00f3 que tamb\u00e9 ofereixen tecnologia avan\u00e7ada i sostenibilitat.<\/span><\/p>\n<p><span style=\"font-weight: 400;\">En aquest article, explorarem qu\u00e8 s\u00f3n, els seus beneficis, i consells clau per triar la p\u00e8rgola bioclim\u00e0tica ideal per a la teva terrassa urbana.<\/span><\/p>\n<h2><span style=\"font-weight: 400;\">Qu\u00e8 \u00e9s una p\u00e8rgola bioclim\u00e0tica?<\/span><\/h2>\n<p><span style=\"font-weight: 400;\">Una p\u00e8rgola bioclim\u00e0tica \u00e9s una estructura dissenyada per cobrir i protegir espais exteriors, com terrasses, patis o jardins, adaptant-se a les condicions clim\u00e0tiques de manera intel\u00b7ligent.\nA difer\u00e8ncia de les p\u00e8rgoles tradicionals, aquestes incorporen <\/span><b>tecnologia avan\u00e7ada<\/b><span style=\"font-weight: 400;\">, com a l\u00e0mines orientables d'alumini que permeten regular l'entrada de llum, ventilaci\u00f3 i protecci\u00f3 contra la pluja o el vent.<\/span><\/p>\n<p><span style=\"font-weight: 400;\">Aquest tipus de p\u00e8rgoles es caracteritzen per la seva <\/span><b>capacitat de crear un microclima <\/b><span style=\"font-weight: 400;\">\u00f2ptim en qualsevol estaci\u00f3 de l'any, maximitzant el confort i permetent un \u00fas prolongat dels espais exteriors.<\/span><\/p>\n<p><img fetchpriority=\"high\" decoding=\"async\" class=\"aligncenter wp-image-2656 size-full\" src=\"https:\/\/teodorabcn.com\/wp-content\/uploads\/2025\/01\/Pergola-Bioclimaetica-3.jpg\" alt=\"\" width=\"1920\" height=\"1080\" srcset=\"https:\/\/teodorabcn.com\/wp-content\/uploads\/2025\/01\/Pergola-Bioclimaetica-3.jpg 1920w, https:\/\/teodorabcn.com\/wp-content\/uploads\/2025\/01\/Pergola-Bioclimaetica-3-300x169.jpg 300w, https:\/\/teodorabcn.com\/wp-content\/uploads\/2025\/01\/Pergola-Bioclimaetica-3-1024x576.jpg 1024w, https:\/\/teodorabcn.com\/wp-content\/uploads\/2025\/01\/Pergola-Bioclimaetica-3-768x432.jpg 768w, https:\/\/teodorabcn.com\/wp-content\/uploads\/2025\/01\/Pergola-Bioclimaetica-3-1536x864.jpg 1536w, https:\/\/teodorabcn.com\/wp-content\/uploads\/2025\/01\/Pergola-Bioclimaetica-3-18x10.jpg 18w\" sizes=\"(max-width: 1920px) 100vw, 1920px\" \/><\/p>\n<h2><span style=\"font-weight: 400;\">Beneficis de les p\u00e8rgoles bioclim\u00e0tiques<\/span><\/h2>\n<p><span style=\"font-weight: 400;\">Triar una p\u00e8rgola bioclim\u00e0tica per a una <\/span><a href=\"https:\/\/teodorabcn.com\/ca\/cocinas-de-exterior-para-terrazas-urbanas\/\" target=\"_blank\" rel=\"noopener\"><span style=\"font-weight: 400;\">terrassa urbana<\/span><\/a><span style=\"font-weight: 400;\"> t\u00e9 nombrosos avantatges:<\/span><\/p>\n<h3><span style=\"font-weight: 400;\">1. Confort durant tot l'any<\/span><\/h3>\n<p><span style=\"font-weight: 400;\">Les l\u00e0mines orientables d'una p\u00e8rgola bioclim\u00e0tica permeten<\/span><b> regular la llum solar<\/b><span style=\"font-weight: 400;\"> a l'estiu per evitar el sobreescalfament i<\/span><b> retenir la calor a l'hivern<\/b><span style=\"font-weight: 400;\">, creant un espai c\u00f2mode en qualsevol estaci\u00f3. A m\u00e9s, el seu disseny inclou sistemes de drenatge que eviten l'acumulaci\u00f3 d'aigua durant pluges.<\/span><\/p>\n<h3><span style=\"font-weight: 400;\">2. Sostenibilitat i estalvi energ\u00e8tic<\/span><\/h3>\n<p><span style=\"font-weight: 400;\">Aquestes estructures ajuden a reduir la necessitat de <\/span><b>climatitzaci\u00f3 <\/b><span style=\"font-weight: 400;\">i sistemes d'il\u00b7luminaci\u00f3 artificial, aprofitant al m\u00e0xim la llum i ventilaci\u00f3 natural. Aix\u00f2 no sols millora la sostenibilitat de l'espai, sin\u00f3 que tamb\u00e9 redueix els costos energ\u00e8tics.<\/span><\/p>\n<h3><span style=\"font-weight: 400;\">3. Resist\u00e8ncia i durabilitat<\/span><\/h3>\n<p><span style=\"font-weight: 400;\">Les p\u00e8rgoles bioclim\u00e0tiques solen estar fabricades amb materials d'alta qualitat,, com ara alumini, que resisteixen les condicions clim\u00e0tiques adverses, incloent-hi el vent, la pluja i el sol intens. Aix\u00f2 assegura una <\/span><b>llarga vida \u00fatil <\/b><span style=\"font-weight: 400;\">amb un manteniment m\u00ednim.<\/span><\/p>\n<h3><span style=\"font-weight: 400;\">4. Disseny personalitzable<\/span><\/h3>\n<p><span style=\"font-weight: 400;\">Una p\u00e8rgola bioclim\u00e0tica pot<\/span><b> integrar-se perfectament<\/b><span style=\"font-weight: 400;\"> amb l'estil arquitect\u00f2nic de qualsevol edifici urb\u00e0. Existeixen m\u00faltiples opcions de disseny, colors i acabats que permeten adaptar-la a les necessitats espec\u00edfiques de cada espai.<\/span><\/p>\n<h2><span style=\"font-weight: 400;\">Desavantatges de les p\u00e8rgoles bioclim\u00e0tiques<\/span><\/h2>\n<p><span style=\"font-weight: 400;\">Les <\/span><b>p\u00e8rgoles bioclim\u00e0tiques<\/b><span style=\"font-weight: 400;\"> s\u00f3n una <\/span><b>soluci\u00f3 moderna i funcional <\/b><span style=\"font-weight: 400;\">per a espais exteriors, per\u00f2 tamb\u00e9 tenen alguns desavantatges que \u00e9s important considerar. A continuaci\u00f3, s'enumeren els principals inconvenients:<\/span><\/p>\n<h3><span style=\"font-weight: 400;\">a) Cost elevat<\/span><\/h3>\n<ul>\n<li style=\"font-weight: 400;\" aria-level=\"1\"><span style=\"font-weight: 400;\">Les p\u00e8rgoles bioclim\u00e0tiques solen tenir un preu considerablement m\u00e9s alt que altres tipus de p\u00e8rgoles a causa de la<\/span><b> tecnologia avan\u00e7ada <\/b><span style=\"font-weight: 400;\">i els materials d'alta qualitat que empren.<\/span><\/li>\n<\/ul>\n<h3><span style=\"font-weight: 400;\">b) Manteniment t\u00e8cnic<\/span><\/h3>\n<ul>\n<li style=\"font-weight: 400;\" aria-level=\"1\"><span style=\"font-weight: 400;\">Requereixen un manteniment m\u00e9s <\/span><b>especialitzat<\/b><span style=\"font-weight: 400;\">especialment si compten amb sistemes motoritzats o automatitzats, el que pot augmentar els costos a llarg termini.<\/span><\/li>\n<\/ul>\n<h3><span style=\"font-weight: 400;\">c) Depend\u00e8ncia de l'energia<\/span><\/h3>\n<ul>\n<li style=\"font-weight: 400;\" aria-level=\"1\"><span style=\"font-weight: 400;\">Les p\u00e8rgoles amb funcions automatitzades (com a l\u00e0mines motoritzades) <\/span><b>depenen de l'electricitat<\/b><span style=\"font-weight: 400;\">, i pot esdevenir un inconvenient en casos de fallades el\u00e8ctriques o si no es t\u00e9 acc\u00e9s a una font d'energia.<\/span><\/li>\n<\/ul>\n<h3><span style=\"font-weight: 400;\">d) Est\u00e8tica r\u00edgida<\/span><\/h3>\n<ul>\n<li style=\"font-weight: 400;\" aria-level=\"1\"><span style=\"font-weight: 400;\">El seu disseny modern i minimalista, encara que atractiu per a molts, <\/span><b>podria no ser adequat en entorns r\u00fastics o tradicionals<\/b><span style=\"font-weight: 400;\">, on una p\u00e8rgola de fusta o estil m\u00e9s cl\u00e0ssic encaixaria millor.<\/span><\/li>\n<\/ul>\n<p><img decoding=\"async\" class=\"aligncenter wp-image-2655 size-full\" src=\"https:\/\/teodorabcn.com\/wp-content\/uploads\/2025\/01\/Pergola-Bioclimaetica-2.jpg\" alt=\"\" width=\"1920\" height=\"1080\" srcset=\"https:\/\/teodorabcn.com\/wp-content\/uploads\/2025\/01\/Pergola-Bioclimaetica-2.jpg 1920w, https:\/\/teodorabcn.com\/wp-content\/uploads\/2025\/01\/Pergola-Bioclimaetica-2-300x169.jpg 300w, https:\/\/teodorabcn.com\/wp-content\/uploads\/2025\/01\/Pergola-Bioclimaetica-2-1024x576.jpg 1024w, https:\/\/teodorabcn.com\/wp-content\/uploads\/2025\/01\/Pergola-Bioclimaetica-2-768x432.jpg 768w, https:\/\/teodorabcn.com\/wp-content\/uploads\/2025\/01\/Pergola-Bioclimaetica-2-1536x864.jpg 1536w, https:\/\/teodorabcn.com\/wp-content\/uploads\/2025\/01\/Pergola-Bioclimaetica-2-18x10.jpg 18w\" sizes=\"(max-width: 1920px) 100vw, 1920px\" \/><\/p>\n<h2><span style=\"font-weight: 400;\">Factors a considerar en triar una p\u00e8rgola bioclim\u00e0tica<\/span><\/h2>\n<p><span style=\"font-weight: 400;\">Abans d'instal\u00b7lar una p\u00e8rgola bioclim\u00e0tica a la teva terrassa urbana, \u00e9s important tenir en compte diversos aspectes clau per a garantir que l'elecci\u00f3 sigui la m\u00e9s adequada.<\/span><\/p>\n<h3><span style=\"font-weight: 400;\">a) \u00das previst de l'espai<\/span><\/h3>\n<p><span style=\"font-weight: 400;\">Abans de decidir-te per un model espec\u00edfic, reflexiona sobre <\/span><b>com <\/b><span style=\"font-weight: 400;\">planeges usar la teva terrassa. Ser\u00e0 un espai per a reunions socials, un lloc de treball a l'aire lliure, o simplement una \u00e0rea de relax? La finalitat determinar\u00e0 les caracter\u00edstiques necess\u00e0ries, com la grand\u00e0ria, els accessoris i els sistemes automatitzats.<\/span><\/p>\n<h3><span style=\"font-weight: 400;\">b) Orientaci\u00f3 i condicions clim\u00e0tiques<\/span><\/h3>\n<p><span style=\"font-weight: 400;\">L' <\/span><b>orientaci\u00f3 <\/b><span style=\"font-weight: 400;\">de la teva terrassa i les condicions clim\u00e0tiques locals juguen un paper crucial en l'elecci\u00f3 de la p\u00e8rgola. Per exemple, en zones amb molt de sol, es recomana optar per l\u00e0mines amb alta capacitat de regulaci\u00f3 t\u00e8rmica, mentre que en \u00e0rees plujoses \u00e9s fonamental garantir un bon sistema de drenatge.<\/span><\/p>\n<h3><span style=\"font-weight: 400;\">c)  Automatitzaci\u00f3 i tecnologia<\/span><\/h3>\n<p><span style=\"font-weight: 400;\">Les p\u00e8rgoles bioclim\u00e0tiques modernes solen incloure opcions <\/span><b>d'automatitzaci\u00f3<\/b><span style=\"font-weight: 400;\">, com a sensors de pluja, vent o llum solar, que ajusten autom\u00e0ticament les l\u00e0mines per a proporcionar el millor confort. Encara que aquestes opcions augmenten el cost inicial, suposen un gran avantatge en termes de funcionalitat i facilitat d'\u00fas.<\/span><\/p>\n<h3><span style=\"font-weight: 400;\">d) Materials i acabats<\/span><\/h3>\n<p><span style=\"font-weight: 400;\">L'alumini \u00e9s el material m\u00e9s com\u00fa per la seva resist\u00e8ncia i baix manteniment, per\u00f2 tamb\u00e9 pots trobar opcions amb acabats en fusta o textures personalitzades per a aconseguir un disseny \u00fanic. Assegura't de <\/span><b>elegir materiales que combinen<\/b><span style=\"font-weight: 400;\"> amb l'est\u00e8tica general de la teva terrassa.<\/span><\/p>\n<p><img decoding=\"async\" class=\"aligncenter wp-image-2657 size-full\" src=\"https:\/\/teodorabcn.com\/wp-content\/uploads\/2025\/01\/Pergola-Bioclimaetica.jpg\" alt=\"\" width=\"1920\" height=\"1080\" srcset=\"https:\/\/teodorabcn.com\/wp-content\/uploads\/2025\/01\/Pergola-Bioclimaetica.jpg 1920w, https:\/\/teodorabcn.com\/wp-content\/uploads\/2025\/01\/Pergola-Bioclimaetica-300x169.jpg 300w, https:\/\/teodorabcn.com\/wp-content\/uploads\/2025\/01\/Pergola-Bioclimaetica-1024x576.jpg 1024w, https:\/\/teodorabcn.com\/wp-content\/uploads\/2025\/01\/Pergola-Bioclimaetica-768x432.jpg 768w, https:\/\/teodorabcn.com\/wp-content\/uploads\/2025\/01\/Pergola-Bioclimaetica-1536x864.jpg 1536w, https:\/\/teodorabcn.com\/wp-content\/uploads\/2025\/01\/Pergola-Bioclimaetica-18x10.jpg 18w\" sizes=\"(max-width: 1920px) 100vw, 1920px\" \/><\/p>\n<h2><span style=\"font-weight: 400;\">En definitiva, les p\u00e8rgoles bioclim\u00e0tiques\u2026<\/span><\/h2>\n<p><span style=\"font-weight: 400;\">S\u00f3n una <\/span><b>soluci\u00f3 innovadora i vers\u00e0til <\/b><span style=\"font-weight: 400;\">que transforma terrasses urbanes en espais funcionals, sostenibles i visualment atractius. La seva capacitat per a adaptar-se a les condicions clim\u00e0tiques, juntament amb el seu disseny modern i personalitzable, les converteix en una opci\u00f3 per als qui busquen maximitzar l'\u00fas dels seus espais exteriors. Si est\u00e0s considerant instal\u00b7lar una a la teva terrassa, tingues en compte factors com l'\u00fas previst, el disseny i la tecnologia, per a assegurar-te que la inversi\u00f3 sigui un \u00e8xit a llarg termini.<\/span><\/p>","protected":false},"excerpt":{"rendered":"<p>En las grandes ciudades, el aprovechamiento de los espacios exteriores, como terrazas y azoteas, se ha convertido en una tendencia creciente. Estos lugares ofrecen un oasis de calma en medio del bullicio urbano, y con el dise\u00f1o adecuado, pueden transformarse en \u00e1reas funcionales y confortables durante todo el a\u00f1o. Entre las soluciones para optimizar estos [&hellip;]<\/p>","protected":false},"author":4,"featured_media":2754,"comment_status":"closed","ping_status":"closed","sticky":false,"template":"","format":"standard","meta":{"footnotes":""},"categories":[1],"tags":[],"class_list":["post-2648","post","type-post","status-publish","format-standard","has-post-thumbnail","hentry","category-sin-categorizar"],"yoast_head":"<!-- This site is optimized with the Yoast SEO plugin v26.6 - https:\/\/yoast.com\/wordpress\/plugins\/seo\/ -->\n<title>P\u00e9rgolas Bioclim\u00e1ticas para terrazas urbanas - Teodora<\/title>\n<meta name=\"description\" content=\"Convierte tu terraza urbana en un oasis funcional y sostenible todo el a\u00f1o con p\u00e9rgolas bioclim\u00e1ticas: dise\u00f1o y tecnolog\u00eda adaptada al clima.\" \/>\n<meta name=\"robots\" content=\"index, follow, max-snippet:-1, max-image-preview:large, max-video-preview:-1\" \/>\n<link rel=\"canonical\" href=\"https:\/\/teodorabcn.com\/ca\/pergolas-bioclimaticas-para-terrazas-urbanas\/\" \/>\n<meta property=\"og:locale\" content=\"ca_ES\" \/>\n<meta property=\"og:type\" content=\"article\" \/>\n<meta property=\"og:title\" content=\"P\u00e9rgolas Bioclim\u00e1ticas para terrazas urbanas - Teodora\" \/>\n<meta property=\"og:description\" content=\"Convierte tu terraza urbana en un oasis funcional y sostenible todo el a\u00f1o con p\u00e9rgolas bioclim\u00e1ticas: dise\u00f1o y tecnolog\u00eda adaptada al clima.\" \/>\n<meta property=\"og:url\" content=\"https:\/\/teodorabcn.com\/ca\/pergolas-bioclimaticas-para-terrazas-urbanas\/\" \/>\n<meta property=\"og:site_name\" content=\"Teodora\" \/>\n<meta property=\"article:publisher\" content=\"https:\/\/www.facebook.com\/profile.php?id=61550838347854\" \/>\n<meta property=\"article:published_time\" content=\"2025-01-24T12:24:24+00:00\" \/>\n<meta property=\"article:modified_time\" content=\"2025-03-20T11:06:01+00:00\" \/>\n<meta property=\"og:image\" content=\"https:\/\/teodorabcn.com\/wp-content\/uploads\/2025\/01\/pergolas-bioclimaticas.jpg\" \/>\n\t<meta property=\"og:image:width\" content=\"1920\" \/>\n\t<meta property=\"og:image:height\" content=\"1080\" \/>\n\t<meta property=\"og:image:type\" content=\"image\/jpeg\" \/>\n<meta name=\"author\" content=\"Borja\" \/>\n<meta name=\"twitter:card\" content=\"summary_large_image\" \/>\n<meta name=\"twitter:label1\" content=\"Escrit per\" \/>\n\t<meta name=\"twitter:data1\" content=\"Borja\" \/>\n\t<meta name=\"twitter:label2\" content=\"Temps estimat de lectura\" \/>\n\t<meta name=\"twitter:data2\" content=\"5 minuts\" \/>\n<script type=\"application\/ld+json\" class=\"yoast-schema-graph\">{\"@context\":\"https:\/\/schema.org\",\"@graph\":[{\"@type\":\"Article\",\"@id\":\"https:\/\/teodorabcn.com\/pergolas-bioclimaticas-para-terrazas-urbanas\/#article\",\"isPartOf\":{\"@id\":\"https:\/\/teodorabcn.com\/pergolas-bioclimaticas-para-terrazas-urbanas\/\"},\"author\":{\"name\":\"Borja\",\"@id\":\"https:\/\/teodorabcn.com\/#\/schema\/person\/37a86a5b0fcaa1c21abddf6adb873561\"},\"headline\":\"P\u00e9rgolas Bioclim\u00e1ticas para terrazas urbanas\",\"datePublished\":\"2025-01-24T12:24:24+00:00\",\"dateModified\":\"2025-03-20T11:06:01+00:00\",\"mainEntityOfPage\":{\"@id\":\"https:\/\/teodorabcn.com\/pergolas-bioclimaticas-para-terrazas-urbanas\/\"},\"wordCount\":979,\"publisher\":{\"@id\":\"https:\/\/teodorabcn.com\/#organization\"},\"image\":{\"@id\":\"https:\/\/teodorabcn.com\/pergolas-bioclimaticas-para-terrazas-urbanas\/#primaryimage\"},\"thumbnailUrl\":\"https:\/\/teodorabcn.com\/wp-content\/uploads\/2025\/01\/pergolas-bioclimaticas.jpg\",\"articleSection\":[\"Sin categorizar\"],\"inLanguage\":\"ca\"},{\"@type\":\"WebPage\",\"@id\":\"https:\/\/teodorabcn.com\/pergolas-bioclimaticas-para-terrazas-urbanas\/\",\"url\":\"https:\/\/teodorabcn.com\/pergolas-bioclimaticas-para-terrazas-urbanas\/\",\"name\":\"P\u00e9rgolas Bioclim\u00e1ticas para terrazas urbanas - Teodora\",\"isPartOf\":{\"@id\":\"https:\/\/teodorabcn.com\/#website\"},\"primaryImageOfPage\":{\"@id\":\"https:\/\/teodorabcn.com\/pergolas-bioclimaticas-para-terrazas-urbanas\/#primaryimage\"},\"image\":{\"@id\":\"https:\/\/teodorabcn.com\/pergolas-bioclimaticas-para-terrazas-urbanas\/#primaryimage\"},\"thumbnailUrl\":\"https:\/\/teodorabcn.com\/wp-content\/uploads\/2025\/01\/pergolas-bioclimaticas.jpg\",\"datePublished\":\"2025-01-24T12:24:24+00:00\",\"dateModified\":\"2025-03-20T11:06:01+00:00\",\"description\":\"Convierte tu terraza urbana en un oasis funcional y sostenible todo el a\u00f1o con p\u00e9rgolas bioclim\u00e1ticas: dise\u00f1o y tecnolog\u00eda adaptada al clima.\",\"breadcrumb\":{\"@id\":\"https:\/\/teodorabcn.com\/pergolas-bioclimaticas-para-terrazas-urbanas\/#breadcrumb\"},\"inLanguage\":\"ca\",\"potentialAction\":[{\"@type\":\"ReadAction\",\"target\":[\"https:\/\/teodorabcn.com\/pergolas-bioclimaticas-para-terrazas-urbanas\/\"]}]},{\"@type\":\"ImageObject\",\"inLanguage\":\"ca\",\"@id\":\"https:\/\/teodorabcn.com\/pergolas-bioclimaticas-para-terrazas-urbanas\/#primaryimage\",\"url\":\"https:\/\/teodorabcn.com\/wp-content\/uploads\/2025\/01\/pergolas-bioclimaticas.jpg\",\"contentUrl\":\"https:\/\/teodorabcn.com\/wp-content\/uploads\/2025\/01\/pergolas-bioclimaticas.jpg\",\"width\":1920,\"height\":1080,\"caption\":\"pergolas-bioclimaticas\"},{\"@type\":\"BreadcrumbList\",\"@id\":\"https:\/\/teodorabcn.com\/pergolas-bioclimaticas-para-terrazas-urbanas\/#breadcrumb\",\"itemListElement\":[{\"@type\":\"ListItem\",\"position\":1,\"name\":\"Portada\",\"item\":\"https:\/\/teodorabcn.com\/\"},{\"@type\":\"ListItem\",\"position\":2,\"name\":\"P\u00e9rgolas Bioclim\u00e1ticas para terrazas urbanas\"}]},{\"@type\":\"WebSite\",\"@id\":\"https:\/\/teodorabcn.com\/#website\",\"url\":\"https:\/\/teodorabcn.com\/\",\"name\":\"Teodora Exteriorismo\",\"description\":\"Creamos terrazas y jardines con car\u00e1cter.\",\"publisher\":{\"@id\":\"https:\/\/teodorabcn.com\/#organization\"},\"alternateName\":\"Teodora\",\"potentialAction\":[{\"@type\":\"SearchAction\",\"target\":{\"@type\":\"EntryPoint\",\"urlTemplate\":\"https:\/\/teodorabcn.com\/?s={search_term_string}\"},\"query-input\":{\"@type\":\"PropertyValueSpecification\",\"valueRequired\":true,\"valueName\":\"search_term_string\"}}],\"inLanguage\":\"ca\"},{\"@type\":\"Organization\",\"@id\":\"https:\/\/teodorabcn.com\/#organization\",\"name\":\"Teodora Exteriorismo\",\"alternateName\":\"Teodora\",\"url\":\"https:\/\/teodorabcn.com\/\",\"logo\":{\"@type\":\"ImageObject\",\"inLanguage\":\"ca\",\"@id\":\"https:\/\/teodorabcn.com\/#\/schema\/logo\/image\/\",\"url\":\"https:\/\/teodorabcn.com\/wp-content\/uploads\/2023\/10\/Teodora_logo-_EXT-Ok-ESP-e1706538305612.jpg\",\"contentUrl\":\"https:\/\/teodorabcn.com\/wp-content\/uploads\/2023\/10\/Teodora_logo-_EXT-Ok-ESP-e1706538305612.jpg\",\"width\":1540,\"height\":573,\"caption\":\"Teodora Exteriorismo\"},\"image\":{\"@id\":\"https:\/\/teodorabcn.com\/#\/schema\/logo\/image\/\"},\"sameAs\":[\"https:\/\/www.facebook.com\/profile.php?id=61550838347854\",\"https:\/\/www.instagram.com\/teodora.exteriorismo\/?hl=es\",\"https:\/\/www.pinterest.es\/teodora_exteriorismo\/\",\"https:\/\/www.linkedin.com\/company\/teodora-bcn-exteriorismo\/\"]},{\"@type\":\"Person\",\"@id\":\"https:\/\/teodorabcn.com\/#\/schema\/person\/37a86a5b0fcaa1c21abddf6adb873561\",\"name\":\"Borja\",\"image\":{\"@type\":\"ImageObject\",\"inLanguage\":\"ca\",\"@id\":\"https:\/\/teodorabcn.com\/#\/schema\/person\/image\/\",\"url\":\"https:\/\/secure.gravatar.com\/avatar\/f2ed8804c3ff9ca239d6113506ad4c491ff583257ff77ddc6f23de01c3303c6c?s=96&d=mm&r=g\",\"contentUrl\":\"https:\/\/secure.gravatar.com\/avatar\/f2ed8804c3ff9ca239d6113506ad4c491ff583257ff77ddc6f23de01c3303c6c?s=96&d=mm&r=g\",\"caption\":\"Borja\"},\"url\":\"https:\/\/teodorabcn.com\/ca\/author\/borja\/\"}]}<\/script>\n<!-- \/ Yoast SEO plugin. -->","yoast_head_json":{"title":"P\u00e9rgolas Bioclim\u00e1ticas para terrazas urbanas - Teodora","description":"Convierte tu terraza urbana en un oasis funcional y sostenible todo el a\u00f1o con p\u00e9rgolas bioclim\u00e1ticas: dise\u00f1o y tecnolog\u00eda adaptada al clima.","robots":{"index":"index","follow":"follow","max-snippet":"max-snippet:-1","max-image-preview":"max-image-preview:large","max-video-preview":"max-video-preview:-1"},"canonical":"https:\/\/teodorabcn.com\/ca\/pergolas-bioclimaticas-para-terrazas-urbanas\/","og_locale":"ca_ES","og_type":"article","og_title":"P\u00e9rgolas Bioclim\u00e1ticas para terrazas urbanas - Teodora","og_description":"Convierte tu terraza urbana en un oasis funcional y sostenible todo el a\u00f1o con p\u00e9rgolas bioclim\u00e1ticas: dise\u00f1o y tecnolog\u00eda adaptada al clima.","og_url":"https:\/\/teodorabcn.com\/ca\/pergolas-bioclimaticas-para-terrazas-urbanas\/","og_site_name":"Teodora","article_publisher":"https:\/\/www.facebook.com\/profile.php?id=61550838347854","article_published_time":"2025-01-24T12:24:24+00:00","article_modified_time":"2025-03-20T11:06:01+00:00","og_image":[{"width":1920,"height":1080,"url":"https:\/\/teodorabcn.com\/wp-content\/uploads\/2025\/01\/pergolas-bioclimaticas.jpg","type":"image\/jpeg"}],"author":"Borja","twitter_card":"summary_large_image","twitter_misc":{"Escrit per":"Borja","Temps estimat de lectura":"5 minuts"},"schema":{"@context":"https:\/\/schema.org","@graph":[{"@type":"Article","@id":"https:\/\/teodorabcn.com\/pergolas-bioclimaticas-para-terrazas-urbanas\/#article","isPartOf":{"@id":"https:\/\/teodorabcn.com\/pergolas-bioclimaticas-para-terrazas-urbanas\/"},"author":{"name":"Borja","@id":"https:\/\/teodorabcn.com\/#\/schema\/person\/37a86a5b0fcaa1c21abddf6adb873561"},"headline":"P\u00e9rgolas Bioclim\u00e1ticas para terrazas urbanas","datePublished":"2025-01-24T12:24:24+00:00","dateModified":"2025-03-20T11:06:01+00:00","mainEntityOfPage":{"@id":"https:\/\/teodorabcn.com\/pergolas-bioclimaticas-para-terrazas-urbanas\/"},"wordCount":979,"publisher":{"@id":"https:\/\/teodorabcn.com\/#organization"},"image":{"@id":"https:\/\/teodorabcn.com\/pergolas-bioclimaticas-para-terrazas-urbanas\/#primaryimage"},"thumbnailUrl":"https:\/\/teodorabcn.com\/wp-content\/uploads\/2025\/01\/pergolas-bioclimaticas.jpg","articleSection":["Sin categorizar"],"inLanguage":"ca"},{"@type":"WebPage","@id":"https:\/\/teodorabcn.com\/pergolas-bioclimaticas-para-terrazas-urbanas\/","url":"https:\/\/teodorabcn.com\/pergolas-bioclimaticas-para-terrazas-urbanas\/","name":"P\u00e9rgolas Bioclim\u00e1ticas para terrazas urbanas - Teodora","isPartOf":{"@id":"https:\/\/teodorabcn.com\/#website"},"primaryImageOfPage":{"@id":"https:\/\/teodorabcn.com\/pergolas-bioclimaticas-para-terrazas-urbanas\/#primaryimage"},"image":{"@id":"https:\/\/teodorabcn.com\/pergolas-bioclimaticas-para-terrazas-urbanas\/#primaryimage"},"thumbnailUrl":"https:\/\/teodorabcn.com\/wp-content\/uploads\/2025\/01\/pergolas-bioclimaticas.jpg","datePublished":"2025-01-24T12:24:24+00:00","dateModified":"2025-03-20T11:06:01+00:00","description":"Convierte tu terraza urbana en un oasis funcional y sostenible todo el a\u00f1o con p\u00e9rgolas bioclim\u00e1ticas: dise\u00f1o y tecnolog\u00eda adaptada al clima.","breadcrumb":{"@id":"https:\/\/teodorabcn.com\/pergolas-bioclimaticas-para-terrazas-urbanas\/#breadcrumb"},"inLanguage":"ca","potentialAction":[{"@type":"ReadAction","target":["https:\/\/teodorabcn.com\/pergolas-bioclimaticas-para-terrazas-urbanas\/"]}]},{"@type":"ImageObject","inLanguage":"ca","@id":"https:\/\/teodorabcn.com\/pergolas-bioclimaticas-para-terrazas-urbanas\/#primaryimage","url":"https:\/\/teodorabcn.com\/wp-content\/uploads\/2025\/01\/pergolas-bioclimaticas.jpg","contentUrl":"https:\/\/teodorabcn.com\/wp-content\/uploads\/2025\/01\/pergolas-bioclimaticas.jpg","width":1920,"height":1080,"caption":"pergolas-bioclimaticas"},{"@type":"BreadcrumbList","@id":"https:\/\/teodorabcn.com\/pergolas-bioclimaticas-para-terrazas-urbanas\/#breadcrumb","itemListElement":[{"@type":"ListItem","position":1,"name":"Portada","item":"https:\/\/teodorabcn.com\/"},{"@type":"ListItem","position":2,"name":"P\u00e9rgolas Bioclim\u00e1ticas para terrazas urbanas"}]},{"@type":"WebSite","@id":"https:\/\/teodorabcn.com\/#website","url":"https:\/\/teodorabcn.com\/","name":"Teodora Exteriorisme","description":"Creamos terrazas y jardines con car\u00e1cter.","publisher":{"@id":"https:\/\/teodorabcn.com\/#organization"},"alternateName":"Teodora","potentialAction":[{"@type":"SearchAction","target":{"@type":"EntryPoint","urlTemplate":"https:\/\/teodorabcn.com\/?s={search_term_string}"},"query-input":{"@type":"PropertyValueSpecification","valueRequired":true,"valueName":"search_term_string"}}],"inLanguage":"ca"},{"@type":"Organization","@id":"https:\/\/teodorabcn.com\/#organization","name":"Teodora Exteriorisme","alternateName":"Teodora","url":"https:\/\/teodorabcn.com\/","logo":{"@type":"ImageObject","inLanguage":"ca","@id":"https:\/\/teodorabcn.com\/#\/schema\/logo\/image\/","url":"https:\/\/teodorabcn.com\/wp-content\/uploads\/2023\/10\/Teodora_logo-_EXT-Ok-ESP-e1706538305612.jpg","contentUrl":"https:\/\/teodorabcn.com\/wp-content\/uploads\/2023\/10\/Teodora_logo-_EXT-Ok-ESP-e1706538305612.jpg","width":1540,"height":573,"caption":"Teodora Exteriorismo"},"image":{"@id":"https:\/\/teodorabcn.com\/#\/schema\/logo\/image\/"},"sameAs":["https:\/\/www.facebook.com\/profile.php?id=61550838347854","https:\/\/www.instagram.com\/teodora.exteriorismo\/?hl=es","https:\/\/www.pinterest.es\/teodora_exteriorismo\/","https:\/\/www.linkedin.com\/company\/teodora-bcn-exteriorismo\/"]},{"@type":"Person","@id":"https:\/\/teodorabcn.com\/#\/schema\/person\/37a86a5b0fcaa1c21abddf6adb873561","name":"Borja","image":{"@type":"ImageObject","inLanguage":"ca","@id":"https:\/\/teodorabcn.com\/#\/schema\/person\/image\/","url":"https:\/\/secure.gravatar.com\/avatar\/f2ed8804c3ff9ca239d6113506ad4c491ff583257ff77ddc6f23de01c3303c6c?s=96&d=mm&r=g","contentUrl":"https:\/\/secure.gravatar.com\/avatar\/f2ed8804c3ff9ca239d6113506ad4c491ff583257ff77ddc6f23de01c3303c6c?s=96&d=mm&r=g","caption":"Borja"},"url":"https:\/\/teodorabcn.com\/ca\/author\/borja\/"}]}},"_links":{"self":[{"href":"https:\/\/teodorabcn.com\/ca\/wp-json\/wp\/v2\/posts\/2648","targetHints":{"allow":["GET"]}}],"collection":[{"href":"https:\/\/teodorabcn.com\/ca\/wp-json\/wp\/v2\/posts"}],"about":[{"href":"https:\/\/teodorabcn.com\/ca\/wp-json\/wp\/v2\/types\/post"}],"author":[{"embeddable":true,"href":"https:\/\/teodorabcn.com\/ca\/wp-json\/wp\/v2\/users\/4"}],"replies":[{"embeddable":true,"href":"https:\/\/teodorabcn.com\/ca\/wp-json\/wp\/v2\/comments?post=2648"}],"version-history":[{"count":4,"href":"https:\/\/teodorabcn.com\/ca\/wp-json\/wp\/v2\/posts\/2648\/revisions"}],"predecessor-version":[{"id":2658,"href":"https:\/\/teodorabcn.com\/ca\/wp-json\/wp\/v2\/posts\/2648\/revisions\/2658"}],"wp:featuredmedia":[{"embeddable":true,"href":"https:\/\/teodorabcn.com\/ca\/wp-json\/wp\/v2\/media\/2754"}],"wp:attachment":[{"href":"https:\/\/teodorabcn.com\/ca\/wp-json\/wp\/v2\/media?parent=2648"}],"wp:term":[{"taxonomy":"category","embeddable":true,"href":"https:\/\/teodorabcn.com\/ca\/wp-json\/wp\/v2\/categories?post=2648"},{"taxonomy":"post_tag","embeddable":true,"href":"https:\/\/teodorabcn.com\/ca\/wp-json\/wp\/v2\/tags?post=2648"}],"curies":[{"name":"wp","href":"https:\/\/api.w.org\/{rel}","templated":true}]}}