{"id":2582,"date":"2024-12-12T12:44:32","date_gmt":"2024-12-12T11:44:32","guid":{"rendered":"https:\/\/teodorabcn.com\/?p=2582"},"modified":"2025-03-24T11:11:15","modified_gmt":"2025-03-24T10:11:15","slug":"diseno-de-jardines-exteriores","status":"publish","type":"post","link":"https:\/\/teodorabcn.com\/ca\/diseno-de-jardines-exteriores\/","title":{"rendered":"Disseny de jardins exteriors"},"content":{"rendered":"<p><span style=\"font-weight: 400;\">El disseny de jardins exteriors \u00e9s un art que combina <\/span><b>creativitat, planificaci\u00f3 i funcionalitat.<\/b><span style=\"font-weight: 400;\"> Es tracta d'aprofitar al m\u00e0xim els espais a l'aire lliure per a crear entorns agradables, on l'est\u00e8tica i l'\u00fas pr\u00e0ctic van de bracet. Tant si es t\u00e9 un jard\u00ed ampli com si es t\u00e9 un petit espai el disseny d'exteriors juga un paper crucial per a optimitzar l'\u00e0rea disponible i adaptar-la a les necessitats i gustos dels qui el gaudiran.<\/span><\/p>\n<p><span style=\"font-weight: 400;\">En aquest article, explicarem <\/span><b>com abordar un projecte de disseny de jardins exteriors<\/b><span style=\"font-weight: 400;\">, els factors clau que influeixen en el proc\u00e9s, i algunes recomanacions per a aconseguir un resultat eficient i atractiu.<\/span><\/p>\n<p>&nbsp;<\/p>\n<h2><span style=\"font-weight: 400;\">Qu\u00e8 \u00e9s el disseny de jardins exteriors?<\/span><\/h2>\n<p><span style=\"font-weight: 400;\">El disseny de jardins exteriors \u00e9s la<\/span><b> planificaci\u00f3 i organitzaci\u00f3<\/b><span style=\"font-weight: 400;\"> dels elements que componen un espai exterior. Inclou la disposici\u00f3 de plantes, arbres, arbustos, gespa, mobiliari de jard\u00ed, sistemes de reg, il\u00b7luminaci\u00f3 i altres components que conformen una \u00e0rea verda o de recreaci\u00f3. Aquest proc\u00e9s no sols s'enfoca en l'est\u00e8tica, sin\u00f3 tamb\u00e9 en <\/span><b>la funcionalitat de l'espai, la sostenibilitat i el confort.<\/b><\/p>\n<p><span style=\"font-weight: 400;\">En dissenyar un jard\u00ed exterior, s'ha de considerar <\/span><b>com interactuen els diferents elements<\/b><span style=\"font-weight: 400;\">. Les plantes, per exemple, compleixen una funci\u00f3 decorativa i contribueixen a generar ombres, delimitar zones o atreure fauna local. A m\u00e9s, aspectes com el clima, el tipus de s\u00f2l i l'orientaci\u00f3 del terreny influeixen en les decisions de disseny.<\/span><\/p>\n<p>&nbsp;<\/p>\n<h2><span style=\"font-weight: 400;\">Fases del disseny de jardins exteriors<\/span><\/h2>\n<p><span style=\"font-weight: 400;\">El proc\u00e9s de disseny de jardins exteriors pot dividir-se en diverses fases. Aquestes etapes permeten desenvolupar el projecte de manera <\/span><b>ordenada<\/b><span style=\"font-weight: 400;\"> i assegurar-se que cada element s'integri correctament en l'entorn. A continuaci\u00f3, expliquem cada fase:<\/span><\/p>\n<h3><span style=\"font-weight: 400;\">a) An\u00e0lisi de l'espai<\/span><\/h3>\n<p><span style=\"font-weight: 400;\">El primer pas en qualsevol projecte de disseny de jardins exteriors \u00e9s l'an\u00e0lisi de l'espai disponible. Aix\u00f2 implica <\/span><b>estudiar el terreny<\/b><span style=\"font-weight: 400;\"> quant a la seva grand\u00e0ria, forma, pendents i orientaci\u00f3 solar. Tamb\u00e9 \u00e9s important identificar les caracter\u00edstiques del s\u00f2l, ja que d'aix\u00f2 dependr\u00e0 la selecci\u00f3 de plantes. Una an\u00e0lisi adequada ajudar\u00e0 a <\/span><b>optimitzar l'\u00fas de l'espai i preveure possibles limitacions.<\/b><\/p>\n<p><img fetchpriority=\"high\" decoding=\"async\" class=\"wp-image-2736 aligncenter\" src=\"https:\/\/teodorabcn.com\/wp-content\/uploads\/2024\/12\/Diseno-de-jardines-exteriores-2-300x169.jpg\" alt=\"Diseno-de-jardines-exteriores-2\" width=\"855\" height=\"482\" srcset=\"https:\/\/teodorabcn.com\/wp-content\/uploads\/2024\/12\/Diseno-de-jardines-exteriores-2-300x169.jpg 300w, https:\/\/teodorabcn.com\/wp-content\/uploads\/2024\/12\/Diseno-de-jardines-exteriores-2-1024x576.jpg 1024w, https:\/\/teodorabcn.com\/wp-content\/uploads\/2024\/12\/Diseno-de-jardines-exteriores-2-768x432.jpg 768w, https:\/\/teodorabcn.com\/wp-content\/uploads\/2024\/12\/Diseno-de-jardines-exteriores-2-1536x864.jpg 1536w, https:\/\/teodorabcn.com\/wp-content\/uploads\/2024\/12\/Diseno-de-jardines-exteriores-2-18x10.jpg 18w, https:\/\/teodorabcn.com\/wp-content\/uploads\/2024\/12\/Diseno-de-jardines-exteriores-2.jpg 1920w\" sizes=\"(max-width: 855px) 100vw, 855px\" \/><\/p>\n<h3><span style=\"font-weight: 400;\">b) Definici\u00f3 de necessitats i objectius<\/span><\/h3>\n<p><span style=\"font-weight: 400;\">Cada jard\u00ed \u00e9s \u00fanic, ja que <\/span><b>cada propietari t\u00e9 diferents expectatives i requisits.<\/b><span style=\"font-weight: 400;\"> Alguns prefereixen un espai verd amb moltes plantes ornamentals, mentre que uns altres prioritzen \u00e0rees de descans o zones de joc per als nens. Per tant, \u00e9s crucial definir les necessitats espec\u00edfiques de l'usuari i els objectius del projecte. Aquestes decisions guiaran el disseny en funci\u00f3 del que es vulgui aconseguir.<\/span><\/p>\n<h3><span style=\"font-weight: 400;\">\u00a0c) Creaci\u00f3 d'un pla<\/span><\/h3>\n<p><span style=\"font-weight: 400;\">Una vegada definits els objectius i estudiat el terreny, el seg\u00fcent pas \u00e9s <\/span><b>crear un pla del jard\u00ed<\/b><span style=\"font-weight: 400;\">. En aquesta fase es tra\u00e7a una distribuci\u00f3 dels diferents elements: camins, zones verdes, \u00e0rees d'estar, sistemes de reg i qualsevol altre component del disseny. El pla serveix com una guia visual per a organitzar l'espai i ajustar les proporcions segons les dimensions reals.<\/span><\/p>\n<h3><span style=\"font-weight: 400;\">d) Selecci\u00f3 de plantes i materials<\/span><\/h3>\n<p><span style=\"font-weight: 400;\">Triar les <\/span><b>plantes<\/b><span style=\"font-weight: 400;\"> adequades \u00e9s un dels aspectes m\u00e9s importants en el disseny de jardins exteriors. L'elecci\u00f3 dependr\u00e0 del clima local, l'exposici\u00f3 solar, el tipus de s\u00f2l i l'estil que es vulgui donar al jard\u00ed. A m\u00e9s, cal pensar en la <\/span><b>durabilitat i el manteniment<\/b><span style=\"font-weight: 400;\"> que requeriran. L'ideal \u00e9s optar per plantes aut\u00f2ctones, ja que estan adaptades a les condicions clim\u00e0tiques de la zona i solen necessitar menys cures. Si voleu aprofundir m\u00e9s sobre <\/span><b>plantes d'exterior resistents<\/b><span style=\"font-weight: 400;\">, us recomanem donar un cop d'ull a <\/span><a href=\"https:\/\/teodorabcn.com\/ca\/plantas-de-exterior-resistentes\/\"><span style=\"font-weight: 400;\">aquesta entrada<\/span><\/a><span style=\"font-weight: 400;\"> del blog de <\/span><b>Teodora Exteriorisme.<\/b><\/p>\n<p><span style=\"font-weight: 400;\">Quant als <\/span><b>materials<\/b><span style=\"font-weight: 400;\">, cal decidir quin tipus de paviment, mobiliari o estructures s'usaran per a complementar l'espai. Per exemple, la <\/span><b>fusta <\/b><span style=\"font-weight: 400;\">\u00e9s un material molt utilitzat en exteriors per la seva versatilitat, per\u00f2 necessita ser tractat adequadament per a resistir les inclem\u00e8ncies del temps.<\/span><\/p>\n<h3><span style=\"font-weight: 400;\">e) Execuci\u00f3 del projecte<\/span><\/h3>\n<p><span style=\"font-weight: 400;\">Despr\u00e9s de dissenyar el jard\u00ed en paper, \u00e9s moment de dur a terme l'execuci\u00f3 del projecte. Aquest pas inclou la instal\u00b7laci\u00f3 dels diferents elements: <\/span><b>preparaci\u00f3 del s\u00f2l, plantaci\u00f3 de vegetaci\u00f3, instal\u00b7laci\u00f3 de sistemes de reg i col\u00b7locaci\u00f3 de mobiliari<\/b><span style=\"font-weight: 400;\">\u00c9s recomanable realitzar aquesta fase per etapes, comen\u00e7ant pels elements m\u00e9s estructurals com a camins o murs, i finalitzant amb la plantaci\u00f3 i decoraci\u00f3.<\/span><\/p>\n<h2><span style=\"font-weight: 400;\"><img decoding=\"async\" class=\"alignnone wp-image-2745\" src=\"https:\/\/teodorabcn.com\/wp-content\/uploads\/2024\/12\/Diseno-de-jardines-exteriores-4-300x169.jpg\" alt=\"Diseno-de-jardines-exteriores-4\" width=\"861\" height=\"485\" srcset=\"https:\/\/teodorabcn.com\/wp-content\/uploads\/2024\/12\/Diseno-de-jardines-exteriores-4-300x169.jpg 300w, https:\/\/teodorabcn.com\/wp-content\/uploads\/2024\/12\/Diseno-de-jardines-exteriores-4-1024x576.jpg 1024w, https:\/\/teodorabcn.com\/wp-content\/uploads\/2024\/12\/Diseno-de-jardines-exteriores-4-768x432.jpg 768w, https:\/\/teodorabcn.com\/wp-content\/uploads\/2024\/12\/Diseno-de-jardines-exteriores-4-1536x864.jpg 1536w, https:\/\/teodorabcn.com\/wp-content\/uploads\/2024\/12\/Diseno-de-jardines-exteriores-4-18x10.jpg 18w, https:\/\/teodorabcn.com\/wp-content\/uploads\/2024\/12\/Diseno-de-jardines-exteriores-4.jpg 1920w\" sizes=\"(max-width: 861px) 100vw, 861px\" \/><\/span><\/h2>\n<h2><span style=\"font-weight: 400;\">Elements clau en el disseny de jardins exteriors<\/span><\/h2>\n<p><span style=\"font-weight: 400;\">A l'hora de dissenyar un jard\u00ed exterior, hi ha uns certs elements clau que han de tenir-se en compte. Aquests components contribueixen a <\/span><b>a funcionalitat i est\u00e8tica de l'espai,<\/b><span style=\"font-weight: 400;\"> per la qual cosa \u00e9s important parar-los esment:<\/span><\/p>\n<h3><span style=\"font-weight: 400;\">\u00a0a) Zones d'ombra<\/span><\/h3>\n<p><span style=\"font-weight: 400;\">El disseny de jardins exteriors ha de considerar la creaci\u00f3 d'\u00e0rees amb ombra. Les ombres no sols proporcionen un respir en els dies calorosos, sin\u00f3 que tamb\u00e9 <\/span><b>ajuden a protegir les plantes m\u00e9s sensibles<\/b><span style=\"font-weight: 400;\">. Per a crear zones d'ombra es poden utilitzar p\u00e8rgoles, tendals o la mateixa vegetaci\u00f3, com a arbres de copa \u00e0mplia.<\/span><\/p>\n<h3><span style=\"font-weight: 400;\">b) Camins i senderes<\/span><\/h3>\n<p><span style=\"font-weight: 400;\">Els camins i senderes faciliten el tr\u00e0nsit pel jard\u00ed <\/span><b>i ajuden a delimitar les diferents zones.<\/b><span style=\"font-weight: 400;\"> A m\u00e9s de la seva funci\u00f3 pr\u00e0ctica, aquests elements aporten estructura a l'espai i contribueixen a definir l'estil del jard\u00ed. Els materials per a crear camins poden variar des de grava i pedres fins a rajoles o fusta.<\/span><\/p>\n<h3><span style=\"font-weight: 400;\">\u00a0c) Mobiliari de jard\u00ed<\/span><\/h3>\n<p><span style=\"font-weight: 400;\">El mobiliari \u00e9s un aspecte essencial en el disseny de jardins exteriors, ja que permet aprofitar l'espai per al <\/span><b>descans o la socialitzaci\u00f3<\/b><span style=\"font-weight: 400;\"> \u00c9s important triar mobles que siguin resistents a la intemp\u00e8rie i que s'adaptin a l'estil general del jard\u00ed. Els materials m\u00e9s comuns s\u00f3n la fusta tropical, els materials sint\u00e8tics, l'alumini i els materials porcell\u00e0nics.<\/span><\/p>\n<h3><span style=\"font-weight: 400;\">d) Il\u00b7luminaci\u00f3<\/span><\/h3>\n<p><span style=\"font-weight: 400;\">La il\u00b7luminaci\u00f3 exterior compleix una doble funci\u00f3: <\/span><b>est\u00e8tica i funcional.<\/b><span style=\"font-weight: 400;\"> D'una banda, ressalta els punts clau del jard\u00ed, com a plantes o estructures, mentre que, d'altra banda, millora la seguretat i la usabilitat de l'espai durant la nit. \u00c9s recomanable utilitzar llueixes LED de baix consum per a il\u00b7luminar camins i zones d'estar.<\/span><\/p>\n<p>&nbsp;<\/p>\n<h2><span style=\"font-weight: 400;\">Sostenibilitat en el disseny de jardins exteriors<\/span><\/h2>\n<p><span style=\"font-weight: 400;\">El disseny de jardins exteriors s'enfoca en la bellesa de l'espai, i tamb\u00e9 en <\/span><b>la sostenibilitat.<\/b><span style=\"font-weight: 400;\"> Actualment, \u00e9s important que els jardins siguin respectuosos amb el medi ambient i promoguin un \u00fas eficient dels recursos.<\/span><\/p>\n<h3><span style=\"font-weight: 400;\">a) Selecci\u00f3 de plantes aut\u00f2ctones<\/span><\/h3>\n<p><span style=\"font-weight: 400;\">Com es va esmentar anteriorment, les plantes aut\u00f2ctones requereixen <\/span><b>menys aigua i cures<\/b><span style=\"font-weight: 400;\">, ja que estan adaptades a l'entorn local. A m\u00e9s, solen atreure a fauna beneficiosa, com a insectes pol\u00b7linitzadors, la qual cosa contribueix a un ecosistema m\u00e9s saludable.<\/span><\/p>\n<h3><img decoding=\"async\" class=\"alignnone  wp-image-2787\" src=\"https:\/\/teodorabcn.com\/wp-content\/uploads\/2024\/12\/Diseno-de-jardines-exteriores-3-300x169.jpg\" alt=\"Dise\u00f1o de jardines exteriores 3\" width=\"820\" height=\"462\" srcset=\"https:\/\/teodorabcn.com\/wp-content\/uploads\/2024\/12\/Diseno-de-jardines-exteriores-3-300x169.jpg 300w, https:\/\/teodorabcn.com\/wp-content\/uploads\/2024\/12\/Diseno-de-jardines-exteriores-3-1024x576.jpg 1024w, https:\/\/teodorabcn.com\/wp-content\/uploads\/2024\/12\/Diseno-de-jardines-exteriores-3-768x432.jpg 768w, https:\/\/teodorabcn.com\/wp-content\/uploads\/2024\/12\/Diseno-de-jardines-exteriores-3-1536x864.jpg 1536w, https:\/\/teodorabcn.com\/wp-content\/uploads\/2024\/12\/Diseno-de-jardines-exteriores-3-18x10.jpg 18w, https:\/\/teodorabcn.com\/wp-content\/uploads\/2024\/12\/Diseno-de-jardines-exteriores-3.jpg 1920w\" sizes=\"(max-width: 820px) 100vw, 820px\" \/><\/h3>\n<h3><span style=\"font-weight: 400;\">b) Sistemes de reg eficients<\/span><\/h3>\n<p><span style=\"font-weight: 400;\">L'aigua \u00e9s un recurs limitat, per la qual cosa \u00e9s important implementar sistemes de reg que minimitzin el seu desaprofitament. <\/span><b>El reg per degoteig o els sistemes automatitzats<\/b><span style=\"font-weight: 400;\"> amb sensors d'humitat s\u00f3n opcions eficaces per a reduir el consum d'aigua.<\/span><\/p>\n<h3><span style=\"font-weight: 400;\">c) Materials reciclables o de baix impacte<\/span><\/h3>\n<p><span style=\"font-weight: 400;\">En seleccionar els materials per al disseny de jardins exteriors, \u00e9s recomanable optar per aquells que tinguin un baix impacte ambiental o que siguin reciclables. Per exemple, les <\/span><b>fustes certificades o els paviments permeables<\/b><span style=\"font-weight: 400;\"> ajuden a reduir la petjada ecol\u00f2gica del projecte.<\/span><\/p>\n<p>&nbsp;<\/p>\n<h2><span style=\"font-weight: 400;\">Conclusi\u00f3<\/span><\/h2>\n<p><span style=\"font-weight: 400;\">En resum, el <\/span><b>disseny de jardins exteriors<\/b><span style=\"font-weight: 400;\"> \u00e9s un proc\u00e9s que abasta des de l'an\u00e0lisi de l'espai i la definici\u00f3 d'objectius fins a l'elecci\u00f3 de plantes, materials i la sostenibilitat del projecte. Cada jard\u00ed \u00e9s \u00fanic i ha de ser dissenyat de manera funcional i harm\u00f2nica, adaptant-se tant a les caracter\u00edstiques de l'entorn com a les necessitats dels qui el gaudiran. Tenir en compte aspectes com la creaci\u00f3 de zones d'ombra, la il\u00b7luminaci\u00f3 adequada i l'\u00fas eficient de l'aigua garanteix un espai atractiu i ecol\u00f2gic.\u00a0<\/span><\/p>\n<p><span style=\"font-weight: 400;\">A <\/span><a href=\"https:\/\/teodorabcn.com\/ca\/\" target=\"_blank\" rel=\"noopener\"><b>Teodora Exteriorisme<\/b><\/a><span style=\"font-weight: 400;\">, oferim solucions personalitzades per a transformar qualsevol espai exterior en un lloc acollidor i funcional, integrant sempre est\u00e8tica i respecte pel medi ambient en cada projecte.<\/span><\/p>","protected":false},"excerpt":{"rendered":"<p>El dise\u00f1o de jardines exteriores es un arte que combina creatividad, planificaci\u00f3n y funcionalidad. Se trata de aprovechar al m\u00e1ximo los espacios al aire libre para crear entornos agradables, donde la est\u00e9tica y el uso pr\u00e1ctico van de la mano. Tanto si se tiene un jard\u00edn amplio como si se cuenta con un peque\u00f1o espacio [&hellip;]<\/p>","protected":false},"author":4,"featured_media":2735,"comment_status":"closed","ping_status":"closed","sticky":false,"template":"","format":"standard","meta":{"footnotes":""},"categories":[1],"tags":[],"class_list":["post-2582","post","type-post","status-publish","format-standard","has-post-thumbnail","hentry","category-sin-categorizar"],"yoast_head":"<!-- This site is optimized with the Yoast SEO plugin v26.6 - https:\/\/yoast.com\/wordpress\/plugins\/seo\/ -->\n<title>Dise\u00f1o de jardines exteriores - Teodora<\/title>\n<meta name=\"description\" content=\"Descubre c\u00f3mo transformar espacios al aire libre con dise\u00f1o de jardines exteriores: ideas, fases y consejos para crear entornos est\u00e9ticos.\" \/>\n<meta name=\"robots\" content=\"index, follow, max-snippet:-1, max-image-preview:large, max-video-preview:-1\" \/>\n<link rel=\"canonical\" href=\"https:\/\/teodorabcn.com\/ca\/diseno-de-jardines-exteriores\/\" \/>\n<meta property=\"og:locale\" content=\"ca_ES\" \/>\n<meta property=\"og:type\" content=\"article\" \/>\n<meta property=\"og:title\" content=\"Dise\u00f1o de jardines exteriores - Teodora\" \/>\n<meta property=\"og:description\" content=\"Descubre c\u00f3mo transformar espacios al aire libre con dise\u00f1o de jardines exteriores: ideas, fases y consejos para crear entornos est\u00e9ticos.\" \/>\n<meta property=\"og:url\" content=\"https:\/\/teodorabcn.com\/ca\/diseno-de-jardines-exteriores\/\" \/>\n<meta property=\"og:site_name\" content=\"Teodora\" \/>\n<meta property=\"article:publisher\" content=\"https:\/\/www.facebook.com\/profile.php?id=61550838347854\" \/>\n<meta property=\"article:published_time\" content=\"2024-12-12T11:44:32+00:00\" \/>\n<meta property=\"article:modified_time\" content=\"2025-03-24T10:11:15+00:00\" \/>\n<meta property=\"og:image\" content=\"https:\/\/teodorabcn.com\/wp-content\/uploads\/2024\/12\/Diseno-de-jardines-exteriores-1.jpg\" \/>\n\t<meta property=\"og:image:width\" content=\"1920\" \/>\n\t<meta property=\"og:image:height\" content=\"1080\" \/>\n\t<meta property=\"og:image:type\" content=\"image\/jpeg\" \/>\n<meta name=\"author\" content=\"Borja\" \/>\n<meta name=\"twitter:card\" content=\"summary_large_image\" \/>\n<meta name=\"twitter:label1\" content=\"Escrit per\" \/>\n\t<meta name=\"twitter:data1\" content=\"Borja\" \/>\n\t<meta name=\"twitter:label2\" content=\"Temps estimat de lectura\" \/>\n\t<meta name=\"twitter:data2\" content=\"7 minuts\" \/>\n<script type=\"application\/ld+json\" class=\"yoast-schema-graph\">{\"@context\":\"https:\/\/schema.org\",\"@graph\":[{\"@type\":\"Article\",\"@id\":\"https:\/\/teodorabcn.com\/diseno-de-jardines-exteriores\/#article\",\"isPartOf\":{\"@id\":\"https:\/\/teodorabcn.com\/diseno-de-jardines-exteriores\/\"},\"author\":{\"name\":\"Borja\",\"@id\":\"https:\/\/teodorabcn.com\/#\/schema\/person\/37a86a5b0fcaa1c21abddf6adb873561\"},\"headline\":\"Dise\u00f1o de jardines exteriores\",\"datePublished\":\"2024-12-12T11:44:32+00:00\",\"dateModified\":\"2025-03-24T10:11:15+00:00\",\"mainEntityOfPage\":{\"@id\":\"https:\/\/teodorabcn.com\/diseno-de-jardines-exteriores\/\"},\"wordCount\":1421,\"publisher\":{\"@id\":\"https:\/\/teodorabcn.com\/#organization\"},\"image\":{\"@id\":\"https:\/\/teodorabcn.com\/diseno-de-jardines-exteriores\/#primaryimage\"},\"thumbnailUrl\":\"https:\/\/teodorabcn.com\/wp-content\/uploads\/2024\/12\/Diseno-de-jardines-exteriores-1.jpg\",\"articleSection\":[\"Sin categorizar\"],\"inLanguage\":\"ca\"},{\"@type\":\"WebPage\",\"@id\":\"https:\/\/teodorabcn.com\/diseno-de-jardines-exteriores\/\",\"url\":\"https:\/\/teodorabcn.com\/diseno-de-jardines-exteriores\/\",\"name\":\"Dise\u00f1o de jardines exteriores - Teodora\",\"isPartOf\":{\"@id\":\"https:\/\/teodorabcn.com\/#website\"},\"primaryImageOfPage\":{\"@id\":\"https:\/\/teodorabcn.com\/diseno-de-jardines-exteriores\/#primaryimage\"},\"image\":{\"@id\":\"https:\/\/teodorabcn.com\/diseno-de-jardines-exteriores\/#primaryimage\"},\"thumbnailUrl\":\"https:\/\/teodorabcn.com\/wp-content\/uploads\/2024\/12\/Diseno-de-jardines-exteriores-1.jpg\",\"datePublished\":\"2024-12-12T11:44:32+00:00\",\"dateModified\":\"2025-03-24T10:11:15+00:00\",\"description\":\"Descubre c\u00f3mo transformar espacios al aire libre con dise\u00f1o de jardines exteriores: ideas, fases y consejos para crear entornos est\u00e9ticos.\",\"breadcrumb\":{\"@id\":\"https:\/\/teodorabcn.com\/diseno-de-jardines-exteriores\/#breadcrumb\"},\"inLanguage\":\"ca\",\"potentialAction\":[{\"@type\":\"ReadAction\",\"target\":[\"https:\/\/teodorabcn.com\/diseno-de-jardines-exteriores\/\"]}]},{\"@type\":\"ImageObject\",\"inLanguage\":\"ca\",\"@id\":\"https:\/\/teodorabcn.com\/diseno-de-jardines-exteriores\/#primaryimage\",\"url\":\"https:\/\/teodorabcn.com\/wp-content\/uploads\/2024\/12\/Diseno-de-jardines-exteriores-1.jpg\",\"contentUrl\":\"https:\/\/teodorabcn.com\/wp-content\/uploads\/2024\/12\/Diseno-de-jardines-exteriores-1.jpg\",\"width\":1920,\"height\":1080,\"caption\":\"Diseno-de-jardines-exteriores-1\"},{\"@type\":\"BreadcrumbList\",\"@id\":\"https:\/\/teodorabcn.com\/diseno-de-jardines-exteriores\/#breadcrumb\",\"itemListElement\":[{\"@type\":\"ListItem\",\"position\":1,\"name\":\"Portada\",\"item\":\"https:\/\/teodorabcn.com\/\"},{\"@type\":\"ListItem\",\"position\":2,\"name\":\"Dise\u00f1o de jardines exteriores\"}]},{\"@type\":\"WebSite\",\"@id\":\"https:\/\/teodorabcn.com\/#website\",\"url\":\"https:\/\/teodorabcn.com\/\",\"name\":\"Teodora Exteriorismo\",\"description\":\"Creamos terrazas y jardines con car\u00e1cter.\",\"publisher\":{\"@id\":\"https:\/\/teodorabcn.com\/#organization\"},\"alternateName\":\"Teodora\",\"potentialAction\":[{\"@type\":\"SearchAction\",\"target\":{\"@type\":\"EntryPoint\",\"urlTemplate\":\"https:\/\/teodorabcn.com\/?s={search_term_string}\"},\"query-input\":{\"@type\":\"PropertyValueSpecification\",\"valueRequired\":true,\"valueName\":\"search_term_string\"}}],\"inLanguage\":\"ca\"},{\"@type\":\"Organization\",\"@id\":\"https:\/\/teodorabcn.com\/#organization\",\"name\":\"Teodora Exteriorismo\",\"alternateName\":\"Teodora\",\"url\":\"https:\/\/teodorabcn.com\/\",\"logo\":{\"@type\":\"ImageObject\",\"inLanguage\":\"ca\",\"@id\":\"https:\/\/teodorabcn.com\/#\/schema\/logo\/image\/\",\"url\":\"https:\/\/teodorabcn.com\/wp-content\/uploads\/2023\/10\/Teodora_logo-_EXT-Ok-ESP-e1706538305612.jpg\",\"contentUrl\":\"https:\/\/teodorabcn.com\/wp-content\/uploads\/2023\/10\/Teodora_logo-_EXT-Ok-ESP-e1706538305612.jpg\",\"width\":1540,\"height\":573,\"caption\":\"Teodora Exteriorismo\"},\"image\":{\"@id\":\"https:\/\/teodorabcn.com\/#\/schema\/logo\/image\/\"},\"sameAs\":[\"https:\/\/www.facebook.com\/profile.php?id=61550838347854\",\"https:\/\/www.instagram.com\/teodora.exteriorismo\/?hl=es\",\"https:\/\/www.pinterest.es\/teodora_exteriorismo\/\",\"https:\/\/www.linkedin.com\/company\/teodora-bcn-exteriorismo\/\"]},{\"@type\":\"Person\",\"@id\":\"https:\/\/teodorabcn.com\/#\/schema\/person\/37a86a5b0fcaa1c21abddf6adb873561\",\"name\":\"Borja\",\"image\":{\"@type\":\"ImageObject\",\"inLanguage\":\"ca\",\"@id\":\"https:\/\/teodorabcn.com\/#\/schema\/person\/image\/\",\"url\":\"https:\/\/secure.gravatar.com\/avatar\/f2ed8804c3ff9ca239d6113506ad4c491ff583257ff77ddc6f23de01c3303c6c?s=96&d=mm&r=g\",\"contentUrl\":\"https:\/\/secure.gravatar.com\/avatar\/f2ed8804c3ff9ca239d6113506ad4c491ff583257ff77ddc6f23de01c3303c6c?s=96&d=mm&r=g\",\"caption\":\"Borja\"},\"url\":\"https:\/\/teodorabcn.com\/ca\/author\/borja\/\"}]}<\/script>\n<!-- \/ Yoast SEO plugin. -->","yoast_head_json":{"title":"Dise\u00f1o de jardines exteriores - Teodora","description":"Descubre c\u00f3mo transformar espacios al aire libre con dise\u00f1o de jardines exteriores: ideas, fases y consejos para crear entornos est\u00e9ticos.","robots":{"index":"index","follow":"follow","max-snippet":"max-snippet:-1","max-image-preview":"max-image-preview:large","max-video-preview":"max-video-preview:-1"},"canonical":"https:\/\/teodorabcn.com\/ca\/diseno-de-jardines-exteriores\/","og_locale":"ca_ES","og_type":"article","og_title":"Dise\u00f1o de jardines exteriores - Teodora","og_description":"Descubre c\u00f3mo transformar espacios al aire libre con dise\u00f1o de jardines exteriores: ideas, fases y consejos para crear entornos est\u00e9ticos.","og_url":"https:\/\/teodorabcn.com\/ca\/diseno-de-jardines-exteriores\/","og_site_name":"Teodora","article_publisher":"https:\/\/www.facebook.com\/profile.php?id=61550838347854","article_published_time":"2024-12-12T11:44:32+00:00","article_modified_time":"2025-03-24T10:11:15+00:00","og_image":[{"width":1920,"height":1080,"url":"https:\/\/teodorabcn.com\/wp-content\/uploads\/2024\/12\/Diseno-de-jardines-exteriores-1.jpg","type":"image\/jpeg"}],"author":"Borja","twitter_card":"summary_large_image","twitter_misc":{"Escrit per":"Borja","Temps estimat de lectura":"7 minuts"},"schema":{"@context":"https:\/\/schema.org","@graph":[{"@type":"Article","@id":"https:\/\/teodorabcn.com\/diseno-de-jardines-exteriores\/#article","isPartOf":{"@id":"https:\/\/teodorabcn.com\/diseno-de-jardines-exteriores\/"},"author":{"name":"Borja","@id":"https:\/\/teodorabcn.com\/#\/schema\/person\/37a86a5b0fcaa1c21abddf6adb873561"},"headline":"Dise\u00f1o de jardines exteriores","datePublished":"2024-12-12T11:44:32+00:00","dateModified":"2025-03-24T10:11:15+00:00","mainEntityOfPage":{"@id":"https:\/\/teodorabcn.com\/diseno-de-jardines-exteriores\/"},"wordCount":1421,"publisher":{"@id":"https:\/\/teodorabcn.com\/#organization"},"image":{"@id":"https:\/\/teodorabcn.com\/diseno-de-jardines-exteriores\/#primaryimage"},"thumbnailUrl":"https:\/\/teodorabcn.com\/wp-content\/uploads\/2024\/12\/Diseno-de-jardines-exteriores-1.jpg","articleSection":["Sin categorizar"],"inLanguage":"ca"},{"@type":"WebPage","@id":"https:\/\/teodorabcn.com\/diseno-de-jardines-exteriores\/","url":"https:\/\/teodorabcn.com\/diseno-de-jardines-exteriores\/","name":"Dise\u00f1o de jardines exteriores - Teodora","isPartOf":{"@id":"https:\/\/teodorabcn.com\/#website"},"primaryImageOfPage":{"@id":"https:\/\/teodorabcn.com\/diseno-de-jardines-exteriores\/#primaryimage"},"image":{"@id":"https:\/\/teodorabcn.com\/diseno-de-jardines-exteriores\/#primaryimage"},"thumbnailUrl":"https:\/\/teodorabcn.com\/wp-content\/uploads\/2024\/12\/Diseno-de-jardines-exteriores-1.jpg","datePublished":"2024-12-12T11:44:32+00:00","dateModified":"2025-03-24T10:11:15+00:00","description":"Descubre c\u00f3mo transformar espacios al aire libre con dise\u00f1o de jardines exteriores: ideas, fases y consejos para crear entornos est\u00e9ticos.","breadcrumb":{"@id":"https:\/\/teodorabcn.com\/diseno-de-jardines-exteriores\/#breadcrumb"},"inLanguage":"ca","potentialAction":[{"@type":"ReadAction","target":["https:\/\/teodorabcn.com\/diseno-de-jardines-exteriores\/"]}]},{"@type":"ImageObject","inLanguage":"ca","@id":"https:\/\/teodorabcn.com\/diseno-de-jardines-exteriores\/#primaryimage","url":"https:\/\/teodorabcn.com\/wp-content\/uploads\/2024\/12\/Diseno-de-jardines-exteriores-1.jpg","contentUrl":"https:\/\/teodorabcn.com\/wp-content\/uploads\/2024\/12\/Diseno-de-jardines-exteriores-1.jpg","width":1920,"height":1080,"caption":"Diseno-de-jardines-exteriores-1"},{"@type":"BreadcrumbList","@id":"https:\/\/teodorabcn.com\/diseno-de-jardines-exteriores\/#breadcrumb","itemListElement":[{"@type":"ListItem","position":1,"name":"Portada","item":"https:\/\/teodorabcn.com\/"},{"@type":"ListItem","position":2,"name":"Dise\u00f1o de jardines exteriores"}]},{"@type":"WebSite","@id":"https:\/\/teodorabcn.com\/#website","url":"https:\/\/teodorabcn.com\/","name":"Teodora Exteriorisme","description":"Creamos terrazas y jardines con car\u00e1cter.","publisher":{"@id":"https:\/\/teodorabcn.com\/#organization"},"alternateName":"Teodora","potentialAction":[{"@type":"SearchAction","target":{"@type":"EntryPoint","urlTemplate":"https:\/\/teodorabcn.com\/?s={search_term_string}"},"query-input":{"@type":"PropertyValueSpecification","valueRequired":true,"valueName":"search_term_string"}}],"inLanguage":"ca"},{"@type":"Organization","@id":"https:\/\/teodorabcn.com\/#organization","name":"Teodora Exteriorisme","alternateName":"Teodora","url":"https:\/\/teodorabcn.com\/","logo":{"@type":"ImageObject","inLanguage":"ca","@id":"https:\/\/teodorabcn.com\/#\/schema\/logo\/image\/","url":"https:\/\/teodorabcn.com\/wp-content\/uploads\/2023\/10\/Teodora_logo-_EXT-Ok-ESP-e1706538305612.jpg","contentUrl":"https:\/\/teodorabcn.com\/wp-content\/uploads\/2023\/10\/Teodora_logo-_EXT-Ok-ESP-e1706538305612.jpg","width":1540,"height":573,"caption":"Teodora Exteriorismo"},"image":{"@id":"https:\/\/teodorabcn.com\/#\/schema\/logo\/image\/"},"sameAs":["https:\/\/www.facebook.com\/profile.php?id=61550838347854","https:\/\/www.instagram.com\/teodora.exteriorismo\/?hl=es","https:\/\/www.pinterest.es\/teodora_exteriorismo\/","https:\/\/www.linkedin.com\/company\/teodora-bcn-exteriorismo\/"]},{"@type":"Person","@id":"https:\/\/teodorabcn.com\/#\/schema\/person\/37a86a5b0fcaa1c21abddf6adb873561","name":"Borja","image":{"@type":"ImageObject","inLanguage":"ca","@id":"https:\/\/teodorabcn.com\/#\/schema\/person\/image\/","url":"https:\/\/secure.gravatar.com\/avatar\/f2ed8804c3ff9ca239d6113506ad4c491ff583257ff77ddc6f23de01c3303c6c?s=96&d=mm&r=g","contentUrl":"https:\/\/secure.gravatar.com\/avatar\/f2ed8804c3ff9ca239d6113506ad4c491ff583257ff77ddc6f23de01c3303c6c?s=96&d=mm&r=g","caption":"Borja"},"url":"https:\/\/teodorabcn.com\/ca\/author\/borja\/"}]}},"_links":{"self":[{"href":"https:\/\/teodorabcn.com\/ca\/wp-json\/wp\/v2\/posts\/2582","targetHints":{"allow":["GET"]}}],"collection":[{"href":"https:\/\/teodorabcn.com\/ca\/wp-json\/wp\/v2\/posts"}],"about":[{"href":"https:\/\/teodorabcn.com\/ca\/wp-json\/wp\/v2\/types\/post"}],"author":[{"embeddable":true,"href":"https:\/\/teodorabcn.com\/ca\/wp-json\/wp\/v2\/users\/4"}],"replies":[{"embeddable":true,"href":"https:\/\/teodorabcn.com\/ca\/wp-json\/wp\/v2\/comments?post=2582"}],"version-history":[{"count":18,"href":"https:\/\/teodorabcn.com\/ca\/wp-json\/wp\/v2\/posts\/2582\/revisions"}],"predecessor-version":[{"id":2789,"href":"https:\/\/teodorabcn.com\/ca\/wp-json\/wp\/v2\/posts\/2582\/revisions\/2789"}],"wp:featuredmedia":[{"embeddable":true,"href":"https:\/\/teodorabcn.com\/ca\/wp-json\/wp\/v2\/media\/2735"}],"wp:attachment":[{"href":"https:\/\/teodorabcn.com\/ca\/wp-json\/wp\/v2\/media?parent=2582"}],"wp:term":[{"taxonomy":"category","embeddable":true,"href":"https:\/\/teodorabcn.com\/ca\/wp-json\/wp\/v2\/categories?post=2582"},{"taxonomy":"post_tag","embeddable":true,"href":"https:\/\/teodorabcn.com\/ca\/wp-json\/wp\/v2\/tags?post=2582"}],"curies":[{"name":"wp","href":"https:\/\/api.w.org\/{rel}","templated":true}]}}