{"id":2314,"date":"2024-10-03T10:05:00","date_gmt":"2024-10-03T08:05:00","guid":{"rendered":"https:\/\/teodorabcn.com\/?p=2314"},"modified":"2025-03-18T12:56:24","modified_gmt":"2025-03-18T11:56:24","slug":"plantas-mediterraneas-aromaticas-para-espacios-urbanos","status":"publish","type":"post","link":"https:\/\/teodorabcn.com\/ca\/plantas-mediterraneas-aromaticas-para-espacios-urbanos\/","title":{"rendered":"Plantes mediterr\u00e0nies arom\u00e0tiques per a espais urbans"},"content":{"rendered":"<h3><b>Plantes mediterr\u00e0nies arom\u00e0tiques per a espais urbans<\/b><\/h3>\n<p><span style=\"font-weight: 400;\">La incorporaci\u00f3 d'elements naturals en els espais urbans \u00e9s una tend\u00e8ncia en <\/span><b>constant creixement<\/b><span style=\"font-weight: 400;\">. En particular, les terrasses, balcons i patis ofereixen oportunitats excepcionals per a transformar aquests entorns en refugis de calma i bellesa. Un dels m\u00e8todes m\u00e9s efectius per a aconseguir aquesta transformaci\u00f3 \u00e9s a trav\u00e9s de la selecci\u00f3 de plantes mediterr\u00e0nies arom\u00e0tiques. Aquestes plantes aporten un toc est\u00e8tic, i enriqueixen l'ambient amb les seves frag\u00e0ncies i propietats beneficioses.\nEn aquest article, explorarem com les plantes arom\u00e0tiques mediterr\u00e0nies poden millorar els teus espais exteriors i com seleccionar les millors varietats per a la teva terrassa.<\/span><\/p>\n<p>&nbsp;<\/p>\n<h3><b>Beneficis de les plantes arom\u00e0tiques mediterr\u00e0nies<\/b><\/h3>\n<p><span style=\"font-weight: 400;\">Les plantes arom\u00e0tiques mediterr\u00e0nies, a m\u00e9s de ser visualment atractives, ofereixen una varietat de beneficis que les fan ideals per a entorns urbans. Entre els seus principals avantatges s'inclouen:<\/span><\/p>\n<ol>\n<li style=\"font-weight: 400;\" aria-level=\"1\"><b>Aroma i ambient relaxant:<\/b><span style=\"font-weight: 400;\"> Aquestes plantes alliberen olis essencials que creguin un ambient relaxant i agradable. Les aromes fresques i herbals tenen efectes positius sobre l'estat d'\u00e0nim, promovent la relaxaci\u00f3 i reduint l'estr\u00e8s.<\/span><\/li>\n<li style=\"font-weight: 400;\" aria-level=\"1\"><b>Sota manteniment:<\/b><span style=\"font-weight: 400;\"> Adaptades a climes c\u00e0lids i secs, les plantes mediterr\u00e0nies solen requerir menys aigua que altres varietats. Aix\u00f2 les converteix en opcions pr\u00e0ctiques per a terrasses i balcons, on el reg freq\u00fcent pot ser un desafiament.<\/span><\/li>\n<li style=\"font-weight: 400;\" aria-level=\"1\"><b>Propietats culin\u00e0ries i medicinals:<\/b><span style=\"font-weight: 400;\"> Moltes d'aquestes plantes tenen usos culinaris i medicinals. Des del roman\u00ed i la menta fins a la lavanda, pots utilitzar-les en la cuina o per a preparar infusions i remeis casolans.<\/span><\/li>\n<li style=\"font-weight: 400;\" aria-level=\"1\"><b>Resist\u00e8ncia a plagues:<\/b><span style=\"font-weight: 400;\"> Les propietats arom\u00e0tiques d'aquestes plantes actuen com a repel\u00b7lents naturals, protegint el teu espai exterior de plagues i aportant un entorn m\u00e9s saludable.<\/span><\/li>\n<\/ol>\n<p>&nbsp;<\/p>\n<p><img fetchpriority=\"high\" decoding=\"async\" class=\"wp-image-2300 alignnone\" src=\"https:\/\/teodorabcn.com\/wp-content\/uploads\/2024\/09\/Plantas-Exterior-Resistentes-2-300x169.jpg\" alt=\"Plantas mediterr\u00e1neas\" width=\"1340\" height=\"755\" srcset=\"https:\/\/teodorabcn.com\/wp-content\/uploads\/2024\/09\/Plantas-Exterior-Resistentes-2-300x169.jpg 300w, https:\/\/teodorabcn.com\/wp-content\/uploads\/2024\/09\/Plantas-Exterior-Resistentes-2-1024x576.jpg 1024w, https:\/\/teodorabcn.com\/wp-content\/uploads\/2024\/09\/Plantas-Exterior-Resistentes-2-768x432.jpg 768w, https:\/\/teodorabcn.com\/wp-content\/uploads\/2024\/09\/Plantas-Exterior-Resistentes-2-1536x864.jpg 1536w, https:\/\/teodorabcn.com\/wp-content\/uploads\/2024\/09\/Plantas-Exterior-Resistentes-2-18x10.jpg 18w, https:\/\/teodorabcn.com\/wp-content\/uploads\/2024\/09\/Plantas-Exterior-Resistentes-2.jpg 1920w\" sizes=\"(max-width: 1340px) 100vw, 1340px\" \/><\/p>\n<p>&nbsp;<\/p>\n<h3><b>Selecci\u00f3 de plantes arom\u00e0tiques mediterr\u00e0nies<\/b><\/h3>\n<p><span style=\"font-weight: 400;\">Per a aconseguir una terrassa o balc\u00f3 amb una atmosfera mediterr\u00e0nia aut\u00e8ntica, considera incloure una varietat de plantes que s'adaptin b\u00e9 al teu espai i clima. A continuaci\u00f3, parlarem d'algunes de les millors opcions:<\/span><\/p>\n<ol>\n<li><b> Romero (Rosmarinus officinalis)<\/b><\/li>\n<\/ol>\n<p><span style=\"font-weight: 400;\">El roman\u00ed \u00e9s una planta perenne que, apart de proporcionar una aroma fresca i penetrant, tamb\u00e9 \u00e9s molt <\/span><b>vers\u00e0til<\/b><span style=\"font-weight: 400;\"> en la cuina. Les seves fulles allargades i de color verd fosc tenen propietats <\/span><b>antioxidants<\/b><span style=\"font-weight: 400;\"> i poden ser utilitzades en una varietat de plats. El roman\u00ed prefereix s\u00f2ls ben drenats i plens de sol, la qual cosa ho fa ideal per a terrasses i balcons assolellats.<\/span><\/p>\n<ol start=\"2\">\n<li><b> Farigola (Thymus vulgaris)<\/b><\/li>\n<\/ol>\n<p><span style=\"font-weight: 400;\">La farigola \u00e9s una planta petita i compacta, ideal per a espais redu\u00efts. Les seves fulles diminutes alliberen una <\/span><b>aroma terrosa i herb\u00e0cia<\/b><span style=\"font-weight: 400;\"> que pot enriquir la teva terrassa. A m\u00e9s, \u00e9s una planta resistent que requereix poc manteniment. La farigola \u00e9s perfecta per al cultiu en tests i jardineres, i les seves fulles s\u00f3n un complement excel\u00b7lent per a diverses receptes culin\u00e0ries.<\/span><\/p>\n<ol start=\"3\">\n<li><b> Lavanda (Lavandula angustifolia)<\/b><\/li>\n<\/ol>\n<p><span style=\"font-weight: 400;\">La lavanda \u00e9s coneguda per la seva frag\u00e0ncia floral i la seva capacitat per a atreure pol\u00b7linitzadors com les abelles i papallones. A m\u00e9s del seu <strong>\u00fas en <\/strong><\/span><b>aromater\u00e0pia<\/b><span style=\"font-weight: 400;\"> i productes de cura personal, la lavanda pot ser utilitzada a la cuina per a donar un toc especial a postres i plats salats. Prefereix s\u00f2ls arenosos i ben drenats i necessita molta llum solar per a prosperar.<\/span><\/p>\n<ol start=\"4\">\n<li><b> Menta (Mentha spp.)<\/b><\/li>\n<\/ol>\n<p><span style=\"font-weight: 400;\">La menta \u00e9s una planta vigorosa que creix r\u00e0pidament i ofereix una aroma refrescant. \u00c9s ideal per a tests i jardineres, ja que pot expandir-se i cobrir espais de manera efectiva. La menta \u00e9s molt \u00fatil en la cuina, especialment en begudes, amanides i postres. A m\u00e9s, t\u00e9 propietats <\/span><b>digestives<\/b><span style=\"font-weight: 400;\"> i \u00e9s una planta medicinal.<\/span><\/p>\n<ol start=\"5\">\n<li><b> S\u00e0lvia (S\u00e0lvia officinalis)<\/b><\/li>\n<\/ol>\n<p><span style=\"font-weight: 400;\">La s\u00e0lvia, amb les seves fulles grans i arrugades, ofereix una aroma robusta i terrosa. \u00c9s una planta resistent que pot suportar condicions seques i assolellades, fent que sigui adequada per a terrasses i balcons. En la cuina, la s\u00e0lvia \u00e9s utilitzada en plats de carn, i tamb\u00e9 t\u00e9<\/span><b> propietats medicinals<\/b><span style=\"font-weight: 400;\"> que la fan valuosa per a infusions.<\/span><\/p>\n<p>&nbsp;<\/p>\n<p><img decoding=\"async\" class=\"wp-image-2318 alignnone\" src=\"https:\/\/teodorabcn.com\/wp-content\/uploads\/2024\/10\/plantas-mediterraneas-aromaticas-one-300x169.png\" alt=\"Plantas mediterr\u00e1neas\" width=\"1332\" height=\"750\" srcset=\"https:\/\/teodorabcn.com\/wp-content\/uploads\/2024\/10\/plantas-mediterraneas-aromaticas-one-300x169.png 300w, https:\/\/teodorabcn.com\/wp-content\/uploads\/2024\/10\/plantas-mediterraneas-aromaticas-one-1024x576.png 1024w, https:\/\/teodorabcn.com\/wp-content\/uploads\/2024\/10\/plantas-mediterraneas-aromaticas-one-768x432.png 768w, https:\/\/teodorabcn.com\/wp-content\/uploads\/2024\/10\/plantas-mediterraneas-aromaticas-one-1536x864.png 1536w, https:\/\/teodorabcn.com\/wp-content\/uploads\/2024\/10\/plantas-mediterraneas-aromaticas-one-18x10.png 18w, https:\/\/teodorabcn.com\/wp-content\/uploads\/2024\/10\/plantas-mediterraneas-aromaticas-one.png 1920w\" sizes=\"(max-width: 1332px) 100vw, 1332px\" \/><\/p>\n<p>&nbsp;<\/p>\n<h3><b>Disseny i distribuci\u00f3 en l'espai<\/b><\/h3>\n<p><span style=\"font-weight: 400;\">Per a maximitzar l'impacte visual i funcional de les plantes arom\u00e0tiques a la teva terrassa, considera els seg\u00fcents aspectes en el disseny:<\/span><\/p>\n<ol>\n<li><b> Agrupaci\u00f3 per grand\u00e0ria i altura<\/b><\/li>\n<\/ol>\n<p><span style=\"font-weight: 400;\">Combina plantes de diferents altures i grand\u00e0ries per a crear un disseny<\/span><b> atractiu i variat<\/b><span style=\"font-weight: 400;\">Col\u00b7loca les plantes m\u00e9s altes, com la lavanda i el roman\u00ed, en el fons o a les cantonades, i les m\u00e9s baixes, com la farigola i la menta, en primer pla. Aix\u00f2 no sols millora l'est\u00e8tica, sin\u00f3 que tamb\u00e9 facilita l'acc\u00e9s a les plantes per a la seva cura i collita.<\/span><\/p>\n<ol start=\"2\">\n<li><b> \u00das de tests i jardineres<\/b><\/li>\n<\/ol>\n<p><span style=\"font-weight: 400;\">Tria tests i jardineres adequades per a cada tipus de planta. Els tests grans s\u00f3n ideals per a plantes que creixen extensament, mentre que les jardineres m\u00e9s petites s\u00f3n perfectes per a varietats compactes. Assegura't que tots els recipients tinguin un bon drenatge per a evitar l'embassada.<\/span><\/p>\n<ol start=\"3\">\n<li><b> Accessibilitat i cura<\/b><\/li>\n<\/ol>\n<p><span style=\"font-weight: 400;\">Planifica un disseny que faciliti l'acc\u00e9s a les plantes per al seu reg i manteniment. Considera la instal\u00b7laci\u00f3 de sistemes de reg per degoteig per a reduir el temps de cura i assegurar que les plantes rebin la quantitat adequada d'aigua.<\/span><\/p>\n<p>&nbsp;<\/p>\n<h3><b>Cures i manteniment<\/b><\/h3>\n<p><span style=\"font-weight: 400;\">Encara que les plantes mediterr\u00e0nies arom\u00e0tiques s\u00f3n bastant resistents, \u00e9s important seguir algunes cures b\u00e0siques per a assegurar la seva prosperitat:<\/span><\/p>\n<ol>\n<li style=\"font-weight: 400;\" aria-level=\"1\"><b>Reg<\/b><span style=\"font-weight: 400;\"> Ajusta la freq\u00fc\u00e8ncia del reg segons les necessitats de cada planta i les condicions clim\u00e0tiques. Generalment, \u00e9s millor permetre que el s\u00f2l s'assequi entre regs.<\/span><\/li>\n<li style=\"font-weight: 400;\" aria-level=\"1\"><b>Llum solar:<\/b><span style=\"font-weight: 400;\"> Assegura't que les plantes rebin suficient llum solar directa. La majoria de les plantes mediterr\u00e0nies requereixen almenys 6 hores de sol al dia.<\/span><\/li>\n<li style=\"font-weight: 400;\" aria-level=\"1\"><b>S\u00f2l: <\/b><span style=\"font-weight: 400;\">Pots agregar perlita o sorra al s\u00f2l per a millorar el drenatge i aix\u00ed evitar l\u2019embassada.<\/span><\/li>\n<li style=\"font-weight: 400;\" aria-level=\"1\"><b>Poda:<\/b><span style=\"font-weight: 400;\"> Realitza podes regulars per a mantenir la forma i la salut de les plantes. La poda tamb\u00e9 pot estimular un creixement m\u00e9s dens i arom\u00e0tic.<\/span><\/li>\n<\/ol>\n<p>&nbsp;<\/p>\n<p><img decoding=\"async\" class=\"wp-image-2321 alignnone\" src=\"https:\/\/teodorabcn.com\/wp-content\/uploads\/2024\/10\/Teodora-Blog-1-300x169.jpg\" alt=\"Plantas mediterr\u00e1neas\" width=\"1347\" height=\"759\" srcset=\"https:\/\/teodorabcn.com\/wp-content\/uploads\/2024\/10\/Teodora-Blog-1-300x169.jpg 300w, https:\/\/teodorabcn.com\/wp-content\/uploads\/2024\/10\/Teodora-Blog-1-1024x576.jpg 1024w, https:\/\/teodorabcn.com\/wp-content\/uploads\/2024\/10\/Teodora-Blog-1-768x432.jpg 768w, https:\/\/teodorabcn.com\/wp-content\/uploads\/2024\/10\/Teodora-Blog-1-1536x864.jpg 1536w, https:\/\/teodorabcn.com\/wp-content\/uploads\/2024\/10\/Teodora-Blog-1-2048x1152.jpg 2048w, https:\/\/teodorabcn.com\/wp-content\/uploads\/2024\/10\/Teodora-Blog-1-18x10.jpg 18w\" sizes=\"(max-width: 1347px) 100vw, 1347px\" \/><\/p>\n<p>&nbsp;<\/p>\n<p><span style=\"font-weight: 400;\">Les plantes arom\u00e0tiques mediterr\u00e0nies s\u00f3n una gran elecci\u00f3 per <\/span><b>a transformar la teva terrassa<\/b><span style=\"font-weight: 400;\">, balc\u00f3 o pati en un espai ple de vida i serenitat. La seva bellesa, aroma i baix manteniment les fan ideals per a l'entorn urb\u00e0, proporcionant tant un<\/span><b> delit sensorial <\/b><span style=\"font-weight: 400;\">com beneficis pr\u00e0ctics. En seleccionar i cuidar aquestes plantes adequadament, podr\u00e0s gaudir d'un oasi mediterrani en el cor de la teva llar.<\/span><\/p>\n<p><span style=\"font-weight: 400;\">A <\/span><a href=\"https:\/\/teodorabcn.com\/ca\/contacto\/\" target=\"_blank\" rel=\"noopener\"><span style=\"font-weight: 400;\">Teodor<\/span><span style=\"font-weight: 400;\">a<\/span><\/a> <span style=\"font-weight: 400;\">estem compromesos a ajudar-te a crear espais exteriors que reflecteixin el teu estil i personalitat. Deixa que el teu espai parli de tu i converteix-lo en un lloc de pau i bellesa natural!<\/span><\/p>","protected":false},"excerpt":{"rendered":"<p>Plantas mediterr\u00e1neas arom\u00e1ticas para espacios urbanos La incorporaci\u00f3n de elementos naturales en los espacios urbanos es una tendencia en constante crecimiento. En particular, las terrazas, balcones y patios ofrecen oportunidades excepcionales para transformar estos entornos en refugios de calma y belleza. Uno de los m\u00e9todos m\u00e1s efectivos y encantadores para lograr esta transformaci\u00f3n es a [&hellip;]<\/p>","protected":false},"author":4,"featured_media":2713,"comment_status":"closed","ping_status":"closed","sticky":false,"template":"","format":"standard","meta":{"footnotes":""},"categories":[1],"tags":[],"class_list":["post-2314","post","type-post","status-publish","format-standard","has-post-thumbnail","hentry","category-sin-categorizar"],"yoast_head":"<!-- This site is optimized with the Yoast SEO plugin v26.6 - https:\/\/yoast.com\/wordpress\/plugins\/seo\/ -->\n<title>Plantas mediterr\u00e1neas arom\u00e1ticas para espacios urbanos - Teodora<\/title>\n<meta name=\"description\" content=\"Convierte tu terraza o balc\u00f3n en un oasis con plantas arom\u00e1ticas mediterr\u00e1neas. Descubre sus beneficios,aromas relajantes y usos culinarios.\" \/>\n<meta name=\"robots\" content=\"index, follow, max-snippet:-1, max-image-preview:large, max-video-preview:-1\" \/>\n<link rel=\"canonical\" href=\"https:\/\/teodorabcn.com\/ca\/plantas-mediterraneas-aromaticas-para-espacios-urbanos\/\" \/>\n<meta property=\"og:locale\" content=\"ca_ES\" \/>\n<meta property=\"og:type\" content=\"article\" \/>\n<meta property=\"og:title\" content=\"Plantas mediterr\u00e1neas arom\u00e1ticas para espacios urbanos - Teodora\" \/>\n<meta property=\"og:description\" content=\"Convierte tu terraza o balc\u00f3n en un oasis con plantas arom\u00e1ticas mediterr\u00e1neas. Descubre sus beneficios,aromas relajantes y usos culinarios.\" \/>\n<meta property=\"og:url\" content=\"https:\/\/teodorabcn.com\/ca\/plantas-mediterraneas-aromaticas-para-espacios-urbanos\/\" \/>\n<meta property=\"og:site_name\" content=\"Teodora\" \/>\n<meta property=\"article:publisher\" content=\"https:\/\/www.facebook.com\/profile.php?id=61550838347854\" \/>\n<meta property=\"article:published_time\" content=\"2024-10-03T08:05:00+00:00\" \/>\n<meta property=\"article:modified_time\" content=\"2025-03-18T11:56:24+00:00\" \/>\n<meta property=\"og:image\" content=\"https:\/\/teodorabcn.com\/wp-content\/uploads\/2024\/10\/plantas-mediterraneas-aromaticas-1.png\" \/>\n\t<meta property=\"og:image:width\" content=\"2452\" \/>\n\t<meta property=\"og:image:height\" content=\"1634\" \/>\n\t<meta property=\"og:image:type\" content=\"image\/png\" \/>\n<meta name=\"author\" content=\"Borja\" \/>\n<meta name=\"twitter:card\" content=\"summary_large_image\" \/>\n<meta name=\"twitter:label1\" content=\"Escrit per\" \/>\n\t<meta name=\"twitter:data1\" content=\"Borja\" \/>\n\t<meta name=\"twitter:label2\" content=\"Temps estimat de lectura\" \/>\n\t<meta name=\"twitter:data2\" content=\"6 minuts\" \/>\n<script type=\"application\/ld+json\" class=\"yoast-schema-graph\">{\"@context\":\"https:\/\/schema.org\",\"@graph\":[{\"@type\":\"Article\",\"@id\":\"https:\/\/teodorabcn.com\/plantas-mediterraneas-aromaticas-para-espacios-urbanos\/#article\",\"isPartOf\":{\"@id\":\"https:\/\/teodorabcn.com\/plantas-mediterraneas-aromaticas-para-espacios-urbanos\/\"},\"author\":{\"name\":\"Borja\",\"@id\":\"https:\/\/teodorabcn.com\/#\/schema\/person\/37a86a5b0fcaa1c21abddf6adb873561\"},\"headline\":\"Plantas mediterr\u00e1neas arom\u00e1ticas para espacios urbanos\",\"datePublished\":\"2024-10-03T08:05:00+00:00\",\"dateModified\":\"2025-03-18T11:56:24+00:00\",\"mainEntityOfPage\":{\"@id\":\"https:\/\/teodorabcn.com\/plantas-mediterraneas-aromaticas-para-espacios-urbanos\/\"},\"wordCount\":1123,\"publisher\":{\"@id\":\"https:\/\/teodorabcn.com\/#organization\"},\"image\":{\"@id\":\"https:\/\/teodorabcn.com\/plantas-mediterraneas-aromaticas-para-espacios-urbanos\/#primaryimage\"},\"thumbnailUrl\":\"https:\/\/teodorabcn.com\/wp-content\/uploads\/2024\/10\/plantas-mediterraneas-aromaticas-1.png\",\"articleSection\":[\"Sin categorizar\"],\"inLanguage\":\"ca\"},{\"@type\":\"WebPage\",\"@id\":\"https:\/\/teodorabcn.com\/plantas-mediterraneas-aromaticas-para-espacios-urbanos\/\",\"url\":\"https:\/\/teodorabcn.com\/plantas-mediterraneas-aromaticas-para-espacios-urbanos\/\",\"name\":\"Plantas mediterr\u00e1neas arom\u00e1ticas para espacios urbanos - Teodora\",\"isPartOf\":{\"@id\":\"https:\/\/teodorabcn.com\/#website\"},\"primaryImageOfPage\":{\"@id\":\"https:\/\/teodorabcn.com\/plantas-mediterraneas-aromaticas-para-espacios-urbanos\/#primaryimage\"},\"image\":{\"@id\":\"https:\/\/teodorabcn.com\/plantas-mediterraneas-aromaticas-para-espacios-urbanos\/#primaryimage\"},\"thumbnailUrl\":\"https:\/\/teodorabcn.com\/wp-content\/uploads\/2024\/10\/plantas-mediterraneas-aromaticas-1.png\",\"datePublished\":\"2024-10-03T08:05:00+00:00\",\"dateModified\":\"2025-03-18T11:56:24+00:00\",\"description\":\"Convierte tu terraza o balc\u00f3n en un oasis con plantas arom\u00e1ticas mediterr\u00e1neas. Descubre sus beneficios,aromas relajantes y usos culinarios.\",\"breadcrumb\":{\"@id\":\"https:\/\/teodorabcn.com\/plantas-mediterraneas-aromaticas-para-espacios-urbanos\/#breadcrumb\"},\"inLanguage\":\"ca\",\"potentialAction\":[{\"@type\":\"ReadAction\",\"target\":[\"https:\/\/teodorabcn.com\/plantas-mediterraneas-aromaticas-para-espacios-urbanos\/\"]}]},{\"@type\":\"ImageObject\",\"inLanguage\":\"ca\",\"@id\":\"https:\/\/teodorabcn.com\/plantas-mediterraneas-aromaticas-para-espacios-urbanos\/#primaryimage\",\"url\":\"https:\/\/teodorabcn.com\/wp-content\/uploads\/2024\/10\/plantas-mediterraneas-aromaticas-1.png\",\"contentUrl\":\"https:\/\/teodorabcn.com\/wp-content\/uploads\/2024\/10\/plantas-mediterraneas-aromaticas-1.png\",\"width\":2452,\"height\":1634,\"caption\":\"plantas-mediterraneas-aromaticas\"},{\"@type\":\"BreadcrumbList\",\"@id\":\"https:\/\/teodorabcn.com\/plantas-mediterraneas-aromaticas-para-espacios-urbanos\/#breadcrumb\",\"itemListElement\":[{\"@type\":\"ListItem\",\"position\":1,\"name\":\"Portada\",\"item\":\"https:\/\/teodorabcn.com\/\"},{\"@type\":\"ListItem\",\"position\":2,\"name\":\"Plantas mediterr\u00e1neas arom\u00e1ticas para espacios urbanos\"}]},{\"@type\":\"WebSite\",\"@id\":\"https:\/\/teodorabcn.com\/#website\",\"url\":\"https:\/\/teodorabcn.com\/\",\"name\":\"Teodora Exteriorismo\",\"description\":\"Creamos terrazas y jardines con car\u00e1cter.\",\"publisher\":{\"@id\":\"https:\/\/teodorabcn.com\/#organization\"},\"alternateName\":\"Teodora\",\"potentialAction\":[{\"@type\":\"SearchAction\",\"target\":{\"@type\":\"EntryPoint\",\"urlTemplate\":\"https:\/\/teodorabcn.com\/?s={search_term_string}\"},\"query-input\":{\"@type\":\"PropertyValueSpecification\",\"valueRequired\":true,\"valueName\":\"search_term_string\"}}],\"inLanguage\":\"ca\"},{\"@type\":\"Organization\",\"@id\":\"https:\/\/teodorabcn.com\/#organization\",\"name\":\"Teodora Exteriorismo\",\"alternateName\":\"Teodora\",\"url\":\"https:\/\/teodorabcn.com\/\",\"logo\":{\"@type\":\"ImageObject\",\"inLanguage\":\"ca\",\"@id\":\"https:\/\/teodorabcn.com\/#\/schema\/logo\/image\/\",\"url\":\"https:\/\/teodorabcn.com\/wp-content\/uploads\/2023\/10\/Teodora_logo-_EXT-Ok-ESP-e1706538305612.jpg\",\"contentUrl\":\"https:\/\/teodorabcn.com\/wp-content\/uploads\/2023\/10\/Teodora_logo-_EXT-Ok-ESP-e1706538305612.jpg\",\"width\":1540,\"height\":573,\"caption\":\"Teodora Exteriorismo\"},\"image\":{\"@id\":\"https:\/\/teodorabcn.com\/#\/schema\/logo\/image\/\"},\"sameAs\":[\"https:\/\/www.facebook.com\/profile.php?id=61550838347854\",\"https:\/\/www.instagram.com\/teodora.exteriorismo\/?hl=es\",\"https:\/\/www.pinterest.es\/teodora_exteriorismo\/\",\"https:\/\/www.linkedin.com\/company\/teodora-bcn-exteriorismo\/\"]},{\"@type\":\"Person\",\"@id\":\"https:\/\/teodorabcn.com\/#\/schema\/person\/37a86a5b0fcaa1c21abddf6adb873561\",\"name\":\"Borja\",\"image\":{\"@type\":\"ImageObject\",\"inLanguage\":\"ca\",\"@id\":\"https:\/\/teodorabcn.com\/#\/schema\/person\/image\/\",\"url\":\"https:\/\/secure.gravatar.com\/avatar\/f2ed8804c3ff9ca239d6113506ad4c491ff583257ff77ddc6f23de01c3303c6c?s=96&d=mm&r=g\",\"contentUrl\":\"https:\/\/secure.gravatar.com\/avatar\/f2ed8804c3ff9ca239d6113506ad4c491ff583257ff77ddc6f23de01c3303c6c?s=96&d=mm&r=g\",\"caption\":\"Borja\"},\"url\":\"https:\/\/teodorabcn.com\/ca\/author\/borja\/\"}]}<\/script>\n<!-- \/ Yoast SEO plugin. -->","yoast_head_json":{"title":"Plantas mediterr\u00e1neas arom\u00e1ticas para espacios urbanos - Teodora","description":"Convierte tu terraza o balc\u00f3n en un oasis con plantas arom\u00e1ticas mediterr\u00e1neas. Descubre sus beneficios,aromas relajantes y usos culinarios.","robots":{"index":"index","follow":"follow","max-snippet":"max-snippet:-1","max-image-preview":"max-image-preview:large","max-video-preview":"max-video-preview:-1"},"canonical":"https:\/\/teodorabcn.com\/ca\/plantas-mediterraneas-aromaticas-para-espacios-urbanos\/","og_locale":"ca_ES","og_type":"article","og_title":"Plantas mediterr\u00e1neas arom\u00e1ticas para espacios urbanos - Teodora","og_description":"Convierte tu terraza o balc\u00f3n en un oasis con plantas arom\u00e1ticas mediterr\u00e1neas. Descubre sus beneficios,aromas relajantes y usos culinarios.","og_url":"https:\/\/teodorabcn.com\/ca\/plantas-mediterraneas-aromaticas-para-espacios-urbanos\/","og_site_name":"Teodora","article_publisher":"https:\/\/www.facebook.com\/profile.php?id=61550838347854","article_published_time":"2024-10-03T08:05:00+00:00","article_modified_time":"2025-03-18T11:56:24+00:00","og_image":[{"width":2452,"height":1634,"url":"https:\/\/teodorabcn.com\/wp-content\/uploads\/2024\/10\/plantas-mediterraneas-aromaticas-1.png","type":"image\/png"}],"author":"Borja","twitter_card":"summary_large_image","twitter_misc":{"Escrit per":"Borja","Temps estimat de lectura":"6 minuts"},"schema":{"@context":"https:\/\/schema.org","@graph":[{"@type":"Article","@id":"https:\/\/teodorabcn.com\/plantas-mediterraneas-aromaticas-para-espacios-urbanos\/#article","isPartOf":{"@id":"https:\/\/teodorabcn.com\/plantas-mediterraneas-aromaticas-para-espacios-urbanos\/"},"author":{"name":"Borja","@id":"https:\/\/teodorabcn.com\/#\/schema\/person\/37a86a5b0fcaa1c21abddf6adb873561"},"headline":"Plantas mediterr\u00e1neas arom\u00e1ticas para espacios urbanos","datePublished":"2024-10-03T08:05:00+00:00","dateModified":"2025-03-18T11:56:24+00:00","mainEntityOfPage":{"@id":"https:\/\/teodorabcn.com\/plantas-mediterraneas-aromaticas-para-espacios-urbanos\/"},"wordCount":1123,"publisher":{"@id":"https:\/\/teodorabcn.com\/#organization"},"image":{"@id":"https:\/\/teodorabcn.com\/plantas-mediterraneas-aromaticas-para-espacios-urbanos\/#primaryimage"},"thumbnailUrl":"https:\/\/teodorabcn.com\/wp-content\/uploads\/2024\/10\/plantas-mediterraneas-aromaticas-1.png","articleSection":["Sin categorizar"],"inLanguage":"ca"},{"@type":"WebPage","@id":"https:\/\/teodorabcn.com\/plantas-mediterraneas-aromaticas-para-espacios-urbanos\/","url":"https:\/\/teodorabcn.com\/plantas-mediterraneas-aromaticas-para-espacios-urbanos\/","name":"Plantas mediterr\u00e1neas arom\u00e1ticas para espacios urbanos - Teodora","isPartOf":{"@id":"https:\/\/teodorabcn.com\/#website"},"primaryImageOfPage":{"@id":"https:\/\/teodorabcn.com\/plantas-mediterraneas-aromaticas-para-espacios-urbanos\/#primaryimage"},"image":{"@id":"https:\/\/teodorabcn.com\/plantas-mediterraneas-aromaticas-para-espacios-urbanos\/#primaryimage"},"thumbnailUrl":"https:\/\/teodorabcn.com\/wp-content\/uploads\/2024\/10\/plantas-mediterraneas-aromaticas-1.png","datePublished":"2024-10-03T08:05:00+00:00","dateModified":"2025-03-18T11:56:24+00:00","description":"Convierte tu terraza o balc\u00f3n en un oasis con plantas arom\u00e1ticas mediterr\u00e1neas. Descubre sus beneficios,aromas relajantes y usos culinarios.","breadcrumb":{"@id":"https:\/\/teodorabcn.com\/plantas-mediterraneas-aromaticas-para-espacios-urbanos\/#breadcrumb"},"inLanguage":"ca","potentialAction":[{"@type":"ReadAction","target":["https:\/\/teodorabcn.com\/plantas-mediterraneas-aromaticas-para-espacios-urbanos\/"]}]},{"@type":"ImageObject","inLanguage":"ca","@id":"https:\/\/teodorabcn.com\/plantas-mediterraneas-aromaticas-para-espacios-urbanos\/#primaryimage","url":"https:\/\/teodorabcn.com\/wp-content\/uploads\/2024\/10\/plantas-mediterraneas-aromaticas-1.png","contentUrl":"https:\/\/teodorabcn.com\/wp-content\/uploads\/2024\/10\/plantas-mediterraneas-aromaticas-1.png","width":2452,"height":1634,"caption":"plantas-mediterraneas-aromaticas"},{"@type":"BreadcrumbList","@id":"https:\/\/teodorabcn.com\/plantas-mediterraneas-aromaticas-para-espacios-urbanos\/#breadcrumb","itemListElement":[{"@type":"ListItem","position":1,"name":"Portada","item":"https:\/\/teodorabcn.com\/"},{"@type":"ListItem","position":2,"name":"Plantas mediterr\u00e1neas arom\u00e1ticas para espacios urbanos"}]},{"@type":"WebSite","@id":"https:\/\/teodorabcn.com\/#website","url":"https:\/\/teodorabcn.com\/","name":"Teodora Exteriorisme","description":"Creamos terrazas y jardines con car\u00e1cter.","publisher":{"@id":"https:\/\/teodorabcn.com\/#organization"},"alternateName":"Teodora","potentialAction":[{"@type":"SearchAction","target":{"@type":"EntryPoint","urlTemplate":"https:\/\/teodorabcn.com\/?s={search_term_string}"},"query-input":{"@type":"PropertyValueSpecification","valueRequired":true,"valueName":"search_term_string"}}],"inLanguage":"ca"},{"@type":"Organization","@id":"https:\/\/teodorabcn.com\/#organization","name":"Teodora Exteriorisme","alternateName":"Teodora","url":"https:\/\/teodorabcn.com\/","logo":{"@type":"ImageObject","inLanguage":"ca","@id":"https:\/\/teodorabcn.com\/#\/schema\/logo\/image\/","url":"https:\/\/teodorabcn.com\/wp-content\/uploads\/2023\/10\/Teodora_logo-_EXT-Ok-ESP-e1706538305612.jpg","contentUrl":"https:\/\/teodorabcn.com\/wp-content\/uploads\/2023\/10\/Teodora_logo-_EXT-Ok-ESP-e1706538305612.jpg","width":1540,"height":573,"caption":"Teodora Exteriorismo"},"image":{"@id":"https:\/\/teodorabcn.com\/#\/schema\/logo\/image\/"},"sameAs":["https:\/\/www.facebook.com\/profile.php?id=61550838347854","https:\/\/www.instagram.com\/teodora.exteriorismo\/?hl=es","https:\/\/www.pinterest.es\/teodora_exteriorismo\/","https:\/\/www.linkedin.com\/company\/teodora-bcn-exteriorismo\/"]},{"@type":"Person","@id":"https:\/\/teodorabcn.com\/#\/schema\/person\/37a86a5b0fcaa1c21abddf6adb873561","name":"Borja","image":{"@type":"ImageObject","inLanguage":"ca","@id":"https:\/\/teodorabcn.com\/#\/schema\/person\/image\/","url":"https:\/\/secure.gravatar.com\/avatar\/f2ed8804c3ff9ca239d6113506ad4c491ff583257ff77ddc6f23de01c3303c6c?s=96&d=mm&r=g","contentUrl":"https:\/\/secure.gravatar.com\/avatar\/f2ed8804c3ff9ca239d6113506ad4c491ff583257ff77ddc6f23de01c3303c6c?s=96&d=mm&r=g","caption":"Borja"},"url":"https:\/\/teodorabcn.com\/ca\/author\/borja\/"}]}},"_links":{"self":[{"href":"https:\/\/teodorabcn.com\/ca\/wp-json\/wp\/v2\/posts\/2314","targetHints":{"allow":["GET"]}}],"collection":[{"href":"https:\/\/teodorabcn.com\/ca\/wp-json\/wp\/v2\/posts"}],"about":[{"href":"https:\/\/teodorabcn.com\/ca\/wp-json\/wp\/v2\/types\/post"}],"author":[{"embeddable":true,"href":"https:\/\/teodorabcn.com\/ca\/wp-json\/wp\/v2\/users\/4"}],"replies":[{"embeddable":true,"href":"https:\/\/teodorabcn.com\/ca\/wp-json\/wp\/v2\/comments?post=2314"}],"version-history":[{"count":15,"href":"https:\/\/teodorabcn.com\/ca\/wp-json\/wp\/v2\/posts\/2314\/revisions"}],"predecessor-version":[{"id":2347,"href":"https:\/\/teodorabcn.com\/ca\/wp-json\/wp\/v2\/posts\/2314\/revisions\/2347"}],"wp:featuredmedia":[{"embeddable":true,"href":"https:\/\/teodorabcn.com\/ca\/wp-json\/wp\/v2\/media\/2713"}],"wp:attachment":[{"href":"https:\/\/teodorabcn.com\/ca\/wp-json\/wp\/v2\/media?parent=2314"}],"wp:term":[{"taxonomy":"category","embeddable":true,"href":"https:\/\/teodorabcn.com\/ca\/wp-json\/wp\/v2\/categories?post=2314"},{"taxonomy":"post_tag","embeddable":true,"href":"https:\/\/teodorabcn.com\/ca\/wp-json\/wp\/v2\/tags?post=2314"}],"curies":[{"name":"wp","href":"https:\/\/api.w.org\/{rel}","templated":true}]}}