{"id":2294,"date":"2024-06-03T09:45:38","date_gmt":"2024-06-03T07:45:38","guid":{"rendered":"https:\/\/teodorabcn.com\/?p=2294"},"modified":"2025-04-09T11:04:58","modified_gmt":"2025-04-09T09:04:58","slug":"plantas-de-exterior-resistentes","status":"publish","type":"post","link":"https:\/\/teodorabcn.com\/ca\/plantas-de-exterior-resistentes\/","title":{"rendered":"Plantes d\u2019exterior resistents: la guia definitiva"},"content":{"rendered":"<p><span style=\"font-weight: 400;\">Les plantes s\u00f3n una opci\u00f3 ideal per a<\/span><b> afegir vida i color<\/b><span style=\"font-weight: 400;\"> a qualsevol pati, jard\u00ed o terrassa. Totes les plantes s\u00f3n d\u2019exterior per\u00f2 a l'hora de triar-les, \u00e9s fonamental considerar la seva resist\u00e8ncia a diverses condicions clim\u00e0tiques.<\/span><\/p>\n<p><span style=\"font-weight: 400;\">Es consideren plantes d\u2019exterior resistents aquelles que poden <\/span><b>adaptar-se a canvis de temperatura, a l\u2019exposici\u00f3 al sol i a diferents nivells d'humitat.<\/b><span style=\"font-weight: 400;\"> \u00c9s important que tinguis en compte les caracter\u00edstiques espec\u00edfiques del clima de la teva zona, per a seleccionar les esp\u00e8cies m\u00e9s adequades. D'aquesta manera, podr\u00e0s garantir que les plantes no sols sobrevisquin, sin\u00f3 que prosperin, aportant bellesa als teus espais exteriors durant tot l'any.<\/span><\/p>\n<p>&nbsp;<\/p>\n<h2><span style=\"font-weight: 400;\">Per qu\u00e8 triar plantes d\u2019exterior resistents?\u00a0<\/span><\/h2>\n<p><span style=\"font-weight: 400;\">Les plantes resistents s\u00f3n essencials en el disseny de jardins i terrasses, especialment regions on les condicions poden variar considerablement. Aquestes plantes tenen la capacitat de suportar canvis de temperatura, exposici\u00f3 al sol i vent, aix\u00ed com per\u00edodes de sequera o pluges intenses.<\/span><\/p>\n<p><span style=\"font-weight: 400;\">Aquesta<\/span><b> resili\u00e8ncia<\/b><span style=\"font-weight: 400;\"> les fa ideals per als qui busquen un jard\u00ed o terrassa amb un manteniment relativament baix, per\u00f2 que, al mateix temps, mantingui el seu atractiu visual al llarg de l'any.<\/span><\/p>\n<p><span style=\"font-weight: 400;\">En \u00e0rees amb <\/span><b>estius calorosos i hiverns suaus<\/b><span style=\"font-weight: 400;\">, les <\/span><b>plantes mediterr\u00e0nies<\/b><span style=\"font-weight: 400;\"> com ara lavandes, romanins i oliveres poden ser una bona opci\u00f3 gr\u00e0cies a la seva durabilitat i baix requisit d'aigua. Mentre que, les regions amb<\/span><b> climes m\u00e9s freds<\/b><span style=\"font-weight: 400;\"> es beneficiaran de triar plantes que puguin aguantar <\/span><b>temperatures baixes i condicions d'humitat,<\/b><span style=\"font-weight: 400;\"> com les con\u00edferes, avets i cicl\u00e0mens.\u00a0<\/span><\/p>\n<p>&nbsp;<\/p>\n<h2><span style=\"font-weight: 400;\">Com dissenyar una terrassa amb plantes d\u2019exterior resistents?<\/span><\/h2>\n<p><span style=\"font-weight: 400;\">A l\u2019hora de dissenyar una terrassa amb plantes d\u2019exterior resistents, cal considerar tant les limitacions d'espai com les condicions ambientals, com el vent i l'exposici\u00f3 solar. Les plantes seleccionades han de complir un <\/span><b>rol funcional<\/b><span style=\"font-weight: 400;\">, com proporcionar ombra o protecci\u00f3 contra el vent, i tamb\u00e9 un <\/span><b>rol est\u00e8tic<\/b><span style=\"font-weight: 400;\">, afegint color i textura a l'espai.<\/span><\/p>\n<p><span style=\"font-weight: 400;\">\u00c9s \u00fatil optar per plantes que puguin adaptar-se a aquestes condicions, com <\/span><b>suculentes i lavandes<\/b><span style=\"font-weight: 400;\"> per a zones assolellades o falgueres i heures per a \u00e0rees amb ombra parcial. A m\u00e9s, l'\u00fas de testos i jardineres adequades ajuda a gestionar l'espai disponible i facilita la cura de les plantes, cosa que permet un disseny flexible i atractiu.<\/span><\/p>\n<p><span style=\"font-weight: 400;\">Una estrat\u00e8gia efica\u00e7 \u00e9s combinar <\/span><b>plantes perennes amb altres de temporada<\/b><span style=\"font-weight: 400;\">, la qual cosa assegura un jard\u00ed sempre viu i en constant canvi. Aix\u00f2 enriqueix l'experi\u00e8ncia visual, i tamb\u00e9 permet experimentar amb diferents combinacions i adaptacions segons el clima i l'estaci\u00f3. A m\u00e9s, utilitzar plantes natives pot simplificar el seu manteniment, ja que estan naturalment adaptades a les condicions locals.<\/span><\/p>\n<p><img fetchpriority=\"high\" decoding=\"async\" class=\"alignnone wp-image-2300\" src=\"https:\/\/teodorabcn.com\/wp-content\/uploads\/2024\/09\/Plantas-Exterior-Resistentes-2-300x169.jpg\" alt=\"Plantas Exterior Resistentes\" width=\"1344\" height=\"757\" srcset=\"https:\/\/teodorabcn.com\/wp-content\/uploads\/2024\/09\/Plantas-Exterior-Resistentes-2-300x169.jpg 300w, https:\/\/teodorabcn.com\/wp-content\/uploads\/2024\/09\/Plantas-Exterior-Resistentes-2-1024x576.jpg 1024w, https:\/\/teodorabcn.com\/wp-content\/uploads\/2024\/09\/Plantas-Exterior-Resistentes-2-768x432.jpg 768w, https:\/\/teodorabcn.com\/wp-content\/uploads\/2024\/09\/Plantas-Exterior-Resistentes-2-1536x864.jpg 1536w, https:\/\/teodorabcn.com\/wp-content\/uploads\/2024\/09\/Plantas-Exterior-Resistentes-2-18x10.jpg 18w, https:\/\/teodorabcn.com\/wp-content\/uploads\/2024\/09\/Plantas-Exterior-Resistentes-2.jpg 1920w\" sizes=\"(max-width: 1344px) 100vw, 1344px\" \/><\/p>\n<p>&nbsp;<\/p>\n<h2><span style=\"font-weight: 400;\">Consideracions per al disseny de terrasses<\/span><\/h2>\n<p><span style=\"font-weight: 400;\">En dissenyar una terrassa, hem de considerar diversos factors per a assegurar-se que les plantes seleccionades puguin prosperar.<\/span><\/p>\n<p>&nbsp;<\/p>\n<h3><span style=\"font-weight: 400;\">Exposici\u00f3 al sol i al vent<\/span><\/h3>\n<p><span style=\"font-weight: 400;\">L' <\/span><b>solar<\/b><span style=\"font-weight: 400;\"> \u00e9s un dels elements m\u00e9s cr\u00edtics. Per exemple, les terrasses orientades al sud reben una gran quantitat de llum solar directa, pel que es recomanen plantes que puguin tolerar el sol ple, com a suculentes, cactus i herbes arom\u00e0tiques. En canvi, per a terrasses amb menys llum, com les orientades al nord, \u00e9s millor optar per plantes que prefereixin l'ombra parcial, com falgueres i algunes esp\u00e8cies d'heura.<\/span><\/p>\n<p><span style=\"font-weight: 400;\">Un altre aspecte clau \u00e9s el <\/span><b>vent<\/b><span style=\"font-weight: 400;\">. Les terrasses, especialment les situades en pisos alts, poden estar exposades a corrents d'aire forts. En aquests casos, \u00e9s recomanable seleccionar plantes resistents que puguin suportar aquestes condicions, com a bamb\u00fas nans o plantes amb fullatge dens que ajudin a reduir l'impacte del vent.<\/span><\/p>\n<p><img decoding=\"async\" class=\"alignnone wp-image-2299\" src=\"https:\/\/teodorabcn.com\/wp-content\/uploads\/2024\/09\/Plantas-Exterior-Resistentes-3-300x169.jpg\" alt=\"\" width=\"1367\" height=\"770\" srcset=\"https:\/\/teodorabcn.com\/wp-content\/uploads\/2024\/09\/Plantas-Exterior-Resistentes-3-300x169.jpg 300w, https:\/\/teodorabcn.com\/wp-content\/uploads\/2024\/09\/Plantas-Exterior-Resistentes-3-1024x576.jpg 1024w, https:\/\/teodorabcn.com\/wp-content\/uploads\/2024\/09\/Plantas-Exterior-Resistentes-3-768x432.jpg 768w, https:\/\/teodorabcn.com\/wp-content\/uploads\/2024\/09\/Plantas-Exterior-Resistentes-3-1536x864.jpg 1536w, https:\/\/teodorabcn.com\/wp-content\/uploads\/2024\/09\/Plantas-Exterior-Resistentes-3-18x10.jpg 18w, https:\/\/teodorabcn.com\/wp-content\/uploads\/2024\/09\/Plantas-Exterior-Resistentes-3.jpg 1920w\" sizes=\"(max-width: 1367px) 100vw, 1367px\" \/><\/p>\n<p>&nbsp;<\/p>\n<h3><span style=\"font-weight: 400;\">\u00das de tests i jardineres<\/span><\/h3>\n<p><span style=\"font-weight: 400;\">L'\u00fas de testos i jardineres permeten un <\/span><b>major control sobre les condicions de creixement de les plantes<\/b><span style=\"font-weight: 400;\">. Addicionalment, tamb\u00e9 afegeix una<\/span><b> dimensi\u00f3 est\u00e8tica<\/b><span style=\"font-weight: 400;\"> a l'espai. Jugar amb les grand\u00e0ries i colors de les jardineres ens permet crear un entorn din\u00e0mic i visualment interessant. \u00c9s fonamental que aquestes comptin amb <\/span><b>bon drenatge <\/b><span style=\"font-weight: 400;\">per a evitar l'embassada i assegurar la salut de les plantes.<\/span><\/p>\n<p><span style=\"font-weight: 400;\">Algunes plantes resistents ideals per a testos i jardineres inclouen la <\/span><b>esp\u00edgol<\/b><span style=\"font-weight: 400;\">, que aporta aroma i color, i el <\/span><b>roman\u00ed<\/b><span style=\"font-weight: 400;\">, que a m\u00e9s \u00e9s \u00fatil en la cuina. Les suculentes, com <\/span><b>l'\u00e0loe vera<\/b><span style=\"font-weight: 400;\"> i la <\/span><b>l\u2019echeveria<\/b><span style=\"font-weight: 400;\">, s\u00f3n perfectes per a llocs assolellats i requereixen poc reg. En \u00e0rees amb ombra parcial, les <\/span><b>falgueres<\/b><span style=\"font-weight: 400;\"> i les <\/span><b>beg\u00f2nies <\/b><span style=\"font-weight: 400;\">funcionen b\u00e9, aportant un toc de verd abundant. Aquestes plantes no sols s'adapten b\u00e9 a diferents condicions, sin\u00f3 que tamb\u00e9 contribueixen a un ambient acollidor i natural en l'espai exterior.<\/span><\/p>\n<p><img decoding=\"async\" class=\"alignnone wp-image-2298\" src=\"https:\/\/teodorabcn.com\/wp-content\/uploads\/2024\/09\/Plantas-Exterior-Resistentes-4-300x169.jpg\" alt=\"Plantas Exterior Resistentes\" width=\"1443\" height=\"813\" srcset=\"https:\/\/teodorabcn.com\/wp-content\/uploads\/2024\/09\/Plantas-Exterior-Resistentes-4-300x169.jpg 300w, https:\/\/teodorabcn.com\/wp-content\/uploads\/2024\/09\/Plantas-Exterior-Resistentes-4-1024x576.jpg 1024w, https:\/\/teodorabcn.com\/wp-content\/uploads\/2024\/09\/Plantas-Exterior-Resistentes-4-768x432.jpg 768w, https:\/\/teodorabcn.com\/wp-content\/uploads\/2024\/09\/Plantas-Exterior-Resistentes-4-1536x864.jpg 1536w, https:\/\/teodorabcn.com\/wp-content\/uploads\/2024\/09\/Plantas-Exterior-Resistentes-4-18x10.jpg 18w, https:\/\/teodorabcn.com\/wp-content\/uploads\/2024\/09\/Plantas-Exterior-Resistentes-4.jpg 1920w\" sizes=\"(max-width: 1443px) 100vw, 1443px\" \/><\/p>\n<p>&nbsp;<\/p>\n<h3><span style=\"font-weight: 400;\">Manteniment i cuidat<\/span><\/h3>\n<p><span style=\"font-weight: 400;\">Un dels majors beneficis d'utilitzar plantes d'exterior resistents \u00e9s la <\/span><b>reducci\u00f3 en el temps i esfor\u00e7 necessari per al seu manteniment<\/b><span style=\"font-weight: 400;\">. Tanmateix, aix\u00f2 no significa que puguin ser descurades per complet. El<\/span><b> reg<\/b><span style=\"font-weight: 400;\"> \u00e9s particularment important, especialment per a plantes en testos, ja que tendeixen a assecar-se m\u00e9s r\u00e0pid que les plantades en el s\u00f2l. \u00c9s recomanable regar d'hora en el mat\u00ed o al final del dia per a minimitzar l'evaporaci\u00f3. A m\u00e9s, ser\u00e0 necessari considerar <\/span><b>l'\u00fas de fertilitzants i poda <\/b><span style=\"font-weight: 400;\">segons sigui necessari per a mantenir la forma i el vigor de les plantes.<\/span><\/p>\n<p><img loading=\"lazy\" decoding=\"async\" class=\"alignnone wp-image-2297\" src=\"https:\/\/teodorabcn.com\/wp-content\/uploads\/2024\/09\/Plantas-de-exterior-resistentes-300x169.jpg\" alt=\"\" width=\"1431\" height=\"806\" srcset=\"https:\/\/teodorabcn.com\/wp-content\/uploads\/2024\/09\/Plantas-de-exterior-resistentes-300x169.jpg 300w, https:\/\/teodorabcn.com\/wp-content\/uploads\/2024\/09\/Plantas-de-exterior-resistentes-1024x576.jpg 1024w, https:\/\/teodorabcn.com\/wp-content\/uploads\/2024\/09\/Plantas-de-exterior-resistentes-768x432.jpg 768w, https:\/\/teodorabcn.com\/wp-content\/uploads\/2024\/09\/Plantas-de-exterior-resistentes-1536x864.jpg 1536w, https:\/\/teodorabcn.com\/wp-content\/uploads\/2024\/09\/Plantas-de-exterior-resistentes-18x10.jpg 18w, https:\/\/teodorabcn.com\/wp-content\/uploads\/2024\/09\/Plantas-de-exterior-resistentes.jpg 1920w\" sizes=\"(max-width: 1431px) 100vw, 1431px\" \/><\/p>\n<p>&nbsp;<\/p>\n<h3><span style=\"font-weight: 400;\">Integraci\u00f3 amb la il\u00b7luminaci\u00f3 i el mobiliari<\/span><\/h3>\n<p><span style=\"font-weight: 400;\">Les plantes resistents serveixen per a decorar, i alhora<\/span><b> combinen amb altres elements decoratius per a crear un ambient m\u00e9s complet i acollidor<\/b><span style=\"font-weight: 400;\">.<\/span><\/p>\n<p><span style=\"font-weight: 400;\">A Teodora Exteriorisme cuidem elements essencials com <\/span><b>la il\u00b7luminaci\u00f3 i el mobiliari<\/b><span style=\"font-weight: 400;\"> del jard\u00ed, que complementen la vegetaci\u00f3 i milloren la funcionalitat de l'espai. Per exemple, amb la il\u00b7luminaci\u00f3 podem real\u00e7ar la bellesa de les plantes durant la nit i crear una atmosfera c\u00e0lida i acollidora. La combinaci\u00f3 de llums estrat\u00e8gicament col\u00b7locades ressalta les caracter\u00edstiques de les plantes i el disseny del jard\u00ed, i tamb\u00e9 proporciona seguretat i confort en transformar l'espai en un lloc agradable a qualsevol hora del dia.<\/span><\/p>\n<p><img loading=\"lazy\" decoding=\"async\" class=\"alignnone wp-image-2296\" src=\"https:\/\/teodorabcn.com\/wp-content\/uploads\/2024\/09\/Plantas-Exterior-Resistentes-5-300x169.jpg\" alt=\"\" width=\"1369\" height=\"771\" srcset=\"https:\/\/teodorabcn.com\/wp-content\/uploads\/2024\/09\/Plantas-Exterior-Resistentes-5-300x169.jpg 300w, https:\/\/teodorabcn.com\/wp-content\/uploads\/2024\/09\/Plantas-Exterior-Resistentes-5-1024x576.jpg 1024w, https:\/\/teodorabcn.com\/wp-content\/uploads\/2024\/09\/Plantas-Exterior-Resistentes-5-768x432.jpg 768w, https:\/\/teodorabcn.com\/wp-content\/uploads\/2024\/09\/Plantas-Exterior-Resistentes-5-1536x864.jpg 1536w, https:\/\/teodorabcn.com\/wp-content\/uploads\/2024\/09\/Plantas-Exterior-Resistentes-5-18x10.jpg 18w, https:\/\/teodorabcn.com\/wp-content\/uploads\/2024\/09\/Plantas-Exterior-Resistentes-5.jpg 1920w\" sizes=\"(max-width: 1369px) 100vw, 1369px\" \/><\/p>\n<p>&nbsp;<\/p>\n<h3><span style=\"font-weight: 400;\">Sostenibilitat i responsabilitat ambiental<\/span><\/h3>\n<p><span style=\"font-weight: 400;\">Per a decorar el teu jard\u00ed o terrassa amb plantes resistents de manera reeixida, ser\u00e0 necessari<\/span><b> aplicar pr\u00e0ctiques de disseny sostenibles i responsables<\/b><span style=\"font-weight: 400;\">. Aix\u00f2 inclou seleccionar plantes que no sols siguin est\u00e8ticament agradables i funcionals, sin\u00f3 tamb\u00e9 respectuoses amb el medi ambient. Optar sempre que sigui possible per esp\u00e8cies natives i adaptades localment, ja que requereixen menys recursos i tenen un impacte positiu en l'ecosistema local.<\/span><\/p>\n<p><img loading=\"lazy\" decoding=\"async\" class=\"alignnone wp-image-2295\" src=\"https:\/\/teodorabcn.com\/wp-content\/uploads\/2024\/09\/Plantas-de-exterior-resistentes-2-300x169.jpg\" alt=\"\" width=\"1369\" height=\"771\" srcset=\"https:\/\/teodorabcn.com\/wp-content\/uploads\/2024\/09\/Plantas-de-exterior-resistentes-2-300x169.jpg 300w, https:\/\/teodorabcn.com\/wp-content\/uploads\/2024\/09\/Plantas-de-exterior-resistentes-2-1024x576.jpg 1024w, https:\/\/teodorabcn.com\/wp-content\/uploads\/2024\/09\/Plantas-de-exterior-resistentes-2-768x432.jpg 768w, https:\/\/teodorabcn.com\/wp-content\/uploads\/2024\/09\/Plantas-de-exterior-resistentes-2-1536x864.jpg 1536w, https:\/\/teodorabcn.com\/wp-content\/uploads\/2024\/09\/Plantas-de-exterior-resistentes-2-18x10.jpg 18w, https:\/\/teodorabcn.com\/wp-content\/uploads\/2024\/09\/Plantas-de-exterior-resistentes-2.jpg 1920w\" sizes=\"(max-width: 1369px) 100vw, 1369px\" \/><\/p>\n<p>&nbsp;<\/p>\n<p><span style=\"font-weight: 400;\">L'\u00fas de plantes resistents \u00e9s una estrat\u00e8gia fonamental en el disseny de jardins i terrasses. Aquestes plantes ofereixen una <\/span><b>soluci\u00f3 pr\u00e0ctica i de baix manteniment<\/b><span style=\"font-weight: 400;\">, tot<\/span><b> millorant l'est\u00e8tica i la funcionalitat dels espais exteriors<\/b><span style=\"font-weight: 400;\">. Des de <\/span><a href=\"https:\/\/teodorabcn.com\/ca\/\"><span style=\"font-weight: 400;\">Teodora<\/span><\/a><span style=\"font-weight: 400;\"> podem ajudar-te a decorar els teus espais amb plantes que s'ajustin a les teves necessitats i estil de vida.<\/span><\/p>","protected":false},"excerpt":{"rendered":"<p>Las plantas son una opci\u00f3n ideal para a\u00f1adir vida y color a cualquier patio, jard\u00edn o terraza. Todas las plantas son de exterior, pero a la hora de elegirlas, es fundamental considerar su resistencia a diversas condiciones clim\u00e1ticas. Se consideran plantas de exterior resistentes aquellas que pueden adaptarse a cambios de temperatura, exposici\u00f3n al sol [&hellip;]<\/p>","protected":false},"author":4,"featured_media":2889,"comment_status":"closed","ping_status":"closed","sticky":false,"template":"","format":"standard","meta":{"footnotes":""},"categories":[1],"tags":[],"class_list":["post-2294","post","type-post","status-publish","format-standard","has-post-thumbnail","hentry","category-sin-categorizar"],"yoast_head":"<!-- This site is optimized with the Yoast SEO plugin v26.6 - https:\/\/yoast.com\/wordpress\/plugins\/seo\/ -->\n<title>Plantas de exterior resistentes en terrazas urbanas: la gu\u00eda definitiva - Teodora<\/title>\n<meta name=\"description\" content=\"A\u00f1ade vida y color a tu jard\u00edn con plantas de exterior resistentes, que sean capaces de adaptarse a diversas condiciones clim\u00e1ticas.\" \/>\n<meta name=\"robots\" content=\"index, follow, max-snippet:-1, max-image-preview:large, max-video-preview:-1\" \/>\n<link rel=\"canonical\" href=\"https:\/\/teodorabcn.com\/ca\/plantas-de-exterior-resistentes\/\" \/>\n<meta property=\"og:locale\" content=\"ca_ES\" \/>\n<meta property=\"og:type\" content=\"article\" \/>\n<meta property=\"og:title\" content=\"Plantas de exterior resistentes en terrazas urbanas: la gu\u00eda definitiva - Teodora\" \/>\n<meta property=\"og:description\" content=\"A\u00f1ade vida y color a tu jard\u00edn con plantas de exterior resistentes, que sean capaces de adaptarse a diversas condiciones clim\u00e1ticas.\" \/>\n<meta property=\"og:url\" content=\"https:\/\/teodorabcn.com\/ca\/plantas-de-exterior-resistentes\/\" \/>\n<meta property=\"og:site_name\" content=\"Teodora\" \/>\n<meta property=\"article:publisher\" content=\"https:\/\/www.facebook.com\/profile.php?id=61550838347854\" \/>\n<meta property=\"article:published_time\" content=\"2024-06-03T07:45:38+00:00\" \/>\n<meta property=\"article:modified_time\" content=\"2025-04-09T09:04:58+00:00\" \/>\n<meta property=\"og:image\" content=\"https:\/\/teodorabcn.com\/wp-content\/uploads\/2024\/06\/Plantas-Exterior-Resistentes.jpg\" \/>\n\t<meta property=\"og:image:width\" content=\"1920\" \/>\n\t<meta property=\"og:image:height\" content=\"1080\" \/>\n\t<meta property=\"og:image:type\" content=\"image\/jpeg\" \/>\n<meta name=\"author\" content=\"Borja\" \/>\n<meta name=\"twitter:card\" content=\"summary_large_image\" \/>\n<meta name=\"twitter:label1\" content=\"Escrit per\" \/>\n\t<meta name=\"twitter:data1\" content=\"Borja\" \/>\n\t<meta name=\"twitter:label2\" content=\"Temps estimat de lectura\" \/>\n\t<meta name=\"twitter:data2\" content=\"7 minuts\" \/>\n<script type=\"application\/ld+json\" class=\"yoast-schema-graph\">{\"@context\":\"https:\/\/schema.org\",\"@graph\":[{\"@type\":\"Article\",\"@id\":\"https:\/\/teodorabcn.com\/plantas-de-exterior-resistentes\/#article\",\"isPartOf\":{\"@id\":\"https:\/\/teodorabcn.com\/plantas-de-exterior-resistentes\/\"},\"author\":{\"name\":\"Borja\",\"@id\":\"https:\/\/teodorabcn.com\/#\/schema\/person\/37a86a5b0fcaa1c21abddf6adb873561\"},\"headline\":\"Plantas de exterior resistentes en terrazas urbanas: la gu\u00eda definitiva\",\"datePublished\":\"2024-06-03T07:45:38+00:00\",\"dateModified\":\"2025-04-09T09:04:58+00:00\",\"mainEntityOfPage\":{\"@id\":\"https:\/\/teodorabcn.com\/plantas-de-exterior-resistentes\/\"},\"wordCount\":1191,\"publisher\":{\"@id\":\"https:\/\/teodorabcn.com\/#organization\"},\"image\":{\"@id\":\"https:\/\/teodorabcn.com\/plantas-de-exterior-resistentes\/#primaryimage\"},\"thumbnailUrl\":\"https:\/\/teodorabcn.com\/wp-content\/uploads\/2024\/06\/Plantas-Exterior-Resistentes.jpg\",\"articleSection\":[\"Sin categorizar\"],\"inLanguage\":\"ca\"},{\"@type\":\"WebPage\",\"@id\":\"https:\/\/teodorabcn.com\/plantas-de-exterior-resistentes\/\",\"url\":\"https:\/\/teodorabcn.com\/plantas-de-exterior-resistentes\/\",\"name\":\"Plantas de exterior resistentes en terrazas urbanas: la gu\u00eda definitiva - Teodora\",\"isPartOf\":{\"@id\":\"https:\/\/teodorabcn.com\/#website\"},\"primaryImageOfPage\":{\"@id\":\"https:\/\/teodorabcn.com\/plantas-de-exterior-resistentes\/#primaryimage\"},\"image\":{\"@id\":\"https:\/\/teodorabcn.com\/plantas-de-exterior-resistentes\/#primaryimage\"},\"thumbnailUrl\":\"https:\/\/teodorabcn.com\/wp-content\/uploads\/2024\/06\/Plantas-Exterior-Resistentes.jpg\",\"datePublished\":\"2024-06-03T07:45:38+00:00\",\"dateModified\":\"2025-04-09T09:04:58+00:00\",\"description\":\"A\u00f1ade vida y color a tu jard\u00edn con plantas de exterior resistentes, que sean capaces de adaptarse a diversas condiciones clim\u00e1ticas.\",\"breadcrumb\":{\"@id\":\"https:\/\/teodorabcn.com\/plantas-de-exterior-resistentes\/#breadcrumb\"},\"inLanguage\":\"ca\",\"potentialAction\":[{\"@type\":\"ReadAction\",\"target\":[\"https:\/\/teodorabcn.com\/plantas-de-exterior-resistentes\/\"]}]},{\"@type\":\"ImageObject\",\"inLanguage\":\"ca\",\"@id\":\"https:\/\/teodorabcn.com\/plantas-de-exterior-resistentes\/#primaryimage\",\"url\":\"https:\/\/teodorabcn.com\/wp-content\/uploads\/2024\/06\/Plantas-Exterior-Resistentes.jpg\",\"contentUrl\":\"https:\/\/teodorabcn.com\/wp-content\/uploads\/2024\/06\/Plantas-Exterior-Resistentes.jpg\",\"width\":1920,\"height\":1080,\"caption\":\"Plantas Exterior Resistentes\"},{\"@type\":\"BreadcrumbList\",\"@id\":\"https:\/\/teodorabcn.com\/plantas-de-exterior-resistentes\/#breadcrumb\",\"itemListElement\":[{\"@type\":\"ListItem\",\"position\":1,\"name\":\"Portada\",\"item\":\"https:\/\/teodorabcn.com\/\"},{\"@type\":\"ListItem\",\"position\":2,\"name\":\"Plantas de exterior resistentes en terrazas urbanas: la gu\u00eda definitiva\"}]},{\"@type\":\"WebSite\",\"@id\":\"https:\/\/teodorabcn.com\/#website\",\"url\":\"https:\/\/teodorabcn.com\/\",\"name\":\"Teodora Exteriorismo\",\"description\":\"Creamos terrazas y jardines con car\u00e1cter.\",\"publisher\":{\"@id\":\"https:\/\/teodorabcn.com\/#organization\"},\"alternateName\":\"Teodora\",\"potentialAction\":[{\"@type\":\"SearchAction\",\"target\":{\"@type\":\"EntryPoint\",\"urlTemplate\":\"https:\/\/teodorabcn.com\/?s={search_term_string}\"},\"query-input\":{\"@type\":\"PropertyValueSpecification\",\"valueRequired\":true,\"valueName\":\"search_term_string\"}}],\"inLanguage\":\"ca\"},{\"@type\":\"Organization\",\"@id\":\"https:\/\/teodorabcn.com\/#organization\",\"name\":\"Teodora Exteriorismo\",\"alternateName\":\"Teodora\",\"url\":\"https:\/\/teodorabcn.com\/\",\"logo\":{\"@type\":\"ImageObject\",\"inLanguage\":\"ca\",\"@id\":\"https:\/\/teodorabcn.com\/#\/schema\/logo\/image\/\",\"url\":\"https:\/\/teodorabcn.com\/wp-content\/uploads\/2023\/10\/Teodora_logo-_EXT-Ok-ESP-e1706538305612.jpg\",\"contentUrl\":\"https:\/\/teodorabcn.com\/wp-content\/uploads\/2023\/10\/Teodora_logo-_EXT-Ok-ESP-e1706538305612.jpg\",\"width\":1540,\"height\":573,\"caption\":\"Teodora Exteriorismo\"},\"image\":{\"@id\":\"https:\/\/teodorabcn.com\/#\/schema\/logo\/image\/\"},\"sameAs\":[\"https:\/\/www.facebook.com\/profile.php?id=61550838347854\",\"https:\/\/www.instagram.com\/teodora.exteriorismo\/?hl=es\",\"https:\/\/www.pinterest.es\/teodora_exteriorismo\/\",\"https:\/\/www.linkedin.com\/company\/teodora-bcn-exteriorismo\/\"]},{\"@type\":\"Person\",\"@id\":\"https:\/\/teodorabcn.com\/#\/schema\/person\/37a86a5b0fcaa1c21abddf6adb873561\",\"name\":\"Borja\",\"image\":{\"@type\":\"ImageObject\",\"inLanguage\":\"ca\",\"@id\":\"https:\/\/teodorabcn.com\/#\/schema\/person\/image\/\",\"url\":\"https:\/\/secure.gravatar.com\/avatar\/f2ed8804c3ff9ca239d6113506ad4c491ff583257ff77ddc6f23de01c3303c6c?s=96&d=mm&r=g\",\"contentUrl\":\"https:\/\/secure.gravatar.com\/avatar\/f2ed8804c3ff9ca239d6113506ad4c491ff583257ff77ddc6f23de01c3303c6c?s=96&d=mm&r=g\",\"caption\":\"Borja\"},\"url\":\"https:\/\/teodorabcn.com\/ca\/author\/borja\/\"}]}<\/script>\n<!-- \/ Yoast SEO plugin. -->","yoast_head_json":{"title":"Plantas de exterior resistentes en terrazas urbanas: la gu\u00eda definitiva - Teodora","description":"A\u00f1ade vida y color a tu jard\u00edn con plantas de exterior resistentes, que sean capaces de adaptarse a diversas condiciones clim\u00e1ticas.","robots":{"index":"index","follow":"follow","max-snippet":"max-snippet:-1","max-image-preview":"max-image-preview:large","max-video-preview":"max-video-preview:-1"},"canonical":"https:\/\/teodorabcn.com\/ca\/plantas-de-exterior-resistentes\/","og_locale":"ca_ES","og_type":"article","og_title":"Plantas de exterior resistentes en terrazas urbanas: la gu\u00eda definitiva - Teodora","og_description":"A\u00f1ade vida y color a tu jard\u00edn con plantas de exterior resistentes, que sean capaces de adaptarse a diversas condiciones clim\u00e1ticas.","og_url":"https:\/\/teodorabcn.com\/ca\/plantas-de-exterior-resistentes\/","og_site_name":"Teodora","article_publisher":"https:\/\/www.facebook.com\/profile.php?id=61550838347854","article_published_time":"2024-06-03T07:45:38+00:00","article_modified_time":"2025-04-09T09:04:58+00:00","og_image":[{"width":1920,"height":1080,"url":"https:\/\/teodorabcn.com\/wp-content\/uploads\/2024\/06\/Plantas-Exterior-Resistentes.jpg","type":"image\/jpeg"}],"author":"Borja","twitter_card":"summary_large_image","twitter_misc":{"Escrit per":"Borja","Temps estimat de lectura":"7 minuts"},"schema":{"@context":"https:\/\/schema.org","@graph":[{"@type":"Article","@id":"https:\/\/teodorabcn.com\/plantas-de-exterior-resistentes\/#article","isPartOf":{"@id":"https:\/\/teodorabcn.com\/plantas-de-exterior-resistentes\/"},"author":{"name":"Borja","@id":"https:\/\/teodorabcn.com\/#\/schema\/person\/37a86a5b0fcaa1c21abddf6adb873561"},"headline":"Plantas de exterior resistentes en terrazas urbanas: la gu\u00eda definitiva","datePublished":"2024-06-03T07:45:38+00:00","dateModified":"2025-04-09T09:04:58+00:00","mainEntityOfPage":{"@id":"https:\/\/teodorabcn.com\/plantas-de-exterior-resistentes\/"},"wordCount":1191,"publisher":{"@id":"https:\/\/teodorabcn.com\/#organization"},"image":{"@id":"https:\/\/teodorabcn.com\/plantas-de-exterior-resistentes\/#primaryimage"},"thumbnailUrl":"https:\/\/teodorabcn.com\/wp-content\/uploads\/2024\/06\/Plantas-Exterior-Resistentes.jpg","articleSection":["Sin categorizar"],"inLanguage":"ca"},{"@type":"WebPage","@id":"https:\/\/teodorabcn.com\/plantas-de-exterior-resistentes\/","url":"https:\/\/teodorabcn.com\/plantas-de-exterior-resistentes\/","name":"Plantas de exterior resistentes en terrazas urbanas: la gu\u00eda definitiva - Teodora","isPartOf":{"@id":"https:\/\/teodorabcn.com\/#website"},"primaryImageOfPage":{"@id":"https:\/\/teodorabcn.com\/plantas-de-exterior-resistentes\/#primaryimage"},"image":{"@id":"https:\/\/teodorabcn.com\/plantas-de-exterior-resistentes\/#primaryimage"},"thumbnailUrl":"https:\/\/teodorabcn.com\/wp-content\/uploads\/2024\/06\/Plantas-Exterior-Resistentes.jpg","datePublished":"2024-06-03T07:45:38+00:00","dateModified":"2025-04-09T09:04:58+00:00","description":"A\u00f1ade vida y color a tu jard\u00edn con plantas de exterior resistentes, que sean capaces de adaptarse a diversas condiciones clim\u00e1ticas.","breadcrumb":{"@id":"https:\/\/teodorabcn.com\/plantas-de-exterior-resistentes\/#breadcrumb"},"inLanguage":"ca","potentialAction":[{"@type":"ReadAction","target":["https:\/\/teodorabcn.com\/plantas-de-exterior-resistentes\/"]}]},{"@type":"ImageObject","inLanguage":"ca","@id":"https:\/\/teodorabcn.com\/plantas-de-exterior-resistentes\/#primaryimage","url":"https:\/\/teodorabcn.com\/wp-content\/uploads\/2024\/06\/Plantas-Exterior-Resistentes.jpg","contentUrl":"https:\/\/teodorabcn.com\/wp-content\/uploads\/2024\/06\/Plantas-Exterior-Resistentes.jpg","width":1920,"height":1080,"caption":"Plantas Exterior Resistentes"},{"@type":"BreadcrumbList","@id":"https:\/\/teodorabcn.com\/plantas-de-exterior-resistentes\/#breadcrumb","itemListElement":[{"@type":"ListItem","position":1,"name":"Portada","item":"https:\/\/teodorabcn.com\/"},{"@type":"ListItem","position":2,"name":"Plantas de exterior resistentes en terrazas urbanas: la gu\u00eda definitiva"}]},{"@type":"WebSite","@id":"https:\/\/teodorabcn.com\/#website","url":"https:\/\/teodorabcn.com\/","name":"Teodora Exteriorisme","description":"Creamos terrazas y jardines con car\u00e1cter.","publisher":{"@id":"https:\/\/teodorabcn.com\/#organization"},"alternateName":"Teodora","potentialAction":[{"@type":"SearchAction","target":{"@type":"EntryPoint","urlTemplate":"https:\/\/teodorabcn.com\/?s={search_term_string}"},"query-input":{"@type":"PropertyValueSpecification","valueRequired":true,"valueName":"search_term_string"}}],"inLanguage":"ca"},{"@type":"Organization","@id":"https:\/\/teodorabcn.com\/#organization","name":"Teodora Exteriorisme","alternateName":"Teodora","url":"https:\/\/teodorabcn.com\/","logo":{"@type":"ImageObject","inLanguage":"ca","@id":"https:\/\/teodorabcn.com\/#\/schema\/logo\/image\/","url":"https:\/\/teodorabcn.com\/wp-content\/uploads\/2023\/10\/Teodora_logo-_EXT-Ok-ESP-e1706538305612.jpg","contentUrl":"https:\/\/teodorabcn.com\/wp-content\/uploads\/2023\/10\/Teodora_logo-_EXT-Ok-ESP-e1706538305612.jpg","width":1540,"height":573,"caption":"Teodora Exteriorismo"},"image":{"@id":"https:\/\/teodorabcn.com\/#\/schema\/logo\/image\/"},"sameAs":["https:\/\/www.facebook.com\/profile.php?id=61550838347854","https:\/\/www.instagram.com\/teodora.exteriorismo\/?hl=es","https:\/\/www.pinterest.es\/teodora_exteriorismo\/","https:\/\/www.linkedin.com\/company\/teodora-bcn-exteriorismo\/"]},{"@type":"Person","@id":"https:\/\/teodorabcn.com\/#\/schema\/person\/37a86a5b0fcaa1c21abddf6adb873561","name":"Borja","image":{"@type":"ImageObject","inLanguage":"ca","@id":"https:\/\/teodorabcn.com\/#\/schema\/person\/image\/","url":"https:\/\/secure.gravatar.com\/avatar\/f2ed8804c3ff9ca239d6113506ad4c491ff583257ff77ddc6f23de01c3303c6c?s=96&d=mm&r=g","contentUrl":"https:\/\/secure.gravatar.com\/avatar\/f2ed8804c3ff9ca239d6113506ad4c491ff583257ff77ddc6f23de01c3303c6c?s=96&d=mm&r=g","caption":"Borja"},"url":"https:\/\/teodorabcn.com\/ca\/author\/borja\/"}]}},"_links":{"self":[{"href":"https:\/\/teodorabcn.com\/ca\/wp-json\/wp\/v2\/posts\/2294","targetHints":{"allow":["GET"]}}],"collection":[{"href":"https:\/\/teodorabcn.com\/ca\/wp-json\/wp\/v2\/posts"}],"about":[{"href":"https:\/\/teodorabcn.com\/ca\/wp-json\/wp\/v2\/types\/post"}],"author":[{"embeddable":true,"href":"https:\/\/teodorabcn.com\/ca\/wp-json\/wp\/v2\/users\/4"}],"replies":[{"embeddable":true,"href":"https:\/\/teodorabcn.com\/ca\/wp-json\/wp\/v2\/comments?post=2294"}],"version-history":[{"count":1,"href":"https:\/\/teodorabcn.com\/ca\/wp-json\/wp\/v2\/posts\/2294\/revisions"}],"predecessor-version":[{"id":2302,"href":"https:\/\/teodorabcn.com\/ca\/wp-json\/wp\/v2\/posts\/2294\/revisions\/2302"}],"wp:featuredmedia":[{"embeddable":true,"href":"https:\/\/teodorabcn.com\/ca\/wp-json\/wp\/v2\/media\/2889"}],"wp:attachment":[{"href":"https:\/\/teodorabcn.com\/ca\/wp-json\/wp\/v2\/media?parent=2294"}],"wp:term":[{"taxonomy":"category","embeddable":true,"href":"https:\/\/teodorabcn.com\/ca\/wp-json\/wp\/v2\/categories?post=2294"},{"taxonomy":"post_tag","embeddable":true,"href":"https:\/\/teodorabcn.com\/ca\/wp-json\/wp\/v2\/tags?post=2294"}],"curies":[{"name":"wp","href":"https:\/\/api.w.org\/{rel}","templated":true}]}}