{"id":1975,"date":"2024-03-05T09:37:34","date_gmt":"2024-03-05T08:37:34","guid":{"rendered":"https:\/\/teodorabcn.com\/?p=1975"},"modified":"2025-03-19T11:48:44","modified_gmt":"2025-03-19T10:48:44","slug":"12-consejos-para-decoracion-de-jardines-pequenos-y-terrazas","status":"publish","type":"post","link":"https:\/\/teodorabcn.com\/ca\/12-consejos-para-decoracion-de-jardines-pequenos-y-terrazas\/","title":{"rendered":"12 consells per a la decoraci\u00f3 de jardins petits i terrasses"},"content":{"rendered":"<p><span style=\"font-weight: 400;\">El <\/span><b>disseny de terrasses i jardins <\/b><span style=\"font-weight: 400;\">nom\u00e9s necessita un toc de creativitat i uns <\/span><b>coneixements b\u00e0sics d\u2019exteriorisme <\/b><span style=\"font-weight: 400;\">per a crear espais encantadors i acollidors. En aquest article, explorarem una s\u00e8rie de consells per a la decoraci\u00f3 de jardins petits i terrasses. En general, seran idees que\u00a0<\/span><span style=\"font-weight: 400;\">t'ajudaran a <strong>fer realitat tot all\u00f2 que t'agradaria tenir a prop quan est\u00e0s a l'aire lliure<\/strong> i que millor s'adapta a l'arquitectura del teu espai.<\/span><br \/>\n<b><\/b><\/p>\n<p>&nbsp;<\/p>\n<h2><b>Consell 1. Distribuci\u00f3 de zones<\/b><\/h2>\n<p><span style=\"font-weight: 400;\">Distribueix b\u00e9 els espais en funci\u00f3 de les <strong>necessitats<\/strong>: zona menjador, zona sal\u00f3 i zona sol\u00e0rium. Per a aix\u00f2 \u00e9s necessari con\u00e8ixer b\u00e9 les <strong>dimensions i estructura<\/strong> de la teva terrassa o jard\u00ed per a aprofitar al m\u00e0xim l'espai disponible.<\/span><\/p>\n<p><span style=\"font-weight: 400;\">Si no disposes de molt d'espai, haur\u00e0s de<strong> prioritzar<\/strong> <strong>les teves necessitats<\/strong> i optar solament per posar una zona menjador o una zona sal\u00f3, o realitzar totes dues zones i descartar solament la zona sol\u00e0rium. Si, per contra, la nostra terrassa \u00e9s de grans dimensions, podrem plantejar-nos fins i tot posar una dutxa o petita piscina al costat de la zona sol\u00e0rium o una barra de cuina amb barbacoa a prop del menjador exterior.<\/span><\/p>\n<p>&nbsp;<\/p>\n<h2><b>Consell 2. Distribuci\u00f3 en funci\u00f3 de l\u2019orientaci\u00f3<\/b><\/h2>\n<p><span style=\"font-weight: 400;\">La distribuci\u00f3 de les zones i el mobiliari s'ha de realitzar en funci\u00f3 de <strong>l'orientaci\u00f3 del nostre habitatge i el clima<\/strong> al qual estigui sotm\u00e8s. \u00c9s a dir, si \u00e9s una terrassa ombr\u00edvola, amb molt de sol o amb molt de vent.<\/span><\/p>\n<p>&nbsp;<\/p>\n<h2><b>Consell 3. Distribuci\u00f3 en funci\u00f3 de les vistes<\/b><\/h2>\n<p><span style=\"font-weight: 400;\"><strong>No s'han de tapar les vistes,<\/strong> si \u00e9s que la terrassa les t\u00e9, i intentar que la zona chill out estigui encarada cap a ella o almenys de manera lateral, mai d'esquena.<\/span><\/p>\n<p>&nbsp;<\/p>\n<p><img fetchpriority=\"high\" decoding=\"async\" class=\"alignnone wp-image-2003 size-full\" src=\"https:\/\/teodorabcn.com\/wp-content\/uploads\/2024\/03\/terraza-turo-park-teodora-2.jpg\" alt=\"\" width=\"1275\" height=\"850\" srcset=\"https:\/\/teodorabcn.com\/wp-content\/uploads\/2024\/03\/terraza-turo-park-teodora-2.jpg 1275w, https:\/\/teodorabcn.com\/wp-content\/uploads\/2024\/03\/terraza-turo-park-teodora-2-300x200.jpg 300w, https:\/\/teodorabcn.com\/wp-content\/uploads\/2024\/03\/terraza-turo-park-teodora-2-1024x683.jpg 1024w, https:\/\/teodorabcn.com\/wp-content\/uploads\/2024\/03\/terraza-turo-park-teodora-2-768x512.jpg 768w, https:\/\/teodorabcn.com\/wp-content\/uploads\/2024\/03\/terraza-turo-park-teodora-2-18x12.jpg 18w\" sizes=\"(max-width: 1275px) 100vw, 1275px\" \/><\/p>\n<p>&nbsp;<\/p>\n<h2><b>Consell 4. Di\u00e0leg interior i exterior<\/b><\/h2>\n<p><span style=\"font-weight: 400;\">Intentar aconseguir el <strong>m\u00e0xim di\u00e0leg entre l'espai exterior i interior<\/strong> perqu\u00e8 des de dins del nostre habitatge gaudim tamb\u00e9 de la nostra terrassa, de la vegetaci\u00f3 i de la il\u00b7luminaci\u00f3 d'aquesta a la nit.<\/span><\/p>\n<p>&nbsp;<\/p>\n<h2><b>Consell 5. Vegetaci\u00f3 variada<\/b><\/h2>\n<p><span style=\"font-weight: 400;\">Tria diferents altures i grand\u00e0ries en les plantes de la teva terrassa per a <strong>crear profunditat visual.<\/strong> Arbustos, flors i arbres petits, poden coexistir harmoniosament. Aix\u00f2 fa que l'espai sembli m\u00e9s gran i que la teva terrassa sigui m\u00e9s acollidora.<\/span><\/p>\n<p>&nbsp;<\/p>\n<h2><b>Consell 6. Jardineres de fang<\/b><\/h2>\n<p><span style=\"font-weight: 400;\">En l\u00ednia amb el punt anterior, utilitza<strong> jardineres de diferents grand\u00e0ries<\/strong> <strong>per a<\/strong> <strong>donar dinamisme a les \u00e0rees enjardinades.<\/strong> Les jardineres de fang s\u00f3n els m\u00e9s naturals i els pots triar de diferents tons neutres, marrons i negres. Tamb\u00e9 pots optar per jardineres de fang esmaltats en colors m\u00e9s vius de diferents grand\u00e0ries.<\/span><\/p>\n<p>&nbsp;<\/p>\n<p><img decoding=\"async\" class=\"alignnone wp-image-2004 size-full\" src=\"https:\/\/teodorabcn.com\/wp-content\/uploads\/2024\/03\/terraza-pau-alcover-balcon.jpg\" alt=\"\" width=\"1273\" height=\"850\" srcset=\"https:\/\/teodorabcn.com\/wp-content\/uploads\/2024\/03\/terraza-pau-alcover-balcon.jpg 1273w, https:\/\/teodorabcn.com\/wp-content\/uploads\/2024\/03\/terraza-pau-alcover-balcon-300x200.jpg 300w, https:\/\/teodorabcn.com\/wp-content\/uploads\/2024\/03\/terraza-pau-alcover-balcon-1024x684.jpg 1024w, https:\/\/teodorabcn.com\/wp-content\/uploads\/2024\/03\/terraza-pau-alcover-balcon-768x513.jpg 768w, https:\/\/teodorabcn.com\/wp-content\/uploads\/2024\/03\/terraza-pau-alcover-balcon-18x12.jpg 18w\" sizes=\"(max-width: 1273px) 100vw, 1273px\" \/><\/p>\n<p>&nbsp;<\/p>\n<h2><b>Consell 7. Privacitat<\/b><\/h2>\n<p><span style=\"font-weight: 400;\">A moltes terrasses \u00e9s recomanable crear <strong>jardineres perimetrals<\/strong> amb plantes que ens aportar\u00e0 tant privacitat com m\u00e9s frescor i naturalesa. Aquestes es poden combinar amb plantes i arbustos en jardineres de diferents grand\u00e0ries. Una altra manera de crear privacitat \u00e9s <strong>fer un tancament o tanca amb llistons de fusta<\/strong> que tinguin separaci\u00f3 entre si i permetin el pas de la llum.\u00a0<\/span><\/p>\n<p>&nbsp;<\/p>\n<h2><b>Consell 8. Poc manteniment<\/b><\/h2>\n<p><span style=\"font-weight: 400;\">Tria plantes que <strong>s'adaptin b\u00e9 al clima<\/strong> de la teva terrassa o jard\u00ed i que no necessitin molt manteniment ni massa aigua. Si no vols realitzar manteniment anual de fustes tropicals, tria fustes sint\u00e8tiques d'aspecte molt natural, tant per al paviment com per a la p\u00e8rgola o fins i tot el chill out, si optes per un a mesura.<\/span><\/p>\n<p><span style=\"font-weight: 400;\">\u00a0<\/span><\/p>\n<h2><b>Consell 9. Reg<\/b><\/h2>\n<p><span style=\"font-weight: 400;\">Programa reg autom\u00e0tic a les zones vegetals per a assegurar-te el <strong>correcte manteniment de les plantes<\/strong> i aprofitament de l'aigua.<\/span><\/p>\n<p>&nbsp;<\/p>\n<p><img decoding=\"async\" class=\"alignnone wp-image-1992 size-full\" src=\"https:\/\/teodorabcn.com\/wp-content\/uploads\/2024\/03\/Teodota_Bcn_Sept_I_042_BR.jpg\" alt=\"Teodora decoraci\u00f3n terrazas peque\u00f1as\" width=\"1654\" height=\"1104\" srcset=\"https:\/\/teodorabcn.com\/wp-content\/uploads\/2024\/03\/Teodota_Bcn_Sept_I_042_BR.jpg 1654w, https:\/\/teodorabcn.com\/wp-content\/uploads\/2024\/03\/Teodota_Bcn_Sept_I_042_BR-300x200.jpg 300w, https:\/\/teodorabcn.com\/wp-content\/uploads\/2024\/03\/Teodota_Bcn_Sept_I_042_BR-1024x683.jpg 1024w, https:\/\/teodorabcn.com\/wp-content\/uploads\/2024\/03\/Teodota_Bcn_Sept_I_042_BR-768x513.jpg 768w, https:\/\/teodorabcn.com\/wp-content\/uploads\/2024\/03\/Teodota_Bcn_Sept_I_042_BR-1536x1025.jpg 1536w, https:\/\/teodorabcn.com\/wp-content\/uploads\/2024\/03\/Teodota_Bcn_Sept_I_042_BR-18x12.jpg 18w\" sizes=\"(max-width: 1654px) 100vw, 1654px\" \/><\/p>\n<p>&nbsp;<\/p>\n<h2><b>Consell 10. Selecci\u00f3 de materiales<\/b><\/h2>\n<p><span style=\"font-weight: 400;\">Atreveix-te a barrejar diferents materials i textures per a la realitzaci\u00f3 de la terrassa o jard\u00ed (p\u00e8rgoles, paviments i mobiliari). <strong>Combina materials naturals amb altres sint\u00e8tics de major durabilitat.<\/strong> Amb l'elecci\u00f3 del mobiliari i els t\u00e8xtils pots aportar personalitat i car\u00e0cter a la teva terrassa.<\/span><\/p>\n<p>&nbsp;<\/p>\n<h2><b>Consell 11. I\u00b7luminaci\u00f3<\/b><\/h2>\n<p><span style=\"font-weight: 400;\">Una llum adequada transforma completament un jard\u00ed o terrassa a la nit en un espai m\u00e0gic. Utilitza<strong> llums suaus i c\u00e0lides<\/strong> en forma de llums indirectes, a m\u00e9s dels llums de sostre i de paret: llums dempeus, llums port\u00e0tils o de sobretaula. Tamb\u00e9 tingues en compte<strong> il\u00b7luminar les plantes amb petits focus.<\/strong> Amb el nostre clima on les nits s\u00f3n c\u00e0lides, una il\u00b7luminaci\u00f3 ben pensada convida a gaudir de la terrassa despr\u00e9s de la posta de sol.<\/span><\/p>\n<p>&nbsp;<\/p>\n<h2><b>Consell 12. Ombra<\/b><\/h2>\n<p><span style=\"font-weight: 400;\">Podem aconseguir ombra a trav\u00e9s de diverses solucions: <strong>p\u00e8rgoles enllistonades de fusta<\/strong> amb estructura de ferro, <strong>p\u00e8rgoles bioclim\u00e0tiques, p\u00e8rgoles de cany\u00eds o v\u00edmet, veles, tendals amb bra\u00e7os invisibles, tendals veranda o tendals d'ones.<\/strong> Els tendals tots ells motoritzats per a una m\u00e9s r\u00e0pida i eficient recollida. Per a evitar l'entrada lateral del sol, tamb\u00e9 podem utilitzar persianes o tendals verticals.<\/span><\/p>\n<p>&nbsp;<\/p>\n<p><span style=\"font-weight: 400;\">Amb aquests consells podr\u00e0s crear un espai a l'aire lliure que sigui<strong> una extensi\u00f3 harmoniosa de la llar.<\/strong> Dissenyar una terrassa va m\u00e9s enll\u00e0 de simplement col\u00b7locar mobles i plantes. \u00c9s un proc\u00e9s que requereix una detallada planificaci\u00f3 per a <strong>maximitzar l'espai<\/strong> disponible i crear un ambient <strong>acollidor i funcional.\u00a0<\/strong><\/span><\/p>","protected":false},"excerpt":{"rendered":"<p>El dise\u00f1o de terrazas y jardines solo necesita un toque de creatividad y unos conocimientos b\u00e1sicos de exteriorismo para crear espacios encantadores y acogedores. En este art\u00edculo, exploraremos una serie de consejos para la decoraci\u00f3n de jardines peque\u00f1os y terrazas. En general, ser\u00e1n ideas que\u00a0te ayudar\u00e1n a hacer realidad todo aquello que te gustar\u00eda tener [&hellip;]<\/p>","protected":false},"author":4,"featured_media":2733,"comment_status":"closed","ping_status":"closed","sticky":false,"template":"","format":"standard","meta":{"footnotes":""},"categories":[1],"tags":[],"class_list":["post-1975","post","type-post","status-publish","format-standard","has-post-thumbnail","hentry","category-sin-categorizar"],"yoast_head":"<!-- This site is optimized with the Yoast SEO plugin v26.6 - https:\/\/yoast.com\/wordpress\/plugins\/seo\/ -->\n<title>12 consejos para decoraci\u00f3n de jardines peque\u00f1os y terrazas - Teodora<\/title>\n<meta name=\"description\" content=\"Aprende sobre la decoraci\u00f3n de jardines peque\u00f1os y terrazas con Teodora Exteriorismo. Te contamos 12 consejos clave para hacerlo.\" \/>\n<meta name=\"robots\" content=\"index, follow, max-snippet:-1, max-image-preview:large, max-video-preview:-1\" \/>\n<link rel=\"canonical\" href=\"https:\/\/teodorabcn.com\/ca\/12-consejos-para-decoracion-de-jardines-pequenos-y-terrazas\/\" \/>\n<meta property=\"og:locale\" content=\"ca_ES\" \/>\n<meta property=\"og:type\" content=\"article\" \/>\n<meta property=\"og:title\" content=\"12 consejos para decoraci\u00f3n de jardines peque\u00f1os y terrazas - Teodora\" \/>\n<meta property=\"og:description\" content=\"Aprende sobre la decoraci\u00f3n de jardines peque\u00f1os y terrazas con Teodora Exteriorismo. Te contamos 12 consejos clave para hacerlo.\" \/>\n<meta property=\"og:url\" content=\"https:\/\/teodorabcn.com\/ca\/12-consejos-para-decoracion-de-jardines-pequenos-y-terrazas\/\" \/>\n<meta property=\"og:site_name\" content=\"Teodora\" \/>\n<meta property=\"article:publisher\" content=\"https:\/\/www.facebook.com\/profile.php?id=61550838347854\" \/>\n<meta property=\"article:published_time\" content=\"2024-03-05T08:37:34+00:00\" \/>\n<meta property=\"article:modified_time\" content=\"2025-03-19T10:48:44+00:00\" \/>\n<meta property=\"og:image\" content=\"https:\/\/teodorabcn.com\/wp-content\/uploads\/2024\/03\/decoracion-jardines-pequenos-teodora.jpg\" \/>\n\t<meta property=\"og:image:width\" content=\"1920\" \/>\n\t<meta property=\"og:image:height\" content=\"1080\" \/>\n\t<meta property=\"og:image:type\" content=\"image\/jpeg\" \/>\n<meta name=\"author\" content=\"Borja\" \/>\n<meta name=\"twitter:card\" content=\"summary_large_image\" \/>\n<meta name=\"twitter:label1\" content=\"Escrit per\" \/>\n\t<meta name=\"twitter:data1\" content=\"Borja\" \/>\n\t<meta name=\"twitter:label2\" content=\"Temps estimat de lectura\" \/>\n\t<meta name=\"twitter:data2\" content=\"5 minuts\" \/>\n<script type=\"application\/ld+json\" class=\"yoast-schema-graph\">{\"@context\":\"https:\/\/schema.org\",\"@graph\":[{\"@type\":\"Article\",\"@id\":\"https:\/\/teodorabcn.com\/12-consejos-para-decoracion-de-jardines-pequenos-y-terrazas\/#article\",\"isPartOf\":{\"@id\":\"https:\/\/teodorabcn.com\/12-consejos-para-decoracion-de-jardines-pequenos-y-terrazas\/\"},\"author\":{\"name\":\"Borja\",\"@id\":\"https:\/\/teodorabcn.com\/#\/schema\/person\/37a86a5b0fcaa1c21abddf6adb873561\"},\"headline\":\"12 consejos para decoraci\u00f3n de jardines peque\u00f1os y terrazas\",\"datePublished\":\"2024-03-05T08:37:34+00:00\",\"dateModified\":\"2025-03-19T10:48:44+00:00\",\"mainEntityOfPage\":{\"@id\":\"https:\/\/teodorabcn.com\/12-consejos-para-decoracion-de-jardines-pequenos-y-terrazas\/\"},\"wordCount\":906,\"publisher\":{\"@id\":\"https:\/\/teodorabcn.com\/#organization\"},\"image\":{\"@id\":\"https:\/\/teodorabcn.com\/12-consejos-para-decoracion-de-jardines-pequenos-y-terrazas\/#primaryimage\"},\"thumbnailUrl\":\"https:\/\/teodorabcn.com\/wp-content\/uploads\/2024\/03\/decoracion-jardines-pequenos-teodora.jpg\",\"articleSection\":[\"Sin categorizar\"],\"inLanguage\":\"ca\"},{\"@type\":\"WebPage\",\"@id\":\"https:\/\/teodorabcn.com\/12-consejos-para-decoracion-de-jardines-pequenos-y-terrazas\/\",\"url\":\"https:\/\/teodorabcn.com\/12-consejos-para-decoracion-de-jardines-pequenos-y-terrazas\/\",\"name\":\"12 consejos para decoraci\u00f3n de jardines peque\u00f1os y terrazas - Teodora\",\"isPartOf\":{\"@id\":\"https:\/\/teodorabcn.com\/#website\"},\"primaryImageOfPage\":{\"@id\":\"https:\/\/teodorabcn.com\/12-consejos-para-decoracion-de-jardines-pequenos-y-terrazas\/#primaryimage\"},\"image\":{\"@id\":\"https:\/\/teodorabcn.com\/12-consejos-para-decoracion-de-jardines-pequenos-y-terrazas\/#primaryimage\"},\"thumbnailUrl\":\"https:\/\/teodorabcn.com\/wp-content\/uploads\/2024\/03\/decoracion-jardines-pequenos-teodora.jpg\",\"datePublished\":\"2024-03-05T08:37:34+00:00\",\"dateModified\":\"2025-03-19T10:48:44+00:00\",\"description\":\"Aprende sobre la decoraci\u00f3n de jardines peque\u00f1os y terrazas con Teodora Exteriorismo. Te contamos 12 consejos clave para hacerlo.\",\"breadcrumb\":{\"@id\":\"https:\/\/teodorabcn.com\/12-consejos-para-decoracion-de-jardines-pequenos-y-terrazas\/#breadcrumb\"},\"inLanguage\":\"ca\",\"potentialAction\":[{\"@type\":\"ReadAction\",\"target\":[\"https:\/\/teodorabcn.com\/12-consejos-para-decoracion-de-jardines-pequenos-y-terrazas\/\"]}]},{\"@type\":\"ImageObject\",\"inLanguage\":\"ca\",\"@id\":\"https:\/\/teodorabcn.com\/12-consejos-para-decoracion-de-jardines-pequenos-y-terrazas\/#primaryimage\",\"url\":\"https:\/\/teodorabcn.com\/wp-content\/uploads\/2024\/03\/decoracion-jardines-pequenos-teodora.jpg\",\"contentUrl\":\"https:\/\/teodorabcn.com\/wp-content\/uploads\/2024\/03\/decoracion-jardines-pequenos-teodora.jpg\",\"width\":1920,\"height\":1080,\"caption\":\"decoracion-jardines-pequenos-teodora\"},{\"@type\":\"BreadcrumbList\",\"@id\":\"https:\/\/teodorabcn.com\/12-consejos-para-decoracion-de-jardines-pequenos-y-terrazas\/#breadcrumb\",\"itemListElement\":[{\"@type\":\"ListItem\",\"position\":1,\"name\":\"Portada\",\"item\":\"https:\/\/teodorabcn.com\/\"},{\"@type\":\"ListItem\",\"position\":2,\"name\":\"12 consejos para decoraci\u00f3n de jardines peque\u00f1os y terrazas\"}]},{\"@type\":\"WebSite\",\"@id\":\"https:\/\/teodorabcn.com\/#website\",\"url\":\"https:\/\/teodorabcn.com\/\",\"name\":\"Teodora Exteriorismo\",\"description\":\"Creamos terrazas y jardines con car\u00e1cter.\",\"publisher\":{\"@id\":\"https:\/\/teodorabcn.com\/#organization\"},\"alternateName\":\"Teodora\",\"potentialAction\":[{\"@type\":\"SearchAction\",\"target\":{\"@type\":\"EntryPoint\",\"urlTemplate\":\"https:\/\/teodorabcn.com\/?s={search_term_string}\"},\"query-input\":{\"@type\":\"PropertyValueSpecification\",\"valueRequired\":true,\"valueName\":\"search_term_string\"}}],\"inLanguage\":\"ca\"},{\"@type\":\"Organization\",\"@id\":\"https:\/\/teodorabcn.com\/#organization\",\"name\":\"Teodora Exteriorismo\",\"alternateName\":\"Teodora\",\"url\":\"https:\/\/teodorabcn.com\/\",\"logo\":{\"@type\":\"ImageObject\",\"inLanguage\":\"ca\",\"@id\":\"https:\/\/teodorabcn.com\/#\/schema\/logo\/image\/\",\"url\":\"https:\/\/teodorabcn.com\/wp-content\/uploads\/2023\/10\/Teodora_logo-_EXT-Ok-ESP-e1706538305612.jpg\",\"contentUrl\":\"https:\/\/teodorabcn.com\/wp-content\/uploads\/2023\/10\/Teodora_logo-_EXT-Ok-ESP-e1706538305612.jpg\",\"width\":1540,\"height\":573,\"caption\":\"Teodora Exteriorismo\"},\"image\":{\"@id\":\"https:\/\/teodorabcn.com\/#\/schema\/logo\/image\/\"},\"sameAs\":[\"https:\/\/www.facebook.com\/profile.php?id=61550838347854\",\"https:\/\/www.instagram.com\/teodora.exteriorismo\/?hl=es\",\"https:\/\/www.pinterest.es\/teodora_exteriorismo\/\",\"https:\/\/www.linkedin.com\/company\/teodora-bcn-exteriorismo\/\"]},{\"@type\":\"Person\",\"@id\":\"https:\/\/teodorabcn.com\/#\/schema\/person\/37a86a5b0fcaa1c21abddf6adb873561\",\"name\":\"Borja\",\"image\":{\"@type\":\"ImageObject\",\"inLanguage\":\"ca\",\"@id\":\"https:\/\/teodorabcn.com\/#\/schema\/person\/image\/\",\"url\":\"https:\/\/secure.gravatar.com\/avatar\/f2ed8804c3ff9ca239d6113506ad4c491ff583257ff77ddc6f23de01c3303c6c?s=96&d=mm&r=g\",\"contentUrl\":\"https:\/\/secure.gravatar.com\/avatar\/f2ed8804c3ff9ca239d6113506ad4c491ff583257ff77ddc6f23de01c3303c6c?s=96&d=mm&r=g\",\"caption\":\"Borja\"},\"url\":\"https:\/\/teodorabcn.com\/ca\/author\/borja\/\"}]}<\/script>\n<!-- \/ Yoast SEO plugin. -->","yoast_head_json":{"title":"12 consejos para decoraci\u00f3n de jardines peque\u00f1os y terrazas - Teodora","description":"Aprende sobre la decoraci\u00f3n de jardines peque\u00f1os y terrazas con Teodora Exteriorismo. Te contamos 12 consejos clave para hacerlo.","robots":{"index":"index","follow":"follow","max-snippet":"max-snippet:-1","max-image-preview":"max-image-preview:large","max-video-preview":"max-video-preview:-1"},"canonical":"https:\/\/teodorabcn.com\/ca\/12-consejos-para-decoracion-de-jardines-pequenos-y-terrazas\/","og_locale":"ca_ES","og_type":"article","og_title":"12 consejos para decoraci\u00f3n de jardines peque\u00f1os y terrazas - Teodora","og_description":"Aprende sobre la decoraci\u00f3n de jardines peque\u00f1os y terrazas con Teodora Exteriorismo. Te contamos 12 consejos clave para hacerlo.","og_url":"https:\/\/teodorabcn.com\/ca\/12-consejos-para-decoracion-de-jardines-pequenos-y-terrazas\/","og_site_name":"Teodora","article_publisher":"https:\/\/www.facebook.com\/profile.php?id=61550838347854","article_published_time":"2024-03-05T08:37:34+00:00","article_modified_time":"2025-03-19T10:48:44+00:00","og_image":[{"width":1920,"height":1080,"url":"https:\/\/teodorabcn.com\/wp-content\/uploads\/2024\/03\/decoracion-jardines-pequenos-teodora.jpg","type":"image\/jpeg"}],"author":"Borja","twitter_card":"summary_large_image","twitter_misc":{"Escrit per":"Borja","Temps estimat de lectura":"5 minuts"},"schema":{"@context":"https:\/\/schema.org","@graph":[{"@type":"Article","@id":"https:\/\/teodorabcn.com\/12-consejos-para-decoracion-de-jardines-pequenos-y-terrazas\/#article","isPartOf":{"@id":"https:\/\/teodorabcn.com\/12-consejos-para-decoracion-de-jardines-pequenos-y-terrazas\/"},"author":{"name":"Borja","@id":"https:\/\/teodorabcn.com\/#\/schema\/person\/37a86a5b0fcaa1c21abddf6adb873561"},"headline":"12 consejos para decoraci\u00f3n de jardines peque\u00f1os y terrazas","datePublished":"2024-03-05T08:37:34+00:00","dateModified":"2025-03-19T10:48:44+00:00","mainEntityOfPage":{"@id":"https:\/\/teodorabcn.com\/12-consejos-para-decoracion-de-jardines-pequenos-y-terrazas\/"},"wordCount":906,"publisher":{"@id":"https:\/\/teodorabcn.com\/#organization"},"image":{"@id":"https:\/\/teodorabcn.com\/12-consejos-para-decoracion-de-jardines-pequenos-y-terrazas\/#primaryimage"},"thumbnailUrl":"https:\/\/teodorabcn.com\/wp-content\/uploads\/2024\/03\/decoracion-jardines-pequenos-teodora.jpg","articleSection":["Sin categorizar"],"inLanguage":"ca"},{"@type":"WebPage","@id":"https:\/\/teodorabcn.com\/12-consejos-para-decoracion-de-jardines-pequenos-y-terrazas\/","url":"https:\/\/teodorabcn.com\/12-consejos-para-decoracion-de-jardines-pequenos-y-terrazas\/","name":"12 consejos para decoraci\u00f3n de jardines peque\u00f1os y terrazas - Teodora","isPartOf":{"@id":"https:\/\/teodorabcn.com\/#website"},"primaryImageOfPage":{"@id":"https:\/\/teodorabcn.com\/12-consejos-para-decoracion-de-jardines-pequenos-y-terrazas\/#primaryimage"},"image":{"@id":"https:\/\/teodorabcn.com\/12-consejos-para-decoracion-de-jardines-pequenos-y-terrazas\/#primaryimage"},"thumbnailUrl":"https:\/\/teodorabcn.com\/wp-content\/uploads\/2024\/03\/decoracion-jardines-pequenos-teodora.jpg","datePublished":"2024-03-05T08:37:34+00:00","dateModified":"2025-03-19T10:48:44+00:00","description":"Aprende sobre la decoraci\u00f3n de jardines peque\u00f1os y terrazas con Teodora Exteriorismo. Te contamos 12 consejos clave para hacerlo.","breadcrumb":{"@id":"https:\/\/teodorabcn.com\/12-consejos-para-decoracion-de-jardines-pequenos-y-terrazas\/#breadcrumb"},"inLanguage":"ca","potentialAction":[{"@type":"ReadAction","target":["https:\/\/teodorabcn.com\/12-consejos-para-decoracion-de-jardines-pequenos-y-terrazas\/"]}]},{"@type":"ImageObject","inLanguage":"ca","@id":"https:\/\/teodorabcn.com\/12-consejos-para-decoracion-de-jardines-pequenos-y-terrazas\/#primaryimage","url":"https:\/\/teodorabcn.com\/wp-content\/uploads\/2024\/03\/decoracion-jardines-pequenos-teodora.jpg","contentUrl":"https:\/\/teodorabcn.com\/wp-content\/uploads\/2024\/03\/decoracion-jardines-pequenos-teodora.jpg","width":1920,"height":1080,"caption":"decoracion-jardines-pequenos-teodora"},{"@type":"BreadcrumbList","@id":"https:\/\/teodorabcn.com\/12-consejos-para-decoracion-de-jardines-pequenos-y-terrazas\/#breadcrumb","itemListElement":[{"@type":"ListItem","position":1,"name":"Portada","item":"https:\/\/teodorabcn.com\/"},{"@type":"ListItem","position":2,"name":"12 consejos para decoraci\u00f3n de jardines peque\u00f1os y terrazas"}]},{"@type":"WebSite","@id":"https:\/\/teodorabcn.com\/#website","url":"https:\/\/teodorabcn.com\/","name":"Teodora Exteriorisme","description":"Creamos terrazas y jardines con car\u00e1cter.","publisher":{"@id":"https:\/\/teodorabcn.com\/#organization"},"alternateName":"Teodora","potentialAction":[{"@type":"SearchAction","target":{"@type":"EntryPoint","urlTemplate":"https:\/\/teodorabcn.com\/?s={search_term_string}"},"query-input":{"@type":"PropertyValueSpecification","valueRequired":true,"valueName":"search_term_string"}}],"inLanguage":"ca"},{"@type":"Organization","@id":"https:\/\/teodorabcn.com\/#organization","name":"Teodora Exteriorisme","alternateName":"Teodora","url":"https:\/\/teodorabcn.com\/","logo":{"@type":"ImageObject","inLanguage":"ca","@id":"https:\/\/teodorabcn.com\/#\/schema\/logo\/image\/","url":"https:\/\/teodorabcn.com\/wp-content\/uploads\/2023\/10\/Teodora_logo-_EXT-Ok-ESP-e1706538305612.jpg","contentUrl":"https:\/\/teodorabcn.com\/wp-content\/uploads\/2023\/10\/Teodora_logo-_EXT-Ok-ESP-e1706538305612.jpg","width":1540,"height":573,"caption":"Teodora Exteriorismo"},"image":{"@id":"https:\/\/teodorabcn.com\/#\/schema\/logo\/image\/"},"sameAs":["https:\/\/www.facebook.com\/profile.php?id=61550838347854","https:\/\/www.instagram.com\/teodora.exteriorismo\/?hl=es","https:\/\/www.pinterest.es\/teodora_exteriorismo\/","https:\/\/www.linkedin.com\/company\/teodora-bcn-exteriorismo\/"]},{"@type":"Person","@id":"https:\/\/teodorabcn.com\/#\/schema\/person\/37a86a5b0fcaa1c21abddf6adb873561","name":"Borja","image":{"@type":"ImageObject","inLanguage":"ca","@id":"https:\/\/teodorabcn.com\/#\/schema\/person\/image\/","url":"https:\/\/secure.gravatar.com\/avatar\/f2ed8804c3ff9ca239d6113506ad4c491ff583257ff77ddc6f23de01c3303c6c?s=96&d=mm&r=g","contentUrl":"https:\/\/secure.gravatar.com\/avatar\/f2ed8804c3ff9ca239d6113506ad4c491ff583257ff77ddc6f23de01c3303c6c?s=96&d=mm&r=g","caption":"Borja"},"url":"https:\/\/teodorabcn.com\/ca\/author\/borja\/"}]}},"_links":{"self":[{"href":"https:\/\/teodorabcn.com\/ca\/wp-json\/wp\/v2\/posts\/1975","targetHints":{"allow":["GET"]}}],"collection":[{"href":"https:\/\/teodorabcn.com\/ca\/wp-json\/wp\/v2\/posts"}],"about":[{"href":"https:\/\/teodorabcn.com\/ca\/wp-json\/wp\/v2\/types\/post"}],"author":[{"embeddable":true,"href":"https:\/\/teodorabcn.com\/ca\/wp-json\/wp\/v2\/users\/4"}],"replies":[{"embeddable":true,"href":"https:\/\/teodorabcn.com\/ca\/wp-json\/wp\/v2\/comments?post=1975"}],"version-history":[{"count":13,"href":"https:\/\/teodorabcn.com\/ca\/wp-json\/wp\/v2\/posts\/1975\/revisions"}],"predecessor-version":[{"id":2014,"href":"https:\/\/teodorabcn.com\/ca\/wp-json\/wp\/v2\/posts\/1975\/revisions\/2014"}],"wp:featuredmedia":[{"embeddable":true,"href":"https:\/\/teodorabcn.com\/ca\/wp-json\/wp\/v2\/media\/2733"}],"wp:attachment":[{"href":"https:\/\/teodorabcn.com\/ca\/wp-json\/wp\/v2\/media?parent=1975"}],"wp:term":[{"taxonomy":"category","embeddable":true,"href":"https:\/\/teodorabcn.com\/ca\/wp-json\/wp\/v2\/categories?post=1975"},{"taxonomy":"post_tag","embeddable":true,"href":"https:\/\/teodorabcn.com\/ca\/wp-json\/wp\/v2\/tags?post=1975"}],"curies":[{"name":"wp","href":"https:\/\/api.w.org\/{rel}","templated":true}]}}