{"id":1969,"date":"2024-03-11T18:14:41","date_gmt":"2024-03-11T17:14:41","guid":{"rendered":"https:\/\/teodorabcn.com\/?p=1969"},"modified":"2025-03-18T12:49:00","modified_gmt":"2025-03-18T11:49:00","slug":"como-decorar-el-espacio-chill-out-de-tu-terraza","status":"publish","type":"post","link":"https:\/\/teodorabcn.com\/ca\/como-decorar-el-espacio-chill-out-de-tu-terraza\/","title":{"rendered":"Com decorar l\u2019espai chill out de la teva terrassa?"},"content":{"rendered":"<p><span style=\"font-weight: 400;\">No hi ha millor manera de gaudir de l'aire lliure que a una terrassa dissenyada per al m\u00e0xim confort. La zona chill out de la teva terrassa \u00e9s un espai exterior que et permet desconnectar de l'estr\u00e8s diari i connectar amb la serenitat i el benestar. <\/span><span style=\"font-weight: 400;\">Des del mobiliari fins a la il\u00b7luminaci\u00f3, cada element pot ser acuradament seleccionat per a <\/span><b>crear un ambient relaxat i acollidor.<\/b><span style=\"font-weight: 400;\"> El chill out \u00e9s un anglicisme que defineix la zona d'estar o sal\u00f3 exterior. En aquest article, parlarem de com decorar aquest espai en una terrassa urbana, <\/span><b>fusionant l\u2019estil modern amb el natural<\/b><span style=\"font-weight: 400;\"> per a obtenir <\/span><b>un resultat harmoni\u00f3s i amb encant.<\/b><\/p>\n<p>&nbsp;<\/p>\n<h2><b>Mobiliari confortable i funcional<\/b><\/h2>\n<p><span style=\"font-weight: 400;\">El mobiliari \u00e9s la pedra angular de qualsevol zona sal\u00f3 de terrassa urbana, <\/span><b>l'elecci\u00f3 correcta \u00e9s essencial.<\/b><span style=\"font-weight: 400;\"> Opta per <\/span><b>peces que siguin per a \u00fas exterior,<\/b><span style=\"font-weight: 400;\"> i tamb\u00e9 confortables i funcionals, maximitzant l'\u00fas de l'espai sense comprometre l'estil. Et donem algunes idees per a inspirar-te:<\/span><\/p>\n<h3><b>Sof\u00e0s i butaques<\/b><\/h3>\n<ul>\n<li style=\"font-weight: 400;\" aria-level=\"1\"><b>Sof\u00e0s modulars<\/b><span style=\"font-weight: 400;\">: Els sof\u00e0s modulars<\/span><b> permeten una versatilitat en el disseny.<\/b><span style=\"font-weight: 400;\"> Pots ajustar els diferents m\u00f2duls segons les teves necessitats i espai, creant diferents configuracions. Els <\/span><b>materials resistents a la intemp\u00e8rie<\/b><span style=\"font-weight: 400;\"> s\u00f3n essencials, com <\/span><b>la fusta tropical, el rattan sint\u00e8tic o l'alumini tractat,<\/b><span style=\"font-weight: 400;\"> que <\/span><b>garanteixen durabilitat sense sacrificar el disseny.<\/b><span style=\"font-weight: 400;\"> Ens encanten els sof\u00e0s amb coixins tous que conviden al descans.\u00a0\u00a0<\/span><\/li>\n<li style=\"font-weight: 400;\" aria-level=\"1\"><b>Sof\u00e0s fets a mida:<\/b><span style=\"font-weight: 400;\">\u00a0 Permeten aprofitar l'espai al m\u00e0xim. L'estructura <\/span><b>es realitza en fusta natural o sint\u00e8tica<\/b><span style=\"font-weight: 400;\"> i despr\u00e9s es confeccionen coixins d'exterior a mesura per a la base i el suport.<\/span><\/li>\n<li style=\"font-weight: 400;\" aria-level=\"1\"><b>Butaques acollidores:<\/b><span style=\"font-weight: 400;\"> Afegeix un parell de butaques amb coixins per a complementar la zona de sof\u00e0s i<\/span><b> crear un espai m\u00e9s din\u00e0mic i vers\u00e0til.<\/b><\/li>\n<li style=\"font-weight: 400;\" aria-level=\"1\"><b>Pufs:<\/b><span style=\"font-weight: 400;\"> Els pufs s\u00f3n<\/span><b> peces vers\u00e0tils<\/b><span style=\"font-weight: 400;\"> que poden afegir un toc de color i flexibilitat a la teva terrassa. S\u00f3n <\/span><b>deals per a crear seients addicionals<\/b><span style=\"font-weight: 400;\"> quan tens convidats, i tamb\u00e9 poden servir com a taules auxiliars. Tria colors vius o estampats per a agregar personalitat al teu espai.<\/span><\/li>\n<\/ul>\n<p>&nbsp;<\/p>\n<p><span style=\"font-weight: 400;\">Si el mobiliari d'exterior <\/span><b>est\u00e0 a la intemp\u00e8rie<\/b><span style=\"font-weight: 400;\"> o sota tendals,<\/span><b> els coixins s'hauran de recollir<\/b><span style=\"font-weight: 400;\"> o en defecte d'aix\u00f2 posar una funda protectora <\/span><b>quan plogui o en per\u00edodes llargs en els quals la terrassa no tingui \u00fas.<\/b><span style=\"font-weight: 400;\"> Per aix\u00f2 recomanem, sempre que sigui possible, <\/span><b>situar la zona sal\u00f3 sota el porxo.<\/b><\/p>\n<p>&nbsp;<\/p>\n<h3><b>Taules de centre<\/b><\/h3>\n<p><span style=\"font-weight: 400;\">Les taules baixes s\u00f3n les <\/span><b>aliades perfectes per a la teva zona de chill out.<\/b><span style=\"font-weight: 400;\"> Tria materials com la fusta tropical o el metall, que aporten un toc d'eleg\u00e0ncia i funcionalitat. Pots optar per<\/span><b> taules amb espai d'emmagatzematge integrat<\/b><span style=\"font-weight: 400;\"> per a revistes o mantes, <\/span><b>mantenint tot organitzat i a l'abast.<\/b><span style=\"font-weight: 400;\"> Poden ser quadrades, rectangulars o rodones i tamb\u00e9 pots optar per posar dues taules amb diferents altures, i una de rac\u00f3 en una de les cantonades del sof\u00e0.<\/span><\/p>\n<p>&nbsp;<\/p>\n<h3><b>T\u00e8xtils i coixins<\/b><\/h3>\n<p><span style=\"font-weight: 400;\">Els t\u00e8xtils <\/span><b>s\u00f3n la clau per a agregar calidesa i personalitat<\/b><span style=\"font-weight: 400;\"> a la teva chill out. Han de ser <\/span><b>teles resistents a l'exterior<\/b><span style=\"font-weight: 400;\"> que siguin <\/span><b>f\u00e0cils de netejar<\/b><span style=\"font-weight: 400;\"> i <\/span><b>que puguin resistir els elements,<\/b><span style=\"font-weight: 400;\"> sobretot l'acci\u00f3 del sol.\u00a0<\/span><\/p>\n<p>&nbsp;<\/p>\n<ul>\n<li style=\"font-weight: 400;\" aria-level=\"1\"><b>Coixins base:<\/b><span style=\"font-weight: 400;\"> S\u00f3n els que<\/span><b> es refereixen al seient i al respatller.<\/b><span style=\"font-weight: 400;\"> Recomanem triar <\/span><b>colors neutres que sempre combinaran b\u00e9<\/b><span style=\"font-weight: 400;\"> amb els coixins decoratius.<\/span><\/li>\n<li style=\"font-weight: 400;\" aria-level=\"1\"><b>Coixins decoratius:<\/b><span style=\"font-weight: 400;\"> Poden ser tamb\u00e9 neutres o afegir una explosi\u00f3 de color. Els coixins decoratius en <\/span><b>diferents grand\u00e0ries i patrons aporten personalitat, dinamisme i comoditat.<\/b><\/li>\n<li style=\"font-weight: 400;\" aria-level=\"1\"><b>Mantes:<\/b><span style=\"font-weight: 400;\"> Per a les nits fresques, tenir unes mantes a l'abast de<\/span><b> llana fina o cot\u00f3<\/b><span style=\"font-weight: 400;\"> pot convertir el teu espai en un<\/span><b> refugi acollidor i c\u00e0lid.<\/b><\/li>\n<li style=\"font-weight: 400;\" aria-level=\"1\"><b>Tendals i cortines:<\/b><span style=\"font-weight: 400;\"> A m\u00e9s de proporcionar ombra, els tendals i cortines, ja sigui de tela o persianes de fusta, <\/span><b>agreguen un toc d'intimitat i eleg\u00e0ncia<\/b><span style=\"font-weight: 400;\"> sense perdre lluminositat.<\/span><\/li>\n<\/ul>\n<p>&nbsp;<\/p>\n<h3><b>Catifes per a zona chill out<\/b><\/h3>\n<p><span style=\"font-weight: 400;\">Les catifes no solament afegeixen calidesa, sin\u00f3 que tamb\u00e9<\/span><b> poden ajudar a definir \u00e0rees espec\u00edfiques<\/b><span style=\"font-weight: 400;\"> a la teva terrassa com la zona chill out o sal\u00f3 exterior.<\/span><\/p>\n<ul>\n<li aria-level=\"1\"><b>Catifes d'exterior: <\/b><span style=\"font-weight: 400;\">S\u00f3n catifes<\/span><b> resistents a la intemp\u00e8rie,<\/b><span style=\"font-weight: 400;\"> i amb colors o dissenys molt variats que poden complementar la resta de la decoraci\u00f3. Opta per <\/span><b>fibres suaus que proporcionin un tacte acollidor,<\/b><span style=\"font-weight: 400;\"> com el polipropil\u00e8 o el poli\u00e8ster, que tenen un aspecte molt natural i s\u00f3n<\/span><b> f\u00e0cils de netejar i mantenir.<\/b><span style=\"font-weight: 400;\"> Aquestes opcions resisteixen la humitat i l'exposici\u00f3 al sol, i poden netejar-se amb aigua i sab\u00f3 suau. Aix\u00f2 garantir\u00e0 que la teva terrassa llueixi sempre<\/span><b> impecable i llista per a gaudir.<\/b><\/li>\n<\/ul>\n<ul>\n<li aria-level=\"1\"><b>Catifes de materials naturals: <\/b><span style=\"font-weight: 400;\">Les catifes confeccionades amb materials naturals com l'espart o el jute<\/span><b> solament es poden usar sota porxo o en zones protegides de la pluja. <\/b><span style=\"font-weight: 400;\">\u00a0Es deterioren amb l'\u00fas, per\u00f2 <\/span><b>donen un aire molt c\u00e0lid i mediterrani.<\/b><\/li>\n<\/ul>\n<p>&nbsp;<\/p>\n<h3><b>Il\u00b7luminaci\u00f3 ambiental<\/b><\/h3>\n<p><span style=\"font-weight: 400;\">La il\u00b7luminaci\u00f3 adequada <\/span><b>pot transformar per complet l'atmosfera<\/b><span style=\"font-weight: 400;\"> del teu chill out, especialment quan la nit cau sobre la ciutat. Sempre<\/span><b> aconsellem utilitzar llum c\u00e0lida<\/b><span style=\"font-weight: 400;\"> i posar llums indirectes, a m\u00e9s de les llums de sostre i aplicacions que tinguis a la teva terrassa. Aqu\u00ed hi ha algunes idees per a crear un ambient acollidor i m\u00e0gic:<\/span><\/p>\n<p>&nbsp;<\/p>\n<ul>\n<li style=\"font-weight: 400;\" aria-level=\"1\"><b>Llums de peu:<\/b><span style=\"font-weight: 400;\"> Per a una<\/span><b> il\u00b7luminaci\u00f3 m\u00e9s focalitzada,<\/b><span style=\"font-weight: 400;\"> els llums de peu s\u00f3n una opci\u00f3 elegant i pr\u00e0ctica. Els reguladors d'intensitat et <\/span><b>permetran ajustar la llum segons l'ambient que desitgis crear.\u00a0<\/b><\/li>\n<li style=\"font-weight: 400;\" aria-level=\"1\"><b>Il\u00b7luminaci\u00f3 LED:<\/b><span style=\"font-weight: 400;\"> Si vols un <\/span><b>ambient m\u00e9s modern,<\/b><span style=\"font-weight: 400;\"> es pot il\u00b7luminar<\/span><b> la part baixa dels sof\u00e0s<\/b><span style=\"font-weight: 400;\"> fets a mida amb tires de llum led c\u00e0lida per a<\/span><b> delimitar la forma i l'espai<\/b><span style=\"font-weight: 400;\"> a trav\u00e9s de la llum.<\/span><\/li>\n<li style=\"font-weight: 400;\" aria-level=\"1\"><b>Fanals i veles:<\/b><span style=\"font-weight: 400;\"> Si, contr\u00e0riament, vols un <\/span><b>ambient m\u00e9s tradicional.<\/b><span style=\"font-weight: 400;\"> Els fanals i les veles afegeixen un encant especial a la teva terrassa urbana a la nit. Col\u00b7loca fanals <\/span><b>de diferents grand\u00e0ries<\/b><span style=\"font-weight: 400;\"> en el s\u00f2l o en les taules per a<\/span><b> una il\u00b7luminaci\u00f3 suau i rom\u00e0ntica.<\/b><span style=\"font-weight: 400;\"> Les espelmes arom\u00e0tiques tamb\u00e9 poden crear una <\/span><b>experi\u00e8ncia sensorial \u00fanica,<\/b><span style=\"font-weight: 400;\"> combinant llum amb frag\u00e0ncies relaxants.<\/span><\/li>\n<li style=\"font-weight: 400;\" aria-level=\"1\"><b>Il\u00b7luminaci\u00f3 i plantes:<\/b><span style=\"font-weight: 400;\"> Posa focus de llum en les plantes pr\u00f2ximes al chill out per a <\/span><b>aportar encant i m\u00e0gia a la nit.<\/b><\/li>\n<li style=\"font-weight: 400;\" aria-level=\"1\"><b>Llums solars: <\/b><span style=\"font-weight: 400;\">Els llums port\u00e0tils solars d'exterior s\u00f3n una<\/span> <span style=\"font-weight: 400;\">excel\u00b7lent opci\u00f3 per a il\u00b7luminar i decorar espais a l'aire lliure<\/span><b> de manera sostenible i eficient. <\/b><span style=\"font-weight: 400;\">Aquests llums aprofiten l'energia del sol durant el dia a trav\u00e9s de panells solars integrats, emmagatzemant l'energia per a proporcionar llum quan m\u00e9s es necessita, generalment a la nit o en situacions de poca llum, <\/span><b>creant un ambient acollidor all\u00e0 on es necessiti.<\/b><span style=\"font-weight: 400;\"> Pots col\u00b7locar-les damunt de la taula de centre, al terra o en una cantonada del sof\u00e0 de la teva zona chill out.<\/span><\/li>\n<\/ul>\n<p>&nbsp;<\/p>\n<p><span style=\"font-weight: 400;\">Decorar un chill out a una terrassa urbana \u00e9s <\/span><b>un exercici de creativitat i funcionalitat<\/b><span style=\"font-weight: 400;\">. En fusionar mobiliari confortable, t\u00e8xtils acollidors, il\u00b7luminaci\u00f3 ambiental i detalls decoratius pots <\/span><b>transformar el teu espai exterior en un oasi de tranquil\u00b7litat<\/b><span style=\"font-weight: 400;\"> i estil en ple cor de la ciutat. <\/span><span style=\"font-weight: 400;\">A <\/span><a href=\"https:\/\/teodorabcn.com\/ca\/\"><span style=\"font-weight: 400;\">Teodora Exteriorisme<\/span><\/a><span style=\"font-weight: 400;\"> som experts a crear espais exteriors capa\u00e7os de fer-te connectar amb la naturalesa. Si tens dubtes addicionals sobre com decorar l'espai chill out de la teva terrassa, no dubtis a <\/span><a href=\"https:\/\/teodorabcn.com\/ca\/contacto\/\"><span style=\"font-weight: 400;\">contactar-nos<\/span><\/a><span style=\"font-weight: 400;\"> i t'ajudarem a dissenyar un espai a mesura.\u00a0<\/span><\/p>","protected":false},"excerpt":{"rendered":"<p>\u00bfQu\u00e9 mejor manera de disfrutar del aire libre que en una terraza dise\u00f1ada para el m\u00e1ximo confort? La zona chill out de tu terraza es un espacio al aire libre que te permite desconectar del estr\u00e9s diario y conectar con la serenidad y el bienestar. Desde el mobiliario hasta la iluminaci\u00f3n, cada elemento puede ser [&hellip;]<\/p>","protected":false},"author":4,"featured_media":2712,"comment_status":"closed","ping_status":"closed","sticky":false,"template":"","format":"standard","meta":{"footnotes":""},"categories":[1],"tags":[],"class_list":["post-1969","post","type-post","status-publish","format-standard","has-post-thumbnail","hentry","category-sin-categorizar"],"yoast_head":"<!-- This site is optimized with the Yoast SEO plugin v26.6 - https:\/\/yoast.com\/wordpress\/plugins\/seo\/ -->\n<title>\u00bfC\u00f3mo decorar el espacio chill out de tu terraza? - Teodora<\/title>\n<meta name=\"description\" content=\"Descubre c\u00f3mo transformar el chill out de tu terraza en un oasis de relajaci\u00f3n con nuestros consejos, para que disfrutes al aire libre.\" \/>\n<meta name=\"robots\" content=\"index, follow, max-snippet:-1, max-image-preview:large, max-video-preview:-1\" \/>\n<link rel=\"canonical\" href=\"https:\/\/teodorabcn.com\/ca\/como-decorar-el-espacio-chill-out-de-tu-terraza\/\" \/>\n<meta property=\"og:locale\" content=\"ca_ES\" \/>\n<meta property=\"og:type\" content=\"article\" \/>\n<meta property=\"og:title\" content=\"\u00bfC\u00f3mo decorar el espacio chill out de tu terraza? - Teodora\" \/>\n<meta property=\"og:description\" content=\"Descubre c\u00f3mo transformar el chill out de tu terraza en un oasis de relajaci\u00f3n con nuestros consejos, para que disfrutes al aire libre.\" \/>\n<meta property=\"og:url\" content=\"https:\/\/teodorabcn.com\/ca\/como-decorar-el-espacio-chill-out-de-tu-terraza\/\" \/>\n<meta property=\"og:site_name\" content=\"Teodora\" \/>\n<meta property=\"article:publisher\" content=\"https:\/\/www.facebook.com\/profile.php?id=61550838347854\" \/>\n<meta property=\"article:published_time\" content=\"2024-03-11T17:14:41+00:00\" \/>\n<meta property=\"article:modified_time\" content=\"2025-03-18T11:49:00+00:00\" \/>\n<meta property=\"og:image\" content=\"https:\/\/teodorabcn.com\/wp-content\/uploads\/2024\/03\/Despues-1_retoque_2-1.png\" \/>\n\t<meta property=\"og:image:width\" content=\"2206\" \/>\n\t<meta property=\"og:image:height\" content=\"1476\" \/>\n\t<meta property=\"og:image:type\" content=\"image\/png\" \/>\n<meta name=\"author\" content=\"Borja\" \/>\n<meta name=\"twitter:card\" content=\"summary_large_image\" \/>\n<meta name=\"twitter:label1\" content=\"Escrit per\" \/>\n\t<meta name=\"twitter:data1\" content=\"Borja\" \/>\n\t<meta name=\"twitter:label2\" content=\"Temps estimat de lectura\" \/>\n\t<meta name=\"twitter:data2\" content=\"6 minuts\" \/>\n<script type=\"application\/ld+json\" class=\"yoast-schema-graph\">{\"@context\":\"https:\/\/schema.org\",\"@graph\":[{\"@type\":\"Article\",\"@id\":\"https:\/\/teodorabcn.com\/como-decorar-el-espacio-chill-out-de-tu-terraza\/#article\",\"isPartOf\":{\"@id\":\"https:\/\/teodorabcn.com\/como-decorar-el-espacio-chill-out-de-tu-terraza\/\"},\"author\":{\"name\":\"Borja\",\"@id\":\"https:\/\/teodorabcn.com\/#\/schema\/person\/37a86a5b0fcaa1c21abddf6adb873561\"},\"headline\":\"\u00bfC\u00f3mo decorar el espacio chill out de tu terraza?\",\"datePublished\":\"2024-03-11T17:14:41+00:00\",\"dateModified\":\"2025-03-18T11:49:00+00:00\",\"mainEntityOfPage\":{\"@id\":\"https:\/\/teodorabcn.com\/como-decorar-el-espacio-chill-out-de-tu-terraza\/\"},\"wordCount\":1261,\"publisher\":{\"@id\":\"https:\/\/teodorabcn.com\/#organization\"},\"image\":{\"@id\":\"https:\/\/teodorabcn.com\/como-decorar-el-espacio-chill-out-de-tu-terraza\/#primaryimage\"},\"thumbnailUrl\":\"https:\/\/teodorabcn.com\/wp-content\/uploads\/2024\/03\/Despues-1_retoque_2-1.png\",\"articleSection\":[\"Sin categorizar\"],\"inLanguage\":\"ca\"},{\"@type\":\"WebPage\",\"@id\":\"https:\/\/teodorabcn.com\/como-decorar-el-espacio-chill-out-de-tu-terraza\/\",\"url\":\"https:\/\/teodorabcn.com\/como-decorar-el-espacio-chill-out-de-tu-terraza\/\",\"name\":\"\u00bfC\u00f3mo decorar el espacio chill out de tu terraza? - Teodora\",\"isPartOf\":{\"@id\":\"https:\/\/teodorabcn.com\/#website\"},\"primaryImageOfPage\":{\"@id\":\"https:\/\/teodorabcn.com\/como-decorar-el-espacio-chill-out-de-tu-terraza\/#primaryimage\"},\"image\":{\"@id\":\"https:\/\/teodorabcn.com\/como-decorar-el-espacio-chill-out-de-tu-terraza\/#primaryimage\"},\"thumbnailUrl\":\"https:\/\/teodorabcn.com\/wp-content\/uploads\/2024\/03\/Despues-1_retoque_2-1.png\",\"datePublished\":\"2024-03-11T17:14:41+00:00\",\"dateModified\":\"2025-03-18T11:49:00+00:00\",\"description\":\"Descubre c\u00f3mo transformar el chill out de tu terraza en un oasis de relajaci\u00f3n con nuestros consejos, para que disfrutes al aire libre.\",\"breadcrumb\":{\"@id\":\"https:\/\/teodorabcn.com\/como-decorar-el-espacio-chill-out-de-tu-terraza\/#breadcrumb\"},\"inLanguage\":\"ca\",\"potentialAction\":[{\"@type\":\"ReadAction\",\"target\":[\"https:\/\/teodorabcn.com\/como-decorar-el-espacio-chill-out-de-tu-terraza\/\"]}]},{\"@type\":\"ImageObject\",\"inLanguage\":\"ca\",\"@id\":\"https:\/\/teodorabcn.com\/como-decorar-el-espacio-chill-out-de-tu-terraza\/#primaryimage\",\"url\":\"https:\/\/teodorabcn.com\/wp-content\/uploads\/2024\/03\/Despues-1_retoque_2-1.png\",\"contentUrl\":\"https:\/\/teodorabcn.com\/wp-content\/uploads\/2024\/03\/Despues-1_retoque_2-1.png\",\"width\":2206,\"height\":1476,\"caption\":\"chill out terraza\"},{\"@type\":\"BreadcrumbList\",\"@id\":\"https:\/\/teodorabcn.com\/como-decorar-el-espacio-chill-out-de-tu-terraza\/#breadcrumb\",\"itemListElement\":[{\"@type\":\"ListItem\",\"position\":1,\"name\":\"Portada\",\"item\":\"https:\/\/teodorabcn.com\/\"},{\"@type\":\"ListItem\",\"position\":2,\"name\":\"\u00bfC\u00f3mo decorar el espacio chill out de tu terraza?\"}]},{\"@type\":\"WebSite\",\"@id\":\"https:\/\/teodorabcn.com\/#website\",\"url\":\"https:\/\/teodorabcn.com\/\",\"name\":\"Teodora Exteriorismo\",\"description\":\"Creamos terrazas y jardines con car\u00e1cter.\",\"publisher\":{\"@id\":\"https:\/\/teodorabcn.com\/#organization\"},\"alternateName\":\"Teodora\",\"potentialAction\":[{\"@type\":\"SearchAction\",\"target\":{\"@type\":\"EntryPoint\",\"urlTemplate\":\"https:\/\/teodorabcn.com\/?s={search_term_string}\"},\"query-input\":{\"@type\":\"PropertyValueSpecification\",\"valueRequired\":true,\"valueName\":\"search_term_string\"}}],\"inLanguage\":\"ca\"},{\"@type\":\"Organization\",\"@id\":\"https:\/\/teodorabcn.com\/#organization\",\"name\":\"Teodora Exteriorismo\",\"alternateName\":\"Teodora\",\"url\":\"https:\/\/teodorabcn.com\/\",\"logo\":{\"@type\":\"ImageObject\",\"inLanguage\":\"ca\",\"@id\":\"https:\/\/teodorabcn.com\/#\/schema\/logo\/image\/\",\"url\":\"https:\/\/teodorabcn.com\/wp-content\/uploads\/2023\/10\/Teodora_logo-_EXT-Ok-ESP-e1706538305612.jpg\",\"contentUrl\":\"https:\/\/teodorabcn.com\/wp-content\/uploads\/2023\/10\/Teodora_logo-_EXT-Ok-ESP-e1706538305612.jpg\",\"width\":1540,\"height\":573,\"caption\":\"Teodora Exteriorismo\"},\"image\":{\"@id\":\"https:\/\/teodorabcn.com\/#\/schema\/logo\/image\/\"},\"sameAs\":[\"https:\/\/www.facebook.com\/profile.php?id=61550838347854\",\"https:\/\/www.instagram.com\/teodora.exteriorismo\/?hl=es\",\"https:\/\/www.pinterest.es\/teodora_exteriorismo\/\",\"https:\/\/www.linkedin.com\/company\/teodora-bcn-exteriorismo\/\"]},{\"@type\":\"Person\",\"@id\":\"https:\/\/teodorabcn.com\/#\/schema\/person\/37a86a5b0fcaa1c21abddf6adb873561\",\"name\":\"Borja\",\"image\":{\"@type\":\"ImageObject\",\"inLanguage\":\"ca\",\"@id\":\"https:\/\/teodorabcn.com\/#\/schema\/person\/image\/\",\"url\":\"https:\/\/secure.gravatar.com\/avatar\/f2ed8804c3ff9ca239d6113506ad4c491ff583257ff77ddc6f23de01c3303c6c?s=96&d=mm&r=g\",\"contentUrl\":\"https:\/\/secure.gravatar.com\/avatar\/f2ed8804c3ff9ca239d6113506ad4c491ff583257ff77ddc6f23de01c3303c6c?s=96&d=mm&r=g\",\"caption\":\"Borja\"},\"url\":\"https:\/\/teodorabcn.com\/ca\/author\/borja\/\"}]}<\/script>\n<!-- \/ Yoast SEO plugin. -->","yoast_head_json":{"title":"\u00bfC\u00f3mo decorar el espacio chill out de tu terraza? - Teodora","description":"Descubre c\u00f3mo transformar el chill out de tu terraza en un oasis de relajaci\u00f3n con nuestros consejos, para que disfrutes al aire libre.","robots":{"index":"index","follow":"follow","max-snippet":"max-snippet:-1","max-image-preview":"max-image-preview:large","max-video-preview":"max-video-preview:-1"},"canonical":"https:\/\/teodorabcn.com\/ca\/como-decorar-el-espacio-chill-out-de-tu-terraza\/","og_locale":"ca_ES","og_type":"article","og_title":"\u00bfC\u00f3mo decorar el espacio chill out de tu terraza? - Teodora","og_description":"Descubre c\u00f3mo transformar el chill out de tu terraza en un oasis de relajaci\u00f3n con nuestros consejos, para que disfrutes al aire libre.","og_url":"https:\/\/teodorabcn.com\/ca\/como-decorar-el-espacio-chill-out-de-tu-terraza\/","og_site_name":"Teodora","article_publisher":"https:\/\/www.facebook.com\/profile.php?id=61550838347854","article_published_time":"2024-03-11T17:14:41+00:00","article_modified_time":"2025-03-18T11:49:00+00:00","og_image":[{"width":2206,"height":1476,"url":"https:\/\/teodorabcn.com\/wp-content\/uploads\/2024\/03\/Despues-1_retoque_2-1.png","type":"image\/png"}],"author":"Borja","twitter_card":"summary_large_image","twitter_misc":{"Escrit per":"Borja","Temps estimat de lectura":"6 minuts"},"schema":{"@context":"https:\/\/schema.org","@graph":[{"@type":"Article","@id":"https:\/\/teodorabcn.com\/como-decorar-el-espacio-chill-out-de-tu-terraza\/#article","isPartOf":{"@id":"https:\/\/teodorabcn.com\/como-decorar-el-espacio-chill-out-de-tu-terraza\/"},"author":{"name":"Borja","@id":"https:\/\/teodorabcn.com\/#\/schema\/person\/37a86a5b0fcaa1c21abddf6adb873561"},"headline":"\u00bfC\u00f3mo decorar el espacio chill out de tu terraza?","datePublished":"2024-03-11T17:14:41+00:00","dateModified":"2025-03-18T11:49:00+00:00","mainEntityOfPage":{"@id":"https:\/\/teodorabcn.com\/como-decorar-el-espacio-chill-out-de-tu-terraza\/"},"wordCount":1261,"publisher":{"@id":"https:\/\/teodorabcn.com\/#organization"},"image":{"@id":"https:\/\/teodorabcn.com\/como-decorar-el-espacio-chill-out-de-tu-terraza\/#primaryimage"},"thumbnailUrl":"https:\/\/teodorabcn.com\/wp-content\/uploads\/2024\/03\/Despues-1_retoque_2-1.png","articleSection":["Sin categorizar"],"inLanguage":"ca"},{"@type":"WebPage","@id":"https:\/\/teodorabcn.com\/como-decorar-el-espacio-chill-out-de-tu-terraza\/","url":"https:\/\/teodorabcn.com\/como-decorar-el-espacio-chill-out-de-tu-terraza\/","name":"\u00bfC\u00f3mo decorar el espacio chill out de tu terraza? - Teodora","isPartOf":{"@id":"https:\/\/teodorabcn.com\/#website"},"primaryImageOfPage":{"@id":"https:\/\/teodorabcn.com\/como-decorar-el-espacio-chill-out-de-tu-terraza\/#primaryimage"},"image":{"@id":"https:\/\/teodorabcn.com\/como-decorar-el-espacio-chill-out-de-tu-terraza\/#primaryimage"},"thumbnailUrl":"https:\/\/teodorabcn.com\/wp-content\/uploads\/2024\/03\/Despues-1_retoque_2-1.png","datePublished":"2024-03-11T17:14:41+00:00","dateModified":"2025-03-18T11:49:00+00:00","description":"Descubre c\u00f3mo transformar el chill out de tu terraza en un oasis de relajaci\u00f3n con nuestros consejos, para que disfrutes al aire libre.","breadcrumb":{"@id":"https:\/\/teodorabcn.com\/como-decorar-el-espacio-chill-out-de-tu-terraza\/#breadcrumb"},"inLanguage":"ca","potentialAction":[{"@type":"ReadAction","target":["https:\/\/teodorabcn.com\/como-decorar-el-espacio-chill-out-de-tu-terraza\/"]}]},{"@type":"ImageObject","inLanguage":"ca","@id":"https:\/\/teodorabcn.com\/como-decorar-el-espacio-chill-out-de-tu-terraza\/#primaryimage","url":"https:\/\/teodorabcn.com\/wp-content\/uploads\/2024\/03\/Despues-1_retoque_2-1.png","contentUrl":"https:\/\/teodorabcn.com\/wp-content\/uploads\/2024\/03\/Despues-1_retoque_2-1.png","width":2206,"height":1476,"caption":"chill out terraza"},{"@type":"BreadcrumbList","@id":"https:\/\/teodorabcn.com\/como-decorar-el-espacio-chill-out-de-tu-terraza\/#breadcrumb","itemListElement":[{"@type":"ListItem","position":1,"name":"Portada","item":"https:\/\/teodorabcn.com\/"},{"@type":"ListItem","position":2,"name":"\u00bfC\u00f3mo decorar el espacio chill out de tu terraza?"}]},{"@type":"WebSite","@id":"https:\/\/teodorabcn.com\/#website","url":"https:\/\/teodorabcn.com\/","name":"Teodora Exteriorisme","description":"Creamos terrazas y jardines con car\u00e1cter.","publisher":{"@id":"https:\/\/teodorabcn.com\/#organization"},"alternateName":"Teodora","potentialAction":[{"@type":"SearchAction","target":{"@type":"EntryPoint","urlTemplate":"https:\/\/teodorabcn.com\/?s={search_term_string}"},"query-input":{"@type":"PropertyValueSpecification","valueRequired":true,"valueName":"search_term_string"}}],"inLanguage":"ca"},{"@type":"Organization","@id":"https:\/\/teodorabcn.com\/#organization","name":"Teodora Exteriorisme","alternateName":"Teodora","url":"https:\/\/teodorabcn.com\/","logo":{"@type":"ImageObject","inLanguage":"ca","@id":"https:\/\/teodorabcn.com\/#\/schema\/logo\/image\/","url":"https:\/\/teodorabcn.com\/wp-content\/uploads\/2023\/10\/Teodora_logo-_EXT-Ok-ESP-e1706538305612.jpg","contentUrl":"https:\/\/teodorabcn.com\/wp-content\/uploads\/2023\/10\/Teodora_logo-_EXT-Ok-ESP-e1706538305612.jpg","width":1540,"height":573,"caption":"Teodora Exteriorismo"},"image":{"@id":"https:\/\/teodorabcn.com\/#\/schema\/logo\/image\/"},"sameAs":["https:\/\/www.facebook.com\/profile.php?id=61550838347854","https:\/\/www.instagram.com\/teodora.exteriorismo\/?hl=es","https:\/\/www.pinterest.es\/teodora_exteriorismo\/","https:\/\/www.linkedin.com\/company\/teodora-bcn-exteriorismo\/"]},{"@type":"Person","@id":"https:\/\/teodorabcn.com\/#\/schema\/person\/37a86a5b0fcaa1c21abddf6adb873561","name":"Borja","image":{"@type":"ImageObject","inLanguage":"ca","@id":"https:\/\/teodorabcn.com\/#\/schema\/person\/image\/","url":"https:\/\/secure.gravatar.com\/avatar\/f2ed8804c3ff9ca239d6113506ad4c491ff583257ff77ddc6f23de01c3303c6c?s=96&d=mm&r=g","contentUrl":"https:\/\/secure.gravatar.com\/avatar\/f2ed8804c3ff9ca239d6113506ad4c491ff583257ff77ddc6f23de01c3303c6c?s=96&d=mm&r=g","caption":"Borja"},"url":"https:\/\/teodorabcn.com\/ca\/author\/borja\/"}]}},"_links":{"self":[{"href":"https:\/\/teodorabcn.com\/ca\/wp-json\/wp\/v2\/posts\/1969","targetHints":{"allow":["GET"]}}],"collection":[{"href":"https:\/\/teodorabcn.com\/ca\/wp-json\/wp\/v2\/posts"}],"about":[{"href":"https:\/\/teodorabcn.com\/ca\/wp-json\/wp\/v2\/types\/post"}],"author":[{"embeddable":true,"href":"https:\/\/teodorabcn.com\/ca\/wp-json\/wp\/v2\/users\/4"}],"replies":[{"embeddable":true,"href":"https:\/\/teodorabcn.com\/ca\/wp-json\/wp\/v2\/comments?post=1969"}],"version-history":[{"count":2,"href":"https:\/\/teodorabcn.com\/ca\/wp-json\/wp\/v2\/posts\/1969\/revisions"}],"predecessor-version":[{"id":1972,"href":"https:\/\/teodorabcn.com\/ca\/wp-json\/wp\/v2\/posts\/1969\/revisions\/1972"}],"wp:featuredmedia":[{"embeddable":true,"href":"https:\/\/teodorabcn.com\/ca\/wp-json\/wp\/v2\/media\/2712"}],"wp:attachment":[{"href":"https:\/\/teodorabcn.com\/ca\/wp-json\/wp\/v2\/media?parent=1969"}],"wp:term":[{"taxonomy":"category","embeddable":true,"href":"https:\/\/teodorabcn.com\/ca\/wp-json\/wp\/v2\/categories?post=1969"},{"taxonomy":"post_tag","embeddable":true,"href":"https:\/\/teodorabcn.com\/ca\/wp-json\/wp\/v2\/tags?post=1969"}],"curies":[{"name":"wp","href":"https:\/\/api.w.org\/{rel}","templated":true}]}}