{"id":1963,"date":"2024-03-07T17:05:40","date_gmt":"2024-03-07T16:05:40","guid":{"rendered":"https:\/\/teodorabcn.com\/?p=1963"},"modified":"2025-03-19T11:29:48","modified_gmt":"2025-03-19T10:29:48","slug":"arboles-para-jardin-y-terraza-urbana","status":"publish","type":"post","link":"https:\/\/teodorabcn.com\/ca\/arboles-para-jardin-y-terraza-urbana\/","title":{"rendered":"Arbres petits per a terrasses urbanes"},"content":{"rendered":"<p><span style=\"font-weight: 400;\">A les ciutats, l'espai \u00e9s un b\u00e9 esc\u00e0s, i aix\u00f2 es fa especialment evident a les terrasses, que solen ser de dimensions redu\u00efdes. No obstant, aix\u00f2 no significa que no puguem<\/span><b> gaudir de la bellesa i els beneficis dels arbres<\/b><span style=\"font-weight: 400;\"> a les nostres terrasses.<\/span><\/p>\n<p><span style=\"font-weight: 400;\">Alguns arbres s\u00f3n una excel\u00b7lent opci\u00f3 per a una terrassa o els nostres espais urbans perqu\u00e8 <\/span><b>s'adapten perfectament al nostre clima mediterrani, s\u00f3n resistents i requereixen poc manteniment.<\/b><span style=\"font-weight: 400;\"> La incorporaci\u00f3 d'arbres petits en tests pot<\/span><b> transformar per complet una terrassa<\/b><span style=\"font-weight: 400;\"> en un oasi de serenitat i bellesa natural. A m\u00e9s, <\/span><b>aporten un toc de naturalesa i frescor<\/b><span style=\"font-weight: 400;\"> a les nostres terrasses, <\/span><b>millorant la qualitat de l'aire i reduint el soroll.<\/b><\/p>\n<p><span style=\"font-weight: 400;\">Et recomanem alguns tipus <\/span><b>d'arbres per a jard\u00ed i terrasses de petita grand\u00e0ria per a plantar en tests<\/b><span style=\"font-weight: 400;\"> a les terrasses urbanes, tant en patis com en \u00e0tics.<\/span><\/p>\n<p><b>\u00a0<\/b><\/p>\n<h2><b>Olivera<\/b><\/h2>\n<p><span style=\"font-weight: 400;\">Aquest arbre \u00e9s una elecci\u00f3 excepcional per al teu jard\u00ed o terrassa.<\/span><span style=\"font-weight: 400;\"> L'olivera \u00e9s un arbre de <\/span><b>fulla perenne, creixement lent i port arrodonit.<\/b><span style=\"font-weight: 400;\"> \u00c9s <\/span><span style=\"font-weight: 400;\">molt resistent,<\/span>\u00a0<b>capa\u00e7 de<\/b> <b>suportar temperatures extremes,<\/b><span style=\"font-weight: 400;\"> tant altes com baixes. A m\u00e9s, \u00e9s molt tolerant a la sequera i al vent. <\/span><span style=\"font-weight: 400;\">M\u00e9s enll\u00e0 de la seva robustesa<\/span><span style=\"font-weight: 400;\">, l'olivera <\/span><b>\u00e9s un s\u00edmbol de pau i prosperitat, <\/b><span style=\"font-weight: 400;\">i \u00e9s un arbre molt popular a la cultura mediterr\u00e0nia. Les seves fulles platejades i tronc retor\u00e7at evoquen les assolellades costes del sud d'Europa. <\/span><span style=\"font-weight: 400;\">En incorporar una olivera al teu jard\u00ed podr\u00e0s gaudir de la seva bellesa atemporal i la seva eleg\u00e0ncia natural. Quant a la seva cura, <\/span><b>\u00e9s important proporcionar-los suficient aigua i llum solar.<\/b><span style=\"font-weight: 400;\"> Tamb\u00e9 et recomanem podar-los regularment perqu\u00e8 mantinguin la seva forma.<\/span><\/p>\n<p>&nbsp;<\/p>\n<p><span style=\"font-weight: 400;\"> <img fetchpriority=\"high\" decoding=\"async\" class=\"alignnone wp-image-2036\" src=\"https:\/\/teodorabcn.com\/wp-content\/uploads\/2024\/03\/Olivo-300x169.jpg\" alt=\"Olivo\" width=\"992\" height=\"559\" srcset=\"https:\/\/teodorabcn.com\/wp-content\/uploads\/2024\/03\/Olivo-300x169.jpg 300w, https:\/\/teodorabcn.com\/wp-content\/uploads\/2024\/03\/Olivo-1024x576.jpg 1024w, https:\/\/teodorabcn.com\/wp-content\/uploads\/2024\/03\/Olivo-768x432.jpg 768w, https:\/\/teodorabcn.com\/wp-content\/uploads\/2024\/03\/Olivo-1536x864.jpg 1536w, https:\/\/teodorabcn.com\/wp-content\/uploads\/2024\/03\/Olivo-18x10.jpg 18w, https:\/\/teodorabcn.com\/wp-content\/uploads\/2024\/03\/Olivo.jpg 1920w\" sizes=\"(max-width: 992px) 100vw, 992px\" \/><\/span><\/p>\n<p>&nbsp;<\/p>\n<h2><b>Ficus N\u00edtida\u00a0<\/b><\/h2>\n<p><span style=\"font-weight: 400;\">Tamb\u00e9 conegut com a Llorer d'\u00cdndies, <\/span><span style=\"font-weight: 400;\">\u00e9s originari de les regions tropicals d'\u00c0sia. <\/span><span style=\"font-weight: 400;\">Arbre<\/span><b> molt decoratiu pel seu fullatge verd brillant i pel seu tronc,<\/b><span style=\"font-weight: 400;\"> que pot prendre formes corbes o croades molt cridaneres.  \u00c9s molt <\/span><b>adequat per a cultiu en test<\/b><span style=\"font-weight: 400;\"> perqu\u00e8 les seves dimensions es reduiran de manera significativa. Creix molt b\u00e9 en climes c\u00e0lids i humits i, una vegada arrelen, aguanten molt b\u00e9 el clima fred i requereixen manteniment amb poca aigua. <\/span><span style=\"font-weight: 400;\">Una de les seves caracter\u00edstiques m\u00e9s populars \u00e9s que <\/span><b>t\u00e9 la capacitat de filtrar i purificar l'aire<\/b><span style=\"font-weight: 400;\">, ajudant a millorar la qualitat de l\u2019ambient interior i creant un espai m\u00e9s saludable.<\/span><\/p>\n<p>&nbsp;<\/p>\n<h2><b>Figuera<\/b><\/h2>\n<p><span style=\"font-weight: 400;\">La figuera, el nom cient\u00edfic de la qual \u00e9s<\/span>\u00a0<span style=\"font-weight: 400;\">Ficus Carica,  tamb\u00e9 <\/span><b>pertany<\/b><b> a la fam\u00edlia dels Ficus.<\/b><span style=\"font-weight: 400;\"> \u00c9s un arbre fruiter perennifoli de fulla caduca, produeix figues, una fruita deliciosa per al paladar i la vista. <\/span><span style=\"font-weight: 400;\">Tamb\u00e9 produeix una altra fruita anomenada bacora. Aquesta apareix en l'hivern i no madura fins a la primavera. Tots dos fruits han estat considerats durant molt de temps com a regals de la naturalesa i <\/span><b>han estat presents en l'alimentaci\u00f3 de moltes cultures.<\/b> <span style=\"font-weight: 400;\">Amb fulles verdes i lobulades, t\u00e9 un creixement lent i port arrodonit.<\/span><b> \u00c9s un arbre molt resistent,<\/b><span style=\"font-weight: 400;\"> que pot suportar temperatures extremes, tant altes com baixes, sent tamb\u00e9 molt resistent a la sequera i al vent.\u00a0 <\/span><b>\u00c9s un s\u00edmbol de prosperitat, saviesa i pau.<\/b><span style=\"font-weight: 400;\"> En tests, la figuera<\/span><b> s'adapta perfectament a l'espai limitat d'una terrassa,<\/b><span style=\"font-weight: 400;\"> mantenint la seva grand\u00e0ria i forma sense sacrificar la seva esplendor.<\/span><\/p>\n<p>&nbsp;<\/p>\n<p><span style=\"font-weight: 400;\"> <img decoding=\"async\" class=\"alignnone wp-image-2038\" src=\"https:\/\/teodorabcn.com\/wp-content\/uploads\/2024\/03\/Higuera-300x169.jpg\" alt=\"Higuera\" width=\"999\" height=\"563\" srcset=\"https:\/\/teodorabcn.com\/wp-content\/uploads\/2024\/03\/Higuera-300x169.jpg 300w, https:\/\/teodorabcn.com\/wp-content\/uploads\/2024\/03\/Higuera-1024x576.jpg 1024w, https:\/\/teodorabcn.com\/wp-content\/uploads\/2024\/03\/Higuera-768x432.jpg 768w, https:\/\/teodorabcn.com\/wp-content\/uploads\/2024\/03\/Higuera-1536x864.jpg 1536w, https:\/\/teodorabcn.com\/wp-content\/uploads\/2024\/03\/Higuera-18x10.jpg 18w, https:\/\/teodorabcn.com\/wp-content\/uploads\/2024\/03\/Higuera.jpg 1920w\" sizes=\"(max-width: 999px) 100vw, 999px\" \/><\/span><\/p>\n<p>&nbsp;<\/p>\n<h2><b>C\u00edtrics\u00a0<\/b><\/h2>\n<p><span style=\"font-weight: 400;\">Llimones, taronges o mandarines en tests no sols <\/span><b>afegeixen un toc fresc i arom\u00e0tic,<\/b><span style=\"font-weight: 400;\"> sin\u00f3 que tamb\u00e9 <\/span><b>ofereixen la possibilitat de collir fruites pr\u00f2pies<\/b><span style=\"font-weight: 400;\"> en el cor de la ciutat. Entre la fam\u00edlia dels c\u00edtrics trobem al llimoner, el taronger, el mandariner, el cumquat i la calamondina.  S\u00f3n arbres compactes amb<\/span><b> fullatge verd brillant i fragants flors blanques,<\/b><span style=\"font-weight: 400;\"> que encaixen perfectament en tests, afegint tant utilitat com bellesa, la qual cosa els fa perfectes per a la teva terrassa o jard\u00ed. <\/span><span style=\"font-weight: 400;\">Per a garantir que aquests arbres es mantinguin sans i donin fruits, \u00e9s fonamental triar el substrat adequat i regar-los de la manera correcta. Recomanem que aquest sigui per degoteig per a aix\u00ed evitar embassades. Tamb\u00e9 <\/span><b>ser\u00e0 essencial dur a terme una poda anual<\/b><span style=\"font-weight: 400;\"> i proporcionar una nutrici\u00f3 completa que estimuli tant la floraci\u00f3 com el desenvolupament dels fruits.<\/span><\/p>\n<p><span style=\"font-weight: 400;\">\u00a0<\/span><\/p>\n<h2><b>Magraner\u00a0<\/b><\/h2>\n<p><span style=\"font-weight: 400;\">Amb les seves cridaneres flors i fruits, el magraner \u00e9s una opci\u00f3 est\u00e8tica que <\/span><b>combina bellesa i funcionalitat.<\/b> <span style=\"font-weight: 400;\">\u00c9s un arbre que <\/span><b>necessita poca aigua,<\/b><span style=\"font-weight: 400;\"> la qual cosa el fa ideal per a zones on els estius s\u00f3n molt secs.<\/span><span style=\"font-weight: 400;\"> A m\u00e9s, la seva capacitat per a adaptar-se a condicions de cultiu en tests el fa idoni per a espais redu\u00efts. \u00c9s un <\/span><b>s\u00edmbol de bellesa i abund\u00e0ncia<\/b><span style=\"font-weight: 400;\"> que pot transformar la teva terrassa en un oasi mediterrani. Des de les seves flors brillants fins als seus fruits sucosos i saludables, el magraner <\/span><b>ofereix una experi\u00e8ncia sensorial completa.<\/b> <span style=\"font-weight: 400;\">En incorporar-ho a la teva terrassa o jard\u00ed, procura situar-ho en una zona amb exposici\u00f3 directa a la llum del sol. Si arrib\u00e9s a interessar-te reproduir-ho, pots fer-ho amb els esqueixos despr\u00e9s de la poda o b\u00e9, sembrant les llavors. L'\u00e8poca ideal per a plantar aquesta esp\u00e8cie \u00e9s durant la primavera, encara que tamb\u00e9 \u00e9s adequat fer-ho a la tardor o hivern si \u00e9s necessari.<\/span><\/p>\n<p>&nbsp;<\/p>\n<h2><b>Arbo\u00e7\u00a0<\/b><\/h2>\n<p><span style=\"font-weight: 400;\">Amb el seu <\/span><b>tronc vermell\u00f3s i fruits que canvien de color,<\/b><span style=\"font-weight: 400;\"> l'arbo\u00e7 \u00e9s una opci\u00f3 \u00fanica per a terrasses a Barcelona. <\/span><span style=\"font-weight: 400;\">Una de les seves caracter\u00edstiques distintives \u00e9s la seva capacitat de<\/span><b> florir alhora que maduren els seus fruits.<\/b> <span style=\"font-weight: 400;\">\u00a0Conegut per les seves baies vermelles comestibles a la tardor, aquest arbre <\/span><b>atreu a ocells i papallones<\/b><span style=\"font-weight: 400;\"> afegint moviment i vida a la teva terrassa. La seva escor\u00e7a vermellosa i el seu fullatge perenne, a m\u00e9s de la seva resist\u00e8ncia a la sequera i la seva capacitat per a cr\u00e9ixer en tests, el converteixen en una bona elecci\u00f3. <\/span><span style=\"font-weight: 400;\">\u00a0Pel que fa a la seva ubicaci\u00f3, pot estar sota el sol, per\u00f2 tamb\u00e9 s'adapta b\u00e9 a l'ombra parcial. Addicionalment, requereix reg moderat per\u00f2 regular. En cas que fos necessari, et recomanem podar-ho per a mantenir la forma.<\/span><\/p>\n<p>&nbsp;<\/p>\n<p><img decoding=\"async\" class=\"alignnone wp-image-2039\" src=\"https:\/\/teodorabcn.com\/wp-content\/uploads\/2024\/03\/Granado-y-Madrono-300x169.jpg\" alt=\"Granado y Madro\u00f1o\" width=\"998\" height=\"562\" srcset=\"https:\/\/teodorabcn.com\/wp-content\/uploads\/2024\/03\/Granado-y-Madrono-300x169.jpg 300w, https:\/\/teodorabcn.com\/wp-content\/uploads\/2024\/03\/Granado-y-Madrono-1024x576.jpg 1024w, https:\/\/teodorabcn.com\/wp-content\/uploads\/2024\/03\/Granado-y-Madrono-768x432.jpg 768w, https:\/\/teodorabcn.com\/wp-content\/uploads\/2024\/03\/Granado-y-Madrono-1536x864.jpg 1536w, https:\/\/teodorabcn.com\/wp-content\/uploads\/2024\/03\/Granado-y-Madrono-18x10.jpg 18w, https:\/\/teodorabcn.com\/wp-content\/uploads\/2024\/03\/Granado-y-Madrono.jpg 1920w\" sizes=\"(max-width: 998px) 100vw, 998px\" \/><\/p>\n<p>&nbsp;<\/p>\n<h2><b>Consells per cultivar arbres en tests<\/b><\/h2>\n<p><span style=\"font-weight: 400;\">A l\u2019hora de cultivar arbres en tests, \u00e9s important tenir en compte els seg\u00fcents consells:<\/span><\/p>\n<ul>\n<li style=\"font-weight: 400;\" aria-level=\"1\"><b>Dimensions del test:<\/b><span style=\"font-weight: 400;\"> Tria un test de<\/span><b> dimensions adequades a l'arbre <\/b><span style=\"font-weight: 400;\">que vagis a plantar. El test ha de ser <\/span><b>prou gran com perqu\u00e8 les arrels de l'arbre tinguin espai per a cr\u00e9ixer<\/b><span style=\"font-weight: 400;\"> i que l'arbre tingui estabilitat.<\/span><\/li>\n<li style=\"font-weight: 400;\" aria-level=\"1\"><b>Llum i aigua:<\/b><span style=\"font-weight: 400;\"> Coneix les <\/span><b>necessitats espec\u00edfiques de llum i aigua<\/b><span style=\"font-weight: 400;\"> de cada arbre per a assegurar la seva salut i desenvolupament.<\/span><\/li>\n<li style=\"font-weight: 400;\" aria-level=\"1\"><b>Substrat:<\/b><span style=\"font-weight: 400;\"> Utilitza una terra de qualitat, que sigui <\/span><b>rica en nutrients i que dreni b\u00e9.<\/b><\/li>\n<li style=\"font-weight: 400;\" aria-level=\"1\"><b>Reg i drenatge:<\/b><span style=\"font-weight: 400;\"> Rega l'arbre regularment, per\u00f2 <\/span><b>evita l'embassada.<\/b><span style=\"font-weight: 400;\"> L'ideal \u00e9s un reg autom\u00e0tic que permet assegurar el correcte dosatge d'aigua.<\/span><\/li>\n<li style=\"font-weight: 400;\" aria-level=\"1\"><b>Protecci\u00f3: <\/b><span style=\"font-weight: 400;\">Protegeix l'arbre del vent i del fred, especialment a l'hivern.<\/span><\/li>\n<li style=\"font-weight: 400;\" aria-level=\"1\"><b>Manteniment:<\/b><span style=\"font-weight: 400;\"> Encara que aquests arbres s\u00f3n de baix manteniment,<\/span><b> \u00e9s important podar i fertilitzar segons sigui necessari per a la seva bellesa i salut.<\/b><span style=\"font-weight: 400;\">\u00a0 \u00c9s necessari fertilitzar l'arbre durant la temporada de creixement, que a Barcelona seria una primera vegada a la primavera i una altra segona just abans de la tardor.<\/span><\/li>\n<\/ul>\n<p><span style=\"font-weight: 400;\">\u00a0<\/span><\/p>\n<p><span style=\"font-weight: 400;\">Des del magraner fins al llimoner, hi ha una <\/span><b>\u00e0mplia gamma d'opcions d'arbres <\/b>capa\u00e7os<span style=\"font-weight: 400;\">\u00a0adaptarse a tus gustos y condiciones de terraza y poder empezar a <\/span><b>tenir un tros de naturalesa prop de tu.<\/b><span style=\"font-weight: 400;\"> Fins i tot si tens un espai redu\u00eft, podr\u00e0s gaudir dels beneficis dels arbres a la teva terrassa i crear harmonia entre la naturalesa i la vida urbana. <\/span><span style=\"font-weight: 400;\">A <\/span><a href=\"https:\/\/teodorabcn.com\/ca\/\"><span style=\"font-weight: 400;\">Teodora Exteriorisme<\/span><\/a><span style=\"font-weight: 400;\"> som experts a donar vida als teus espais d'exterior. Convertim les terrasses i jardins en espais per a ser viscuts i gaudits. Si tens dubtes sobre els arbres que podrien encaixar millor a la teva terrassa, <\/span><a href=\"https:\/\/teodorabcn.com\/ca\/contacto\/\"><span style=\"font-weight: 400;\">contacta'ns<\/span><\/a><span style=\"font-weight: 400;\"> i estarem encantats d'ajudar-te.\u00a0<\/span><\/p>","protected":false},"excerpt":{"rendered":"<p>En las ciudades, el espacio es un bien escaso, esto se hace especialmente evidente en las terrazas, que suelen ser de dimensiones reducidas. Sin embargo, esto no significa que no podamos disfrutar de la belleza y los beneficios de los \u00e1rboles para jard\u00edn y terraza. Algunos \u00e1rboles son una excelente opci\u00f3n para un jard\u00edn o [&hellip;]<\/p>","protected":false},"author":4,"featured_media":2732,"comment_status":"closed","ping_status":"closed","sticky":false,"template":"","format":"standard","meta":{"footnotes":""},"categories":[1],"tags":[],"class_list":["post-1963","post","type-post","status-publish","format-standard","has-post-thumbnail","hentry","category-sin-categorizar"],"yoast_head":"<!-- This site is optimized with the Yoast SEO plugin v26.6 - https:\/\/yoast.com\/wordpress\/plugins\/seo\/ -->\n<title>\u00c1rboles para jard\u00edn y terraza urbana - Teodora<\/title>\n<meta name=\"description\" content=\"Descubre cu\u00e1les son los \u00e1rboles para jard\u00edn y para terrazas urbanas. Te lo contamos en este art\u00edculo de Blog de Teodora Exteriorismo.\" \/>\n<meta name=\"robots\" content=\"index, follow, max-snippet:-1, max-image-preview:large, max-video-preview:-1\" \/>\n<link rel=\"canonical\" href=\"https:\/\/teodorabcn.com\/ca\/arboles-para-jardin-y-terraza-urbana\/\" \/>\n<meta property=\"og:locale\" content=\"ca_ES\" \/>\n<meta property=\"og:type\" content=\"article\" \/>\n<meta property=\"og:title\" content=\"\u00c1rboles para jard\u00edn y terraza urbana - Teodora\" \/>\n<meta property=\"og:description\" content=\"Descubre cu\u00e1les son los \u00e1rboles para jard\u00edn y para terrazas urbanas. Te lo contamos en este art\u00edculo de Blog de Teodora Exteriorismo.\" \/>\n<meta property=\"og:url\" content=\"https:\/\/teodorabcn.com\/ca\/arboles-para-jardin-y-terraza-urbana\/\" \/>\n<meta property=\"og:site_name\" content=\"Teodora\" \/>\n<meta property=\"article:publisher\" content=\"https:\/\/www.facebook.com\/profile.php?id=61550838347854\" \/>\n<meta property=\"article:published_time\" content=\"2024-03-07T16:05:40+00:00\" \/>\n<meta property=\"article:modified_time\" content=\"2025-03-19T10:29:48+00:00\" \/>\n<meta property=\"og:image\" content=\"https:\/\/teodorabcn.com\/wp-content\/uploads\/2024\/03\/arboles-para-jardin-teodora-2.jpg\" \/>\n\t<meta property=\"og:image:width\" content=\"1920\" \/>\n\t<meta property=\"og:image:height\" content=\"1080\" \/>\n\t<meta property=\"og:image:type\" content=\"image\/jpeg\" \/>\n<meta name=\"author\" content=\"Borja\" \/>\n<meta name=\"twitter:card\" content=\"summary_large_image\" \/>\n<meta name=\"twitter:label1\" content=\"Escrit per\" \/>\n\t<meta name=\"twitter:data1\" content=\"Borja\" \/>\n\t<meta name=\"twitter:label2\" content=\"Temps estimat de lectura\" \/>\n\t<meta name=\"twitter:data2\" content=\"7 minuts\" \/>\n<script type=\"application\/ld+json\" class=\"yoast-schema-graph\">{\"@context\":\"https:\/\/schema.org\",\"@graph\":[{\"@type\":\"Article\",\"@id\":\"https:\/\/teodorabcn.com\/arboles-para-jardin-y-terraza-urbana\/#article\",\"isPartOf\":{\"@id\":\"https:\/\/teodorabcn.com\/arboles-para-jardin-y-terraza-urbana\/\"},\"author\":{\"name\":\"Borja\",\"@id\":\"https:\/\/teodorabcn.com\/#\/schema\/person\/37a86a5b0fcaa1c21abddf6adb873561\"},\"headline\":\"\u00c1rboles para jard\u00edn y terraza urbana\",\"datePublished\":\"2024-03-07T16:05:40+00:00\",\"dateModified\":\"2025-03-19T10:29:48+00:00\",\"mainEntityOfPage\":{\"@id\":\"https:\/\/teodorabcn.com\/arboles-para-jardin-y-terraza-urbana\/\"},\"wordCount\":1317,\"publisher\":{\"@id\":\"https:\/\/teodorabcn.com\/#organization\"},\"image\":{\"@id\":\"https:\/\/teodorabcn.com\/arboles-para-jardin-y-terraza-urbana\/#primaryimage\"},\"thumbnailUrl\":\"https:\/\/teodorabcn.com\/wp-content\/uploads\/2024\/03\/arboles-para-jardin-teodora-2.jpg\",\"articleSection\":[\"Sin categorizar\"],\"inLanguage\":\"ca\"},{\"@type\":\"WebPage\",\"@id\":\"https:\/\/teodorabcn.com\/arboles-para-jardin-y-terraza-urbana\/\",\"url\":\"https:\/\/teodorabcn.com\/arboles-para-jardin-y-terraza-urbana\/\",\"name\":\"\u00c1rboles para jard\u00edn y terraza urbana - Teodora\",\"isPartOf\":{\"@id\":\"https:\/\/teodorabcn.com\/#website\"},\"primaryImageOfPage\":{\"@id\":\"https:\/\/teodorabcn.com\/arboles-para-jardin-y-terraza-urbana\/#primaryimage\"},\"image\":{\"@id\":\"https:\/\/teodorabcn.com\/arboles-para-jardin-y-terraza-urbana\/#primaryimage\"},\"thumbnailUrl\":\"https:\/\/teodorabcn.com\/wp-content\/uploads\/2024\/03\/arboles-para-jardin-teodora-2.jpg\",\"datePublished\":\"2024-03-07T16:05:40+00:00\",\"dateModified\":\"2025-03-19T10:29:48+00:00\",\"description\":\"Descubre cu\u00e1les son los \u00e1rboles para jard\u00edn y para terrazas urbanas. Te lo contamos en este art\u00edculo de Blog de Teodora Exteriorismo.\",\"breadcrumb\":{\"@id\":\"https:\/\/teodorabcn.com\/arboles-para-jardin-y-terraza-urbana\/#breadcrumb\"},\"inLanguage\":\"ca\",\"potentialAction\":[{\"@type\":\"ReadAction\",\"target\":[\"https:\/\/teodorabcn.com\/arboles-para-jardin-y-terraza-urbana\/\"]}]},{\"@type\":\"ImageObject\",\"inLanguage\":\"ca\",\"@id\":\"https:\/\/teodorabcn.com\/arboles-para-jardin-y-terraza-urbana\/#primaryimage\",\"url\":\"https:\/\/teodorabcn.com\/wp-content\/uploads\/2024\/03\/arboles-para-jardin-teodora-2.jpg\",\"contentUrl\":\"https:\/\/teodorabcn.com\/wp-content\/uploads\/2024\/03\/arboles-para-jardin-teodora-2.jpg\",\"width\":1920,\"height\":1080,\"caption\":\"arboles-para-jardin-teodora-2\"},{\"@type\":\"BreadcrumbList\",\"@id\":\"https:\/\/teodorabcn.com\/arboles-para-jardin-y-terraza-urbana\/#breadcrumb\",\"itemListElement\":[{\"@type\":\"ListItem\",\"position\":1,\"name\":\"Portada\",\"item\":\"https:\/\/teodorabcn.com\/\"},{\"@type\":\"ListItem\",\"position\":2,\"name\":\"\u00c1rboles para jard\u00edn y terraza urbana\"}]},{\"@type\":\"WebSite\",\"@id\":\"https:\/\/teodorabcn.com\/#website\",\"url\":\"https:\/\/teodorabcn.com\/\",\"name\":\"Teodora Exteriorismo\",\"description\":\"Creamos terrazas y jardines con car\u00e1cter.\",\"publisher\":{\"@id\":\"https:\/\/teodorabcn.com\/#organization\"},\"alternateName\":\"Teodora\",\"potentialAction\":[{\"@type\":\"SearchAction\",\"target\":{\"@type\":\"EntryPoint\",\"urlTemplate\":\"https:\/\/teodorabcn.com\/?s={search_term_string}\"},\"query-input\":{\"@type\":\"PropertyValueSpecification\",\"valueRequired\":true,\"valueName\":\"search_term_string\"}}],\"inLanguage\":\"ca\"},{\"@type\":\"Organization\",\"@id\":\"https:\/\/teodorabcn.com\/#organization\",\"name\":\"Teodora Exteriorismo\",\"alternateName\":\"Teodora\",\"url\":\"https:\/\/teodorabcn.com\/\",\"logo\":{\"@type\":\"ImageObject\",\"inLanguage\":\"ca\",\"@id\":\"https:\/\/teodorabcn.com\/#\/schema\/logo\/image\/\",\"url\":\"https:\/\/teodorabcn.com\/wp-content\/uploads\/2023\/10\/Teodora_logo-_EXT-Ok-ESP-e1706538305612.jpg\",\"contentUrl\":\"https:\/\/teodorabcn.com\/wp-content\/uploads\/2023\/10\/Teodora_logo-_EXT-Ok-ESP-e1706538305612.jpg\",\"width\":1540,\"height\":573,\"caption\":\"Teodora Exteriorismo\"},\"image\":{\"@id\":\"https:\/\/teodorabcn.com\/#\/schema\/logo\/image\/\"},\"sameAs\":[\"https:\/\/www.facebook.com\/profile.php?id=61550838347854\",\"https:\/\/www.instagram.com\/teodora.exteriorismo\/?hl=es\",\"https:\/\/www.pinterest.es\/teodora_exteriorismo\/\",\"https:\/\/www.linkedin.com\/company\/teodora-bcn-exteriorismo\/\"]},{\"@type\":\"Person\",\"@id\":\"https:\/\/teodorabcn.com\/#\/schema\/person\/37a86a5b0fcaa1c21abddf6adb873561\",\"name\":\"Borja\",\"image\":{\"@type\":\"ImageObject\",\"inLanguage\":\"ca\",\"@id\":\"https:\/\/teodorabcn.com\/#\/schema\/person\/image\/\",\"url\":\"https:\/\/secure.gravatar.com\/avatar\/f2ed8804c3ff9ca239d6113506ad4c491ff583257ff77ddc6f23de01c3303c6c?s=96&d=mm&r=g\",\"contentUrl\":\"https:\/\/secure.gravatar.com\/avatar\/f2ed8804c3ff9ca239d6113506ad4c491ff583257ff77ddc6f23de01c3303c6c?s=96&d=mm&r=g\",\"caption\":\"Borja\"},\"url\":\"https:\/\/teodorabcn.com\/ca\/author\/borja\/\"}]}<\/script>\n<!-- \/ Yoast SEO plugin. -->","yoast_head_json":{"title":"\u00c1rboles para jard\u00edn y terraza urbana - Teodora","description":"Descubre cu\u00e1les son los \u00e1rboles para jard\u00edn y para terrazas urbanas. Te lo contamos en este art\u00edculo de Blog de Teodora Exteriorismo.","robots":{"index":"index","follow":"follow","max-snippet":"max-snippet:-1","max-image-preview":"max-image-preview:large","max-video-preview":"max-video-preview:-1"},"canonical":"https:\/\/teodorabcn.com\/ca\/arboles-para-jardin-y-terraza-urbana\/","og_locale":"ca_ES","og_type":"article","og_title":"\u00c1rboles para jard\u00edn y terraza urbana - Teodora","og_description":"Descubre cu\u00e1les son los \u00e1rboles para jard\u00edn y para terrazas urbanas. Te lo contamos en este art\u00edculo de Blog de Teodora Exteriorismo.","og_url":"https:\/\/teodorabcn.com\/ca\/arboles-para-jardin-y-terraza-urbana\/","og_site_name":"Teodora","article_publisher":"https:\/\/www.facebook.com\/profile.php?id=61550838347854","article_published_time":"2024-03-07T16:05:40+00:00","article_modified_time":"2025-03-19T10:29:48+00:00","og_image":[{"width":1920,"height":1080,"url":"https:\/\/teodorabcn.com\/wp-content\/uploads\/2024\/03\/arboles-para-jardin-teodora-2.jpg","type":"image\/jpeg"}],"author":"Borja","twitter_card":"summary_large_image","twitter_misc":{"Escrit per":"Borja","Temps estimat de lectura":"7 minuts"},"schema":{"@context":"https:\/\/schema.org","@graph":[{"@type":"Article","@id":"https:\/\/teodorabcn.com\/arboles-para-jardin-y-terraza-urbana\/#article","isPartOf":{"@id":"https:\/\/teodorabcn.com\/arboles-para-jardin-y-terraza-urbana\/"},"author":{"name":"Borja","@id":"https:\/\/teodorabcn.com\/#\/schema\/person\/37a86a5b0fcaa1c21abddf6adb873561"},"headline":"\u00c1rboles para jard\u00edn y terraza urbana","datePublished":"2024-03-07T16:05:40+00:00","dateModified":"2025-03-19T10:29:48+00:00","mainEntityOfPage":{"@id":"https:\/\/teodorabcn.com\/arboles-para-jardin-y-terraza-urbana\/"},"wordCount":1317,"publisher":{"@id":"https:\/\/teodorabcn.com\/#organization"},"image":{"@id":"https:\/\/teodorabcn.com\/arboles-para-jardin-y-terraza-urbana\/#primaryimage"},"thumbnailUrl":"https:\/\/teodorabcn.com\/wp-content\/uploads\/2024\/03\/arboles-para-jardin-teodora-2.jpg","articleSection":["Sin categorizar"],"inLanguage":"ca"},{"@type":"WebPage","@id":"https:\/\/teodorabcn.com\/arboles-para-jardin-y-terraza-urbana\/","url":"https:\/\/teodorabcn.com\/arboles-para-jardin-y-terraza-urbana\/","name":"\u00c1rboles para jard\u00edn y terraza urbana - Teodora","isPartOf":{"@id":"https:\/\/teodorabcn.com\/#website"},"primaryImageOfPage":{"@id":"https:\/\/teodorabcn.com\/arboles-para-jardin-y-terraza-urbana\/#primaryimage"},"image":{"@id":"https:\/\/teodorabcn.com\/arboles-para-jardin-y-terraza-urbana\/#primaryimage"},"thumbnailUrl":"https:\/\/teodorabcn.com\/wp-content\/uploads\/2024\/03\/arboles-para-jardin-teodora-2.jpg","datePublished":"2024-03-07T16:05:40+00:00","dateModified":"2025-03-19T10:29:48+00:00","description":"Descubre cu\u00e1les son los \u00e1rboles para jard\u00edn y para terrazas urbanas. Te lo contamos en este art\u00edculo de Blog de Teodora Exteriorismo.","breadcrumb":{"@id":"https:\/\/teodorabcn.com\/arboles-para-jardin-y-terraza-urbana\/#breadcrumb"},"inLanguage":"ca","potentialAction":[{"@type":"ReadAction","target":["https:\/\/teodorabcn.com\/arboles-para-jardin-y-terraza-urbana\/"]}]},{"@type":"ImageObject","inLanguage":"ca","@id":"https:\/\/teodorabcn.com\/arboles-para-jardin-y-terraza-urbana\/#primaryimage","url":"https:\/\/teodorabcn.com\/wp-content\/uploads\/2024\/03\/arboles-para-jardin-teodora-2.jpg","contentUrl":"https:\/\/teodorabcn.com\/wp-content\/uploads\/2024\/03\/arboles-para-jardin-teodora-2.jpg","width":1920,"height":1080,"caption":"arboles-para-jardin-teodora-2"},{"@type":"BreadcrumbList","@id":"https:\/\/teodorabcn.com\/arboles-para-jardin-y-terraza-urbana\/#breadcrumb","itemListElement":[{"@type":"ListItem","position":1,"name":"Portada","item":"https:\/\/teodorabcn.com\/"},{"@type":"ListItem","position":2,"name":"\u00c1rboles para jard\u00edn y terraza urbana"}]},{"@type":"WebSite","@id":"https:\/\/teodorabcn.com\/#website","url":"https:\/\/teodorabcn.com\/","name":"Teodora Exteriorisme","description":"Creamos terrazas y jardines con car\u00e1cter.","publisher":{"@id":"https:\/\/teodorabcn.com\/#organization"},"alternateName":"Teodora","potentialAction":[{"@type":"SearchAction","target":{"@type":"EntryPoint","urlTemplate":"https:\/\/teodorabcn.com\/?s={search_term_string}"},"query-input":{"@type":"PropertyValueSpecification","valueRequired":true,"valueName":"search_term_string"}}],"inLanguage":"ca"},{"@type":"Organization","@id":"https:\/\/teodorabcn.com\/#organization","name":"Teodora Exteriorisme","alternateName":"Teodora","url":"https:\/\/teodorabcn.com\/","logo":{"@type":"ImageObject","inLanguage":"ca","@id":"https:\/\/teodorabcn.com\/#\/schema\/logo\/image\/","url":"https:\/\/teodorabcn.com\/wp-content\/uploads\/2023\/10\/Teodora_logo-_EXT-Ok-ESP-e1706538305612.jpg","contentUrl":"https:\/\/teodorabcn.com\/wp-content\/uploads\/2023\/10\/Teodora_logo-_EXT-Ok-ESP-e1706538305612.jpg","width":1540,"height":573,"caption":"Teodora Exteriorismo"},"image":{"@id":"https:\/\/teodorabcn.com\/#\/schema\/logo\/image\/"},"sameAs":["https:\/\/www.facebook.com\/profile.php?id=61550838347854","https:\/\/www.instagram.com\/teodora.exteriorismo\/?hl=es","https:\/\/www.pinterest.es\/teodora_exteriorismo\/","https:\/\/www.linkedin.com\/company\/teodora-bcn-exteriorismo\/"]},{"@type":"Person","@id":"https:\/\/teodorabcn.com\/#\/schema\/person\/37a86a5b0fcaa1c21abddf6adb873561","name":"Borja","image":{"@type":"ImageObject","inLanguage":"ca","@id":"https:\/\/teodorabcn.com\/#\/schema\/person\/image\/","url":"https:\/\/secure.gravatar.com\/avatar\/f2ed8804c3ff9ca239d6113506ad4c491ff583257ff77ddc6f23de01c3303c6c?s=96&d=mm&r=g","contentUrl":"https:\/\/secure.gravatar.com\/avatar\/f2ed8804c3ff9ca239d6113506ad4c491ff583257ff77ddc6f23de01c3303c6c?s=96&d=mm&r=g","caption":"Borja"},"url":"https:\/\/teodorabcn.com\/ca\/author\/borja\/"}]}},"_links":{"self":[{"href":"https:\/\/teodorabcn.com\/ca\/wp-json\/wp\/v2\/posts\/1963","targetHints":{"allow":["GET"]}}],"collection":[{"href":"https:\/\/teodorabcn.com\/ca\/wp-json\/wp\/v2\/posts"}],"about":[{"href":"https:\/\/teodorabcn.com\/ca\/wp-json\/wp\/v2\/types\/post"}],"author":[{"embeddable":true,"href":"https:\/\/teodorabcn.com\/ca\/wp-json\/wp\/v2\/users\/4"}],"replies":[{"embeddable":true,"href":"https:\/\/teodorabcn.com\/ca\/wp-json\/wp\/v2\/comments?post=1963"}],"version-history":[{"count":13,"href":"https:\/\/teodorabcn.com\/ca\/wp-json\/wp\/v2\/posts\/1963\/revisions"}],"predecessor-version":[{"id":2037,"href":"https:\/\/teodorabcn.com\/ca\/wp-json\/wp\/v2\/posts\/1963\/revisions\/2037"}],"wp:featuredmedia":[{"embeddable":true,"href":"https:\/\/teodorabcn.com\/ca\/wp-json\/wp\/v2\/media\/2732"}],"wp:attachment":[{"href":"https:\/\/teodorabcn.com\/ca\/wp-json\/wp\/v2\/media?parent=1963"}],"wp:term":[{"taxonomy":"category","embeddable":true,"href":"https:\/\/teodorabcn.com\/ca\/wp-json\/wp\/v2\/categories?post=1963"},{"taxonomy":"post_tag","embeddable":true,"href":"https:\/\/teodorabcn.com\/ca\/wp-json\/wp\/v2\/tags?post=1963"}],"curies":[{"name":"wp","href":"https:\/\/api.w.org\/{rel}","templated":true}]}}