{"id":1344,"date":"2024-01-08T16:45:36","date_gmt":"2024-01-08T15:45:36","guid":{"rendered":"https:\/\/teodorabcn.com\/?p=1344"},"modified":"2025-03-19T11:52:09","modified_gmt":"2025-03-19T10:52:09","slug":"terrazas-estilo-mediterraneo","status":"publish","type":"post","link":"https:\/\/teodorabcn.com\/ca\/terrazas-estilo-mediterraneo\/","title":{"rendered":"Terrasses estil mediterrani: punts clau per al seu disseny"},"content":{"rendered":"<p><span style=\"font-weight: 400;\">Les terrasses estil mediterrani es caracteritzen per ser <strong>lluminoses i c\u00e0lides.<\/strong> En elles predomina la utilitzaci\u00f3 de materials naturals. Estan dissenyades per a gaudir al m\u00e0xim tant de dia com de nit, compartint moments amb fam\u00edlia i amics o per a relaxar-se sota el sol.<\/span><\/p>\n<p class=\"translation-block\"><span style=\"font-weight: 400\">L'equip de <a href=\"https:\/\/teodorabcn.com\/ca\/\" target=\"_blank\" rel=\"noopener\">Teodora<\/a> comentem els punts clau per a crear la terrassa mediterr\u00e0nia dels teus somnis, fusionant funcionalitat amb est\u00e8tica i sostenibilitat.<\/span><\/p>\n<p>&nbsp;<\/p>\n<h2><b>Materials naturals<\/b><\/h2>\n<p><span style=\"font-weight: 400;\">En optar per materials d'origen natural, est\u00e0s definint l'ess\u00e8ncia d'una terrassa d'aquest estil. <b>La fusta, el v\u00edmet, el sisal, la r\u00e0fia natural o el cany\u00eds<\/b> s\u00f3n opcions que aporten a l'espai autenticitat i harmonia. A m\u00e9s d'embellir l'espai, aquests elements tamb\u00e9 envelleixen amb gr\u00e0cia, adaptant-se a l'entorn de manera \u00fanica.<\/span><\/p>\n<p><span style=\"font-weight: 400;\">L'objectiu \u00e9s que el teu espai sigui una extensi\u00f3 de la naturalesa mediterr\u00e0nia.<br \/>\n<b><\/b><\/span><\/p>\n<h2><img fetchpriority=\"high\" decoding=\"async\" class=\"aligncenter wp-image-1915 size-full\" src=\"https:\/\/teodorabcn.com\/wp-content\/uploads\/2024\/01\/terrazas-estilo-mediterraneo-materiales-naturales.jpg\" alt=\"terrazas-estilo-mediterraneo-materiales-naturales\" width=\"1920\" height=\"1080\" srcset=\"https:\/\/teodorabcn.com\/wp-content\/uploads\/2024\/01\/terrazas-estilo-mediterraneo-materiales-naturales.jpg 1920w, https:\/\/teodorabcn.com\/wp-content\/uploads\/2024\/01\/terrazas-estilo-mediterraneo-materiales-naturales-300x169.jpg 300w, https:\/\/teodorabcn.com\/wp-content\/uploads\/2024\/01\/terrazas-estilo-mediterraneo-materiales-naturales-1024x576.jpg 1024w, https:\/\/teodorabcn.com\/wp-content\/uploads\/2024\/01\/terrazas-estilo-mediterraneo-materiales-naturales-768x432.jpg 768w, https:\/\/teodorabcn.com\/wp-content\/uploads\/2024\/01\/terrazas-estilo-mediterraneo-materiales-naturales-1536x864.jpg 1536w, https:\/\/teodorabcn.com\/wp-content\/uploads\/2024\/01\/terrazas-estilo-mediterraneo-materiales-naturales-18x10.jpg 18w\" sizes=\"(max-width: 1920px) 100vw, 1920px\" \/><\/h2>\n<p>&nbsp;<\/p>\n<h2><b>Jugar amb les ombres<\/b><\/h2>\n<p><span style=\"font-weight: 400;\">Per crear una experi\u00e8ncia agradable, ser\u00e0 necessari <b>jugar amb els espais d'ombra i lluminositat. <\/b>Utilitzant p\u00e8rgoles de fusta, ja siguin de v\u00edmet, cany\u00eds o troncs fins de fusta, s'obt\u00e9 un ambient amb ombres agradables. Aquestes estructures tamb\u00e9 afegeixen un toc informal a la teva terrassa.<b><\/b><\/span><\/p>\n<p>&nbsp;<\/p>\n<h2><b>Elecci\u00f3 del mobiliari<\/b><\/h2>\n<p><span style=\"font-weight: 400;\">L'elecci\u00f3 del mobiliari \u00e9s fonamental per a recrear una terrassa mediterr\u00e0nia. \u00c9s recomanable triar peces de <b>fusta de taronger, bamb\u00fa o fusta tropical<\/b> o opcions de ferro o alumini d'aspecte lleuger.<\/span><\/p>\n<p>Quan es tracta de triar els mobles, la base de la decisi\u00f3 est\u00e0 estretament lligada amb una caracter\u00edstica pr\u00f2pia de la manera de viure mediterr\u00e0nia: <strong>el bon menjar en bona companyia. Per aix\u00f2, amb taules grans i cadires c\u00f2modes<\/strong>, aconseguir\u00e0s tenir un ambient acollidor i funcional, que et permetr\u00e0 gaudir del clima i de la companyia de manera c\u00f2moda i allargar les sobretaules.<\/p>\n<p><img decoding=\"async\" class=\"aligncenter wp-image-1917 size-full\" src=\"https:\/\/teodorabcn.com\/wp-content\/uploads\/2024\/01\/terrazas-estilo-mediterraneo-mobiliario.jpg\" alt=\"terrazas-estilo-mediterraneo-mobiliario\" width=\"1920\" height=\"1080\" srcset=\"https:\/\/teodorabcn.com\/wp-content\/uploads\/2024\/01\/terrazas-estilo-mediterraneo-mobiliario.jpg 1920w, https:\/\/teodorabcn.com\/wp-content\/uploads\/2024\/01\/terrazas-estilo-mediterraneo-mobiliario-300x169.jpg 300w, https:\/\/teodorabcn.com\/wp-content\/uploads\/2024\/01\/terrazas-estilo-mediterraneo-mobiliario-1024x576.jpg 1024w, https:\/\/teodorabcn.com\/wp-content\/uploads\/2024\/01\/terrazas-estilo-mediterraneo-mobiliario-768x432.jpg 768w, https:\/\/teodorabcn.com\/wp-content\/uploads\/2024\/01\/terrazas-estilo-mediterraneo-mobiliario-1536x864.jpg 1536w, https:\/\/teodorabcn.com\/wp-content\/uploads\/2024\/01\/terrazas-estilo-mediterraneo-mobiliario-18x10.jpg 18w\" sizes=\"(max-width: 1920px) 100vw, 1920px\" \/><\/p>\n<p>&nbsp;<\/p>\n<h2><b>Vestir la terrassa amb tons mediterranis<\/b><b><\/b><\/h2>\n<p><span style=\"font-weight: 400;\">Decorar la terrassa amb coixins i catifes d'exterior ens ajudaran a personalitzar la terrassa.<\/span><\/p>\n<p><b>Coixins<\/b><span style=\"font-weight: 400;\">: recomanem <\/span><b>combinar coixins de colors clars<\/b><span style=\"font-weight: 400;\"> com el sorra o blancs trencats, real\u00e7ats amb algun toc puntual de <\/span><b>colors mediterranis<\/b><span style=\"font-weight: 400;\"> com els blaus (blau mar\u00ed, blau turquesa, blau clar, blau mitj\u00e0) o verds (verd roman\u00ed, verd cactus, verd aigua) o grocs i torrats. Aquests colors aporten frescor, creant un equilibri perfecte entre la terrassa i la naturalesa que l'envolta. Et convidem a experimentar i explorar diferents combinacions.<\/span><\/p>\n<p><b>Catifes d'exterior:<\/b><span style=\"font-weight: 400;\"> aquest accesori et permetr\u00e0 donar <\/span><b>calidesa i definir les zones de la teva terrassa<\/b><span style=\"font-weight: 400;\">. Addicionalment, aporten un toc acollidor i contribueixen a l'est\u00e8tica general de l'espai. Les catifes per a \u00fas exterior estan confeccionades amb PET reciclatge per\u00f2 tenen un aspecte i tacte semblant al cot\u00f3. S\u00f3n molt resistents i es poden rentar f\u00e0cilment amb aigua. Tamb\u00e9 es poden utilitzar catifes de fibres naturals com el jute o l'espart en les zones cobertes sota porxo i que estiguin protegides de la pluja.<\/span><\/p>\n<p>&nbsp;<\/p>\n<h2><b>Il\u00b7luminaci\u00f3<\/b><\/h2>\n<p><span style=\"font-weight: 400;\">La il\u00b7luminaci\u00f3 ser\u00e0 clau per a convertir la teva terrassa en un lloc encantador durant les nits. Pots optar per<\/span><b> llums penjades<\/b><span style=\"font-weight: 400;\"> amb pantalles de<\/span><b> fibres naturals o garlandes de bombetes de revetlla.<\/b><span style=\"font-weight: 400;\"> Les <\/span><b>llums de peu o de s\u00f2l port\u00e0tils<\/b><span style=\"font-weight: 400;\"> tamb\u00e9 t'ajudaran a crear una atmosfera perfecta, que podr\u00e0s anar movent segons les diferents necessitats. Per a tenir un ambient m\u00e0gic i acollidor durant les nits, integra focus de llum entre les plantes.<\/span><\/p>\n<p><span style=\"font-weight: 400;\">La \u00faltima recomanaci\u00f3 \u00e9s utilitzar sempre <\/span><b>bombetes c\u00e0lides<\/b><span style=\"font-weight: 400;\"> (m\u00e0xim 2700k) per a mantenir la sensaci\u00f3 mediterr\u00e0nia. Li donen una aura a l'espai molt especial que convida a passar temps en ell.<\/span><\/p>\n<p><img decoding=\"async\" class=\"aligncenter wp-image-1918 size-full\" src=\"https:\/\/teodorabcn.com\/wp-content\/uploads\/2024\/01\/terrazas-estilo-mediterraneo-iluminacion.jpg\" alt=\"terrazas-estilo-mediterraneo-iluminacion\" width=\"1920\" height=\"1080\" srcset=\"https:\/\/teodorabcn.com\/wp-content\/uploads\/2024\/01\/terrazas-estilo-mediterraneo-iluminacion.jpg 1920w, https:\/\/teodorabcn.com\/wp-content\/uploads\/2024\/01\/terrazas-estilo-mediterraneo-iluminacion-300x169.jpg 300w, https:\/\/teodorabcn.com\/wp-content\/uploads\/2024\/01\/terrazas-estilo-mediterraneo-iluminacion-1024x576.jpg 1024w, https:\/\/teodorabcn.com\/wp-content\/uploads\/2024\/01\/terrazas-estilo-mediterraneo-iluminacion-768x432.jpg 768w, https:\/\/teodorabcn.com\/wp-content\/uploads\/2024\/01\/terrazas-estilo-mediterraneo-iluminacion-1536x864.jpg 1536w, https:\/\/teodorabcn.com\/wp-content\/uploads\/2024\/01\/terrazas-estilo-mediterraneo-iluminacion-18x10.jpg 18w\" sizes=\"(max-width: 1920px) 100vw, 1920px\" \/><\/p>\n<p>&nbsp;<\/p>\n<h2><b>Distribuci\u00f3 de l'espai<\/b><b><\/b><\/h2>\n<p><span style=\"font-weight: 400;\">Ser\u00e0 important <\/span><b>optimitzar<\/b><span style=\"font-weight: 400;\"> l'espai de la teva terrassa. Si \u00e9s possible, <\/span><b>divideix-lo en tres \u00e0rees espec\u00edfiques<\/b><span style=\"font-weight: 400;\"> pensades per a menjar, relaxar-se i gaudir del sol. D'aquesta manera, garanteixes una funcionalitat \u00f2ptima i una experi\u00e8ncia completa.\u00a0<\/span><\/p>\n<ul>\n<li style=\"font-weight: 400;\" aria-level=\"1\"><b>Menjador:<\/b><span style=\"font-weight: 400;\"> com d\u00e8iem, un espai per a gaudir d'un bon menjar i sobretaula a l'aire lliure.<\/span><\/li>\n<li style=\"font-weight: 400;\" aria-level=\"1\"><b>Zona d'estar:<\/b><span style=\"font-weight: 400;\"> per a relaxar-nos i ocupar el nostre temps lliure en un lloc c\u00f2mode i pr\u00e0ctic. Idealment, un espai on poder resguardar-se del sol.<\/span><\/li>\n<li style=\"font-weight: 400;\" aria-level=\"1\"><b>Sol\u00e0rium: <\/b><span style=\"font-weight: 400;\">com b\u00e9 indica el seu nom, una zona per a gaudir d'estones al sol.<\/span><\/li>\n<\/ul>\n<p><span style=\"font-weight: 400;\">En el cas de comptar amb l'espai, tamb\u00e9 pots afegir una<\/span><b> cuina exterior <\/b><span style=\"font-weight: 400;\">que inclogui una barbacoa, pica i nevera. Aix\u00f2 convertir\u00e0 la teva terrassa en un espai m\u00e9s vers\u00e0til i ideal per a menjars a l'aire lliure i reunions familiars o amb amics.<\/span><\/p>\n<p><img loading=\"lazy\" decoding=\"async\" class=\"aligncenter wp-image-1919 size-full\" src=\"https:\/\/teodorabcn.com\/wp-content\/uploads\/2024\/01\/terrazas-estilo-mediterraneo-distribucion.jpg\" alt=\"terrazas-estilo-mediterraneo-distribucion\" width=\"1920\" height=\"1080\" srcset=\"https:\/\/teodorabcn.com\/wp-content\/uploads\/2024\/01\/terrazas-estilo-mediterraneo-distribucion.jpg 1920w, https:\/\/teodorabcn.com\/wp-content\/uploads\/2024\/01\/terrazas-estilo-mediterraneo-distribucion-300x169.jpg 300w, https:\/\/teodorabcn.com\/wp-content\/uploads\/2024\/01\/terrazas-estilo-mediterraneo-distribucion-1024x576.jpg 1024w, https:\/\/teodorabcn.com\/wp-content\/uploads\/2024\/01\/terrazas-estilo-mediterraneo-distribucion-768x432.jpg 768w, https:\/\/teodorabcn.com\/wp-content\/uploads\/2024\/01\/terrazas-estilo-mediterraneo-distribucion-1536x864.jpg 1536w, https:\/\/teodorabcn.com\/wp-content\/uploads\/2024\/01\/terrazas-estilo-mediterraneo-distribucion-18x10.jpg 18w\" sizes=\"(max-width: 1920px) 100vw, 1920px\" \/><\/p>\n<p>&nbsp;<\/p>\n<h2><b>Vegetaci\u00f3 aut\u00f2ctona<\/b><b><\/b><\/h2>\n<p><span style=\"font-weight: 400;\">Aconsegueix una<\/span> <strong>imatge org\u00e0nica<\/strong><span style=\"font-weight: 400;\"> amb grups de testos de fang i <\/span><b>combina arbres o arbustos alts amb plantes arom\u00e0tiques. <\/b><span style=\"font-weight: 400;\">Afegeix tamb\u00e9 plantes aut\u00f2ctones com<\/span><b> els olivers, c\u00edtrics i magraners<\/b><span style=\"font-weight: 400;\">, juntament amb <\/span><b>enfiladisses<\/b><span style=\"font-weight: 400;\"> com la buguenv\u00edl\u00b7lia o el gessam\u00ed per a tenir un ambient aut\u00e8ntic i mediterrani.<\/span><\/p>\n<p><span style=\"font-weight: 400;\">L'objectiu \u00e9s integrar la flora mediterr\u00e0nia; <\/span><b>que la terrassa sigui una extensi\u00f3 de la naturalesa mediterr\u00e0nia.<\/b><span style=\"font-weight: 400;\"> Sobretot, emfatitzem la import\u00e0ncia de triar acuradament les plantes, de manera que siguin fidels a la realitat mediterr\u00e0nia.\u00a0<\/span><\/p>\n<p>&nbsp;<\/p>\n<h2><b>Sostenibilitat<\/b><b><\/b><\/h2>\n<p><span style=\"font-weight: 400;\">La terrassa ideal \u00e9s tamb\u00e9 una terrassa <\/span><b>de baix manteniment, poc consum d'aigua, ecol\u00f2gica i org\u00e0nica<\/b><span style=\"font-weight: 400;\">. En sintonia amb el paisatge, crea una terrassa que no sols sigui visualment bella, sin\u00f3 tamb\u00e9 respectuosa amb l'entorn. Aix\u00f2 ser\u00e0 fonamental per a poder gaudir de la teva terrassa durant molt de temps.<\/span><\/p>","protected":false},"excerpt":{"rendered":"<p>Explorem les claus essencials per a dissenyar terrasses estil mediterrani. Et guiem pas a pas per a transformar el teu espai a l'aire lliure en un oasi mediterrani que reflecteixi la bellesa de la naturalesa i el nostre entorn pr\u00f2xim.<\/p>","protected":false},"author":4,"featured_media":2734,"comment_status":"closed","ping_status":"closed","sticky":false,"template":"","format":"standard","meta":{"footnotes":""},"categories":[1],"tags":[],"class_list":["post-1344","post","type-post","status-publish","format-standard","has-post-thumbnail","hentry","category-sin-categorizar"],"yoast_head":"<!-- This site is optimized with the Yoast SEO plugin v26.6 - https:\/\/yoast.com\/wordpress\/plugins\/seo\/ -->\n<title>Terrazas estilo mediterr\u00e1neo: puntos clave para su dise\u00f1o - Teodora<\/title>\n<meta name=\"description\" content=\"Exploramos las claves esenciales para dise\u00f1ar terrazas estilo mediterr\u00e1neo. Transforma tu espacio al aire libre en un oasis mediterr\u00e1neo.\" \/>\n<meta name=\"robots\" content=\"index, follow, max-snippet:-1, max-image-preview:large, max-video-preview:-1\" \/>\n<link rel=\"canonical\" href=\"https:\/\/teodorabcn.com\/ca\/terrazas-estilo-mediterraneo\/\" \/>\n<meta property=\"og:locale\" content=\"ca_ES\" \/>\n<meta property=\"og:type\" content=\"article\" \/>\n<meta property=\"og:title\" content=\"Terrazas estilo mediterr\u00e1neo: puntos clave para su dise\u00f1o - Teodora\" \/>\n<meta property=\"og:description\" content=\"Exploramos las claves esenciales para dise\u00f1ar terrazas estilo mediterr\u00e1neo. Transforma tu espacio al aire libre en un oasis mediterr\u00e1neo.\" \/>\n<meta property=\"og:url\" content=\"https:\/\/teodorabcn.com\/ca\/terrazas-estilo-mediterraneo\/\" \/>\n<meta property=\"og:site_name\" content=\"Teodora\" \/>\n<meta property=\"article:publisher\" content=\"https:\/\/www.facebook.com\/profile.php?id=61550838347854\" \/>\n<meta property=\"article:published_time\" content=\"2024-01-08T15:45:36+00:00\" \/>\n<meta property=\"article:modified_time\" content=\"2025-03-19T10:52:09+00:00\" \/>\n<meta property=\"og:image\" content=\"https:\/\/teodorabcn.com\/wp-content\/uploads\/2024\/01\/terrazas-estilo-mediterraneo.jpg\" \/>\n\t<meta property=\"og:image:width\" content=\"1920\" \/>\n\t<meta property=\"og:image:height\" content=\"1080\" \/>\n\t<meta property=\"og:image:type\" content=\"image\/jpeg\" \/>\n<meta name=\"author\" content=\"Borja\" \/>\n<meta name=\"twitter:card\" content=\"summary_large_image\" \/>\n<meta name=\"twitter:label1\" content=\"Escrit per\" \/>\n\t<meta name=\"twitter:data1\" content=\"Borja\" \/>\n\t<meta name=\"twitter:label2\" content=\"Temps estimat de lectura\" \/>\n\t<meta name=\"twitter:data2\" content=\"5 minuts\" \/>\n<script type=\"application\/ld+json\" class=\"yoast-schema-graph\">{\"@context\":\"https:\/\/schema.org\",\"@graph\":[{\"@type\":\"Article\",\"@id\":\"https:\/\/teodorabcn.com\/terrazas-estilo-mediterraneo\/#article\",\"isPartOf\":{\"@id\":\"https:\/\/teodorabcn.com\/terrazas-estilo-mediterraneo\/\"},\"author\":{\"name\":\"Borja\",\"@id\":\"https:\/\/teodorabcn.com\/#\/schema\/person\/37a86a5b0fcaa1c21abddf6adb873561\"},\"headline\":\"Terrazas estilo mediterr\u00e1neo: puntos clave para su dise\u00f1o\",\"datePublished\":\"2024-01-08T15:45:36+00:00\",\"dateModified\":\"2025-03-19T10:52:09+00:00\",\"mainEntityOfPage\":{\"@id\":\"https:\/\/teodorabcn.com\/terrazas-estilo-mediterraneo\/\"},\"wordCount\":936,\"publisher\":{\"@id\":\"https:\/\/teodorabcn.com\/#organization\"},\"image\":{\"@id\":\"https:\/\/teodorabcn.com\/terrazas-estilo-mediterraneo\/#primaryimage\"},\"thumbnailUrl\":\"https:\/\/teodorabcn.com\/wp-content\/uploads\/2024\/01\/terrazas-estilo-mediterraneo.jpg\",\"articleSection\":[\"Sin categorizar\"],\"inLanguage\":\"ca\"},{\"@type\":\"WebPage\",\"@id\":\"https:\/\/teodorabcn.com\/terrazas-estilo-mediterraneo\/\",\"url\":\"https:\/\/teodorabcn.com\/terrazas-estilo-mediterraneo\/\",\"name\":\"Terrazas estilo mediterr\u00e1neo: puntos clave para su dise\u00f1o - Teodora\",\"isPartOf\":{\"@id\":\"https:\/\/teodorabcn.com\/#website\"},\"primaryImageOfPage\":{\"@id\":\"https:\/\/teodorabcn.com\/terrazas-estilo-mediterraneo\/#primaryimage\"},\"image\":{\"@id\":\"https:\/\/teodorabcn.com\/terrazas-estilo-mediterraneo\/#primaryimage\"},\"thumbnailUrl\":\"https:\/\/teodorabcn.com\/wp-content\/uploads\/2024\/01\/terrazas-estilo-mediterraneo.jpg\",\"datePublished\":\"2024-01-08T15:45:36+00:00\",\"dateModified\":\"2025-03-19T10:52:09+00:00\",\"description\":\"Exploramos las claves esenciales para dise\u00f1ar terrazas estilo mediterr\u00e1neo. Transforma tu espacio al aire libre en un oasis mediterr\u00e1neo.\",\"breadcrumb\":{\"@id\":\"https:\/\/teodorabcn.com\/terrazas-estilo-mediterraneo\/#breadcrumb\"},\"inLanguage\":\"ca\",\"potentialAction\":[{\"@type\":\"ReadAction\",\"target\":[\"https:\/\/teodorabcn.com\/terrazas-estilo-mediterraneo\/\"]}]},{\"@type\":\"ImageObject\",\"inLanguage\":\"ca\",\"@id\":\"https:\/\/teodorabcn.com\/terrazas-estilo-mediterraneo\/#primaryimage\",\"url\":\"https:\/\/teodorabcn.com\/wp-content\/uploads\/2024\/01\/terrazas-estilo-mediterraneo.jpg\",\"contentUrl\":\"https:\/\/teodorabcn.com\/wp-content\/uploads\/2024\/01\/terrazas-estilo-mediterraneo.jpg\",\"width\":1920,\"height\":1080,\"caption\":\"terrazas-estilo-mediterraneo\"},{\"@type\":\"BreadcrumbList\",\"@id\":\"https:\/\/teodorabcn.com\/terrazas-estilo-mediterraneo\/#breadcrumb\",\"itemListElement\":[{\"@type\":\"ListItem\",\"position\":1,\"name\":\"Portada\",\"item\":\"https:\/\/teodorabcn.com\/\"},{\"@type\":\"ListItem\",\"position\":2,\"name\":\"Terrazas estilo mediterr\u00e1neo: puntos clave para su dise\u00f1o\"}]},{\"@type\":\"WebSite\",\"@id\":\"https:\/\/teodorabcn.com\/#website\",\"url\":\"https:\/\/teodorabcn.com\/\",\"name\":\"Teodora Exteriorismo\",\"description\":\"Creamos terrazas y jardines con car\u00e1cter.\",\"publisher\":{\"@id\":\"https:\/\/teodorabcn.com\/#organization\"},\"alternateName\":\"Teodora\",\"potentialAction\":[{\"@type\":\"SearchAction\",\"target\":{\"@type\":\"EntryPoint\",\"urlTemplate\":\"https:\/\/teodorabcn.com\/?s={search_term_string}\"},\"query-input\":{\"@type\":\"PropertyValueSpecification\",\"valueRequired\":true,\"valueName\":\"search_term_string\"}}],\"inLanguage\":\"ca\"},{\"@type\":\"Organization\",\"@id\":\"https:\/\/teodorabcn.com\/#organization\",\"name\":\"Teodora Exteriorismo\",\"alternateName\":\"Teodora\",\"url\":\"https:\/\/teodorabcn.com\/\",\"logo\":{\"@type\":\"ImageObject\",\"inLanguage\":\"ca\",\"@id\":\"https:\/\/teodorabcn.com\/#\/schema\/logo\/image\/\",\"url\":\"https:\/\/teodorabcn.com\/wp-content\/uploads\/2023\/10\/Teodora_logo-_EXT-Ok-ESP-e1706538305612.jpg\",\"contentUrl\":\"https:\/\/teodorabcn.com\/wp-content\/uploads\/2023\/10\/Teodora_logo-_EXT-Ok-ESP-e1706538305612.jpg\",\"width\":1540,\"height\":573,\"caption\":\"Teodora Exteriorismo\"},\"image\":{\"@id\":\"https:\/\/teodorabcn.com\/#\/schema\/logo\/image\/\"},\"sameAs\":[\"https:\/\/www.facebook.com\/profile.php?id=61550838347854\",\"https:\/\/www.instagram.com\/teodora.exteriorismo\/?hl=es\",\"https:\/\/www.pinterest.es\/teodora_exteriorismo\/\",\"https:\/\/www.linkedin.com\/company\/teodora-bcn-exteriorismo\/\"]},{\"@type\":\"Person\",\"@id\":\"https:\/\/teodorabcn.com\/#\/schema\/person\/37a86a5b0fcaa1c21abddf6adb873561\",\"name\":\"Borja\",\"image\":{\"@type\":\"ImageObject\",\"inLanguage\":\"ca\",\"@id\":\"https:\/\/teodorabcn.com\/#\/schema\/person\/image\/\",\"url\":\"https:\/\/secure.gravatar.com\/avatar\/f2ed8804c3ff9ca239d6113506ad4c491ff583257ff77ddc6f23de01c3303c6c?s=96&d=mm&r=g\",\"contentUrl\":\"https:\/\/secure.gravatar.com\/avatar\/f2ed8804c3ff9ca239d6113506ad4c491ff583257ff77ddc6f23de01c3303c6c?s=96&d=mm&r=g\",\"caption\":\"Borja\"},\"url\":\"https:\/\/teodorabcn.com\/ca\/author\/borja\/\"}]}<\/script>\n<!-- \/ Yoast SEO plugin. -->","yoast_head_json":{"title":"Terrazas estilo mediterr\u00e1neo: puntos clave para su dise\u00f1o - Teodora","description":"Exploramos las claves esenciales para dise\u00f1ar terrazas estilo mediterr\u00e1neo. Transforma tu espacio al aire libre en un oasis mediterr\u00e1neo.","robots":{"index":"index","follow":"follow","max-snippet":"max-snippet:-1","max-image-preview":"max-image-preview:large","max-video-preview":"max-video-preview:-1"},"canonical":"https:\/\/teodorabcn.com\/ca\/terrazas-estilo-mediterraneo\/","og_locale":"ca_ES","og_type":"article","og_title":"Terrazas estilo mediterr\u00e1neo: puntos clave para su dise\u00f1o - Teodora","og_description":"Exploramos las claves esenciales para dise\u00f1ar terrazas estilo mediterr\u00e1neo. Transforma tu espacio al aire libre en un oasis mediterr\u00e1neo.","og_url":"https:\/\/teodorabcn.com\/ca\/terrazas-estilo-mediterraneo\/","og_site_name":"Teodora","article_publisher":"https:\/\/www.facebook.com\/profile.php?id=61550838347854","article_published_time":"2024-01-08T15:45:36+00:00","article_modified_time":"2025-03-19T10:52:09+00:00","og_image":[{"width":1920,"height":1080,"url":"https:\/\/teodorabcn.com\/wp-content\/uploads\/2024\/01\/terrazas-estilo-mediterraneo.jpg","type":"image\/jpeg"}],"author":"Borja","twitter_card":"summary_large_image","twitter_misc":{"Escrit per":"Borja","Temps estimat de lectura":"5 minuts"},"schema":{"@context":"https:\/\/schema.org","@graph":[{"@type":"Article","@id":"https:\/\/teodorabcn.com\/terrazas-estilo-mediterraneo\/#article","isPartOf":{"@id":"https:\/\/teodorabcn.com\/terrazas-estilo-mediterraneo\/"},"author":{"name":"Borja","@id":"https:\/\/teodorabcn.com\/#\/schema\/person\/37a86a5b0fcaa1c21abddf6adb873561"},"headline":"Terrazas estilo mediterr\u00e1neo: puntos clave para su dise\u00f1o","datePublished":"2024-01-08T15:45:36+00:00","dateModified":"2025-03-19T10:52:09+00:00","mainEntityOfPage":{"@id":"https:\/\/teodorabcn.com\/terrazas-estilo-mediterraneo\/"},"wordCount":936,"publisher":{"@id":"https:\/\/teodorabcn.com\/#organization"},"image":{"@id":"https:\/\/teodorabcn.com\/terrazas-estilo-mediterraneo\/#primaryimage"},"thumbnailUrl":"https:\/\/teodorabcn.com\/wp-content\/uploads\/2024\/01\/terrazas-estilo-mediterraneo.jpg","articleSection":["Sin categorizar"],"inLanguage":"ca"},{"@type":"WebPage","@id":"https:\/\/teodorabcn.com\/terrazas-estilo-mediterraneo\/","url":"https:\/\/teodorabcn.com\/terrazas-estilo-mediterraneo\/","name":"Terrazas estilo mediterr\u00e1neo: puntos clave para su dise\u00f1o - Teodora","isPartOf":{"@id":"https:\/\/teodorabcn.com\/#website"},"primaryImageOfPage":{"@id":"https:\/\/teodorabcn.com\/terrazas-estilo-mediterraneo\/#primaryimage"},"image":{"@id":"https:\/\/teodorabcn.com\/terrazas-estilo-mediterraneo\/#primaryimage"},"thumbnailUrl":"https:\/\/teodorabcn.com\/wp-content\/uploads\/2024\/01\/terrazas-estilo-mediterraneo.jpg","datePublished":"2024-01-08T15:45:36+00:00","dateModified":"2025-03-19T10:52:09+00:00","description":"Exploramos las claves esenciales para dise\u00f1ar terrazas estilo mediterr\u00e1neo. Transforma tu espacio al aire libre en un oasis mediterr\u00e1neo.","breadcrumb":{"@id":"https:\/\/teodorabcn.com\/terrazas-estilo-mediterraneo\/#breadcrumb"},"inLanguage":"ca","potentialAction":[{"@type":"ReadAction","target":["https:\/\/teodorabcn.com\/terrazas-estilo-mediterraneo\/"]}]},{"@type":"ImageObject","inLanguage":"ca","@id":"https:\/\/teodorabcn.com\/terrazas-estilo-mediterraneo\/#primaryimage","url":"https:\/\/teodorabcn.com\/wp-content\/uploads\/2024\/01\/terrazas-estilo-mediterraneo.jpg","contentUrl":"https:\/\/teodorabcn.com\/wp-content\/uploads\/2024\/01\/terrazas-estilo-mediterraneo.jpg","width":1920,"height":1080,"caption":"terrazas-estilo-mediterraneo"},{"@type":"BreadcrumbList","@id":"https:\/\/teodorabcn.com\/terrazas-estilo-mediterraneo\/#breadcrumb","itemListElement":[{"@type":"ListItem","position":1,"name":"Portada","item":"https:\/\/teodorabcn.com\/"},{"@type":"ListItem","position":2,"name":"Terrazas estilo mediterr\u00e1neo: puntos clave para su dise\u00f1o"}]},{"@type":"WebSite","@id":"https:\/\/teodorabcn.com\/#website","url":"https:\/\/teodorabcn.com\/","name":"Teodora Exteriorisme","description":"Creamos terrazas y jardines con car\u00e1cter.","publisher":{"@id":"https:\/\/teodorabcn.com\/#organization"},"alternateName":"Teodora","potentialAction":[{"@type":"SearchAction","target":{"@type":"EntryPoint","urlTemplate":"https:\/\/teodorabcn.com\/?s={search_term_string}"},"query-input":{"@type":"PropertyValueSpecification","valueRequired":true,"valueName":"search_term_string"}}],"inLanguage":"ca"},{"@type":"Organization","@id":"https:\/\/teodorabcn.com\/#organization","name":"Teodora Exteriorisme","alternateName":"Teodora","url":"https:\/\/teodorabcn.com\/","logo":{"@type":"ImageObject","inLanguage":"ca","@id":"https:\/\/teodorabcn.com\/#\/schema\/logo\/image\/","url":"https:\/\/teodorabcn.com\/wp-content\/uploads\/2023\/10\/Teodora_logo-_EXT-Ok-ESP-e1706538305612.jpg","contentUrl":"https:\/\/teodorabcn.com\/wp-content\/uploads\/2023\/10\/Teodora_logo-_EXT-Ok-ESP-e1706538305612.jpg","width":1540,"height":573,"caption":"Teodora Exteriorismo"},"image":{"@id":"https:\/\/teodorabcn.com\/#\/schema\/logo\/image\/"},"sameAs":["https:\/\/www.facebook.com\/profile.php?id=61550838347854","https:\/\/www.instagram.com\/teodora.exteriorismo\/?hl=es","https:\/\/www.pinterest.es\/teodora_exteriorismo\/","https:\/\/www.linkedin.com\/company\/teodora-bcn-exteriorismo\/"]},{"@type":"Person","@id":"https:\/\/teodorabcn.com\/#\/schema\/person\/37a86a5b0fcaa1c21abddf6adb873561","name":"Borja","image":{"@type":"ImageObject","inLanguage":"ca","@id":"https:\/\/teodorabcn.com\/#\/schema\/person\/image\/","url":"https:\/\/secure.gravatar.com\/avatar\/f2ed8804c3ff9ca239d6113506ad4c491ff583257ff77ddc6f23de01c3303c6c?s=96&d=mm&r=g","contentUrl":"https:\/\/secure.gravatar.com\/avatar\/f2ed8804c3ff9ca239d6113506ad4c491ff583257ff77ddc6f23de01c3303c6c?s=96&d=mm&r=g","caption":"Borja"},"url":"https:\/\/teodorabcn.com\/ca\/author\/borja\/"}]}},"_links":{"self":[{"href":"https:\/\/teodorabcn.com\/ca\/wp-json\/wp\/v2\/posts\/1344","targetHints":{"allow":["GET"]}}],"collection":[{"href":"https:\/\/teodorabcn.com\/ca\/wp-json\/wp\/v2\/posts"}],"about":[{"href":"https:\/\/teodorabcn.com\/ca\/wp-json\/wp\/v2\/types\/post"}],"author":[{"embeddable":true,"href":"https:\/\/teodorabcn.com\/ca\/wp-json\/wp\/v2\/users\/4"}],"replies":[{"embeddable":true,"href":"https:\/\/teodorabcn.com\/ca\/wp-json\/wp\/v2\/comments?post=1344"}],"version-history":[{"count":25,"href":"https:\/\/teodorabcn.com\/ca\/wp-json\/wp\/v2\/posts\/1344\/revisions"}],"predecessor-version":[{"id":2010,"href":"https:\/\/teodorabcn.com\/ca\/wp-json\/wp\/v2\/posts\/1344\/revisions\/2010"}],"wp:featuredmedia":[{"embeddable":true,"href":"https:\/\/teodorabcn.com\/ca\/wp-json\/wp\/v2\/media\/2734"}],"wp:attachment":[{"href":"https:\/\/teodorabcn.com\/ca\/wp-json\/wp\/v2\/media?parent=1344"}],"wp:term":[{"taxonomy":"category","embeddable":true,"href":"https:\/\/teodorabcn.com\/ca\/wp-json\/wp\/v2\/categories?post=1344"},{"taxonomy":"post_tag","embeddable":true,"href":"https:\/\/teodorabcn.com\/ca\/wp-json\/wp\/v2\/tags?post=1344"}],"curies":[{"name":"wp","href":"https:\/\/api.w.org\/{rel}","templated":true}]}}